{"id":4247,"date":"2022-05-05T11:38:20","date_gmt":"2022-05-05T09:38:20","guid":{"rendered":"https:\/\/agora.xtec.cat\/insneuscatala\/?p=4247"},"modified":"2022-05-05T11:38:20","modified_gmt":"2022-05-05T09:38:20","slug":"taller-art-urba-a-vip-de-4t-deso","status":"publish","type":"post","link":"https:\/\/agora.xtec.cat\/insneuscatala\/general\/taller-art-urba-a-vip-de-4t-deso\/","title":{"rendered":"Taller art urb\u00e0 a ViP de 4t d&#8217;ESO"},"content":{"rendered":"<p>Durant una setmana, l&#8217;alumnat de l&#8217;optativa de Visual i Pl\u00e0stica de 4rt d&#8217;ESO ha realitzat un petit taller d&#8217;art urb\u00e0 on han treballat conceptes que giren al voltant del Dia Escolar de la No-Viol\u00e8ncia i la Pau (DENIP).<\/p>\n<p>Aquest taller ha estat impulsat per l\u2019\u00e0rea de Joventut, Solidaritat i Cooperaci\u00f3 de l&#8217;Ajuntament de Cornell\u00e0 de Llobregat i dirigit per\u00a0<a href=\"https:\/\/www.instagram.com\/b.murals\/\" target=\"_blank\" rel=\"noopener\" data-saferedirecturl=\"https:\/\/www.google.com\/url?q=https:\/\/www.instagram.com\/b.murals\/&amp;source=gmail&amp;ust=1651817228614000&amp;usg=AOvVaw0Uj3rZOeFMwunuCN7WBTL0\">B-Murals<\/a>\u00a0i l&#8217;artista\u00a0<a href=\"https:\/\/www.instagram.com\/blahcaduco\/\" target=\"_blank\" rel=\"noopener\" data-saferedirecturl=\"https:\/\/www.google.com\/url?q=https:\/\/www.instagram.com\/blahcaduco\/&amp;source=gmail&amp;ust=1651817228614000&amp;usg=AOvVaw03hrh05K8ChVzupJSVRAGC\">Jan Vallverd\u00fa<\/a>\u00a0que ha apropat la seva manera de treballar a l&#8217;alumnat ensenyant-nos a trencar l\u00edmits i buscar solucions per arribar on volem.<\/p>\n<p>En primer lloc s&#8217;ha treballat a l&#8217;aula, pensant, investigant, buscant binomis entre imatge i concepte i posteriorment s&#8217;han conjugat les diferents propostes establint un di\u00e0leg gr\u00e0fic que finalment s&#8217;ha traslladat a la fa\u00e7ana. El di\u00e0leg entre iguals, el creixement personal, la diversitat, la cooperaci\u00f3 i el respecte s\u00f3n alguns dels conceptes que van sortir i que l&#8217;alumnat ha intentat traduir en imatges.<\/p>\n<p>Durant el proc\u00e9s de treball a la fa\u00e7ana tamb\u00e9 ens ha acompanyat i ajudat l&#8217;artista Victor Vall\u00e9s.<\/p>\n<p>L\u2019experi\u00e8ncia, com sempre, ha estat molt enriquidora i ens ha perm\u00e8s trencar rutines, canviar de perspectiva i gaudir d&#8217;uns dies diferents on hem expandit la nostra creativitat i el nostre missatge de diversitat i cooperaci\u00f3 cap al barri.<\/p>\n<p>Ara tenim una entrada plena de colors i de missatges de futur.<\/p>\n<p>Aqu\u00ed teniu un recull de\u00a0<a href=\"https:\/\/photos.app.goo.gl\/ovQYE88dV9TDjXiW7\" target=\"_blank\" rel=\"noopener\" data-saferedirecturl=\"https:\/\/www.google.com\/url?q=https:\/\/drive.google.com\/drive\/folders\/1EbnwGxujl-cXoWloy6EfhQjECM5OMKk8?usp%3Dsharing&amp;source=gmail&amp;ust=1651817228615000&amp;usg=AOvVaw3nnVpPfM1lxmRXs8cOwK0L\">fotos<\/a>\u00a0del proc\u00e9s.<\/p>\n<p>#denip2022 #ajuntamentdecornella #bmurals #janvallverdu<\/p>\n<p><a href=\"https:\/\/agora.xtec.cat\/insneuscatala\/wp-content\/uploads\/usu292\/2022\/05\/Mural.jpg\"><img loading=\"lazy\" decoding=\"async\" class=\"aligncenter size-medium wp-image-4248\" src=\"https:\/\/agora.xtec.cat\/insneuscatala\/wp-content\/uploads\/usu292\/2022\/05\/Mural-300x169.jpg\" alt=\"\" width=\"300\" height=\"169\" srcset=\"https:\/\/agora.xtec.cat\/insneuscatala\/wp-content\/uploads\/usu292\/2022\/05\/Mural-300x169.jpg 300w, https:\/\/agora.xtec.cat\/insneuscatala\/wp-content\/uploads\/usu292\/2022\/05\/Mural.jpg 680w\" sizes=\"auto, (max-width: 300px) 100vw, 300px\" \/><\/a><\/p>\n<div><\/div>\n","protected":false},"excerpt":{"rendered":"<p>Durant una setmana, l&#8217;alumnat de l&#8217;optativa de Visual i Pl\u00e0stica de 4rt d&#8217;ESO ha realitzat un petit taller d&#8217;art urb\u00e0 on han treballat conceptes que giren al voltant del Dia Escolar de la No-Viol\u00e8ncia i la Pau (DENIP). Aquest taller ha estat impulsat per l\u2019\u00e0rea de Joventut, Solidaritat i Cooperaci\u00f3 de l&#8217;Ajuntament de Cornell\u00e0 de [&hellip;]<\/p>\n","protected":false},"author":1,"featured_media":4249,"comment_status":"open","ping_status":"closed","sticky":false,"template":"","format":"standard","meta":{"_bbp_topic_count":0,"_bbp_reply_count":0,"_bbp_total_topic_count":0,"_bbp_total_reply_count":0,"_bbp_voice_count":0,"_bbp_anonymous_reply_count":0,"_bbp_topic_count_hidden":0,"_bbp_reply_count_hidden":0,"_bbp_forum_subforum_count":0,"site-sidebar-layout":"default","site-content-layout":"","ast-site-content-layout":"","site-content-style":"default","site-sidebar-style":"default","ast-global-header-display":"","ast-banner-title-visibility":"","ast-main-header-display":"","ast-hfb-above-header-display":"","ast-hfb-below-header-display":"","ast-hfb-mobile-header-display":"","site-post-title":"","ast-breadcrumbs-content":"","ast-featured-img":"","footer-sml-layout":"","theme-transparent-header-meta":"","adv-header-id-meta":"","stick-header-meta":"","header-above-stick-meta":"","header-main-stick-meta":"","header-below-stick-meta":"","astra-migrate-meta-layouts":"default","ast-page-background-enabled":"default","ast-page-background-meta":{"desktop":{"background-color":"var(--ast-global-color-4)","background-image":"","background-repeat":"repeat","background-position":"center center","background-size":"auto","background-attachment":"scroll","background-type":"","background-media":"","overlay-type":"","overlay-color":"","overlay-opacity":"","overlay-gradient":""},"tablet":{"background-color":"","background-image":"","background-repeat":"repeat","background-position":"center center","background-size":"auto","background-attachment":"scroll","background-type":"","background-media":"","overlay-type":"","overlay-color":"","overlay-opacity":"","overlay-gradient":""},"mobile":{"background-color":"","background-image":"","background-repeat":"repeat","background-position":"center center","background-size":"auto","background-attachment":"scroll","background-type":"","background-media":"","overlay-type":"","overlay-color":"","overlay-opacity":"","overlay-gradient":""}},"ast-content-background-meta":{"desktop":{"background-color":"var(--ast-global-color-5)","background-image":"","background-repeat":"repeat","background-position":"center center","background-size":"auto","background-attachment":"scroll","background-type":"","background-media":"","overlay-type":"","overlay-color":"","overlay-opacity":"","overlay-gradient":""},"tablet":{"background-color":"var(--ast-global-color-5)","background-image":"","background-repeat":"repeat","background-position":"center center","background-size":"auto","background-attachment":"scroll","background-type":"","background-media":"","overlay-type":"","overlay-color":"","overlay-opacity":"","overlay-gradient":""},"mobile":{"background-color":"var(--ast-global-color-5)","background-image":"","background-repeat":"repeat","background-position":"center center","background-size":"auto","background-attachment":"scroll","background-type":"","background-media":"","overlay-type":"","overlay-color":"","overlay-opacity":"","overlay-gradient":""}},"footnotes":""},"categories":[69,1,29],"tags":[],"class_list":["post-4247","post","type-post","status-publish","format-standard","has-post-thumbnail","hentry","category-4eso","category-general","category-portada"],"post_mailing_queue_ids":[],"_links":{"self":[{"href":"https:\/\/agora.xtec.cat\/insneuscatala\/wp-json\/wp\/v2\/posts\/4247","targetHints":{"allow":["GET"]}}],"collection":[{"href":"https:\/\/agora.xtec.cat\/insneuscatala\/wp-json\/wp\/v2\/posts"}],"about":[{"href":"https:\/\/agora.xtec.cat\/insneuscatala\/wp-json\/wp\/v2\/types\/post"}],"author":[{"embeddable":true,"href":"https:\/\/agora.xtec.cat\/insneuscatala\/wp-json\/wp\/v2\/users\/1"}],"replies":[{"embeddable":true,"href":"https:\/\/agora.xtec.cat\/insneuscatala\/wp-json\/wp\/v2\/comments?post=4247"}],"version-history":[{"count":1,"href":"https:\/\/agora.xtec.cat\/insneuscatala\/wp-json\/wp\/v2\/posts\/4247\/revisions"}],"predecessor-version":[{"id":4250,"href":"https:\/\/agora.xtec.cat\/insneuscatala\/wp-json\/wp\/v2\/posts\/4247\/revisions\/4250"}],"wp:featuredmedia":[{"embeddable":true,"href":"https:\/\/agora.xtec.cat\/insneuscatala\/wp-json\/wp\/v2\/media\/4249"}],"wp:attachment":[{"href":"https:\/\/agora.xtec.cat\/insneuscatala\/wp-json\/wp\/v2\/media?parent=4247"}],"wp:term":[{"taxonomy":"category","embeddable":true,"href":"https:\/\/agora.xtec.cat\/insneuscatala\/wp-json\/wp\/v2\/categories?post=4247"},{"taxonomy":"post_tag","embeddable":true,"href":"https:\/\/agora.xtec.cat\/insneuscatala\/wp-json\/wp\/v2\/tags?post=4247"}],"curies":[{"name":"wp","href":"https:\/\/api.w.org\/{rel}","templated":true}]}}