{"id":4097,"date":"2021-11-27T13:21:39","date_gmt":"2021-11-27T12:21:39","guid":{"rendered":"https:\/\/agora.xtec.cat\/insneuscatala\/?p=4097"},"modified":"2021-11-27T13:21:39","modified_gmt":"2021-11-27T12:21:39","slug":"sortida-al-world-press-photo-al-cccb","status":"publish","type":"post","link":"https:\/\/agora.xtec.cat\/insneuscatala\/general\/sortida-al-world-press-photo-al-cccb\/","title":{"rendered":"Sortida al World Press Photo, al CCCB"},"content":{"rendered":"<p dir=\"ltr\">L&#8217;alumnat de les optatives de Filosofia i Visual i Pl\u00e0stica van anar a visitar l&#8217;exposici\u00f3 World Press Photo, organitzada per la Fundaci\u00f3 Photographic Social Vision, al CCCB.<\/p>\n<p>L&#8217;exposici\u00f3 est\u00e0 formada per les fotografies guanyadores i finalistes d&#8217;entre les m\u00e9s de 74.000 presentades al concurs internacional de fotoperiodisme i reflecteixen tot el que ha passat al m\u00f3n durant l&#8217;any 2020. La major part, in\u00e8dites al nostre pa\u00eds, s&#8217;han escollit per la seva qualitat visual excepcional i perqu\u00e8 ofereixen diferents perspectives al voltant de l\u2019actualitat global.<\/p>\n<p dir=\"ltr\">Temes com la desforestaci\u00f3, el moviment Black Lives Matter, conflictes b\u00e8l\u00b7lics oberts, maltractament animal&#8230; entre molts d&#8217;altres, que ajuden a obrir la mirada cap a aquestes realitats tan actuals.<\/p>\n<p dir=\"ltr\">L&#8217;objectiu \u00e9s aprendre a valorar les produccions d\u2019entorns geogr\u00e0fics i hist\u00f2rics diversos, situant-les en el seu context i tenint en compte la seva funci\u00f3, interrelacionant, a m\u00e9s, amb elements d&#8217;altres llenguatges art\u00edstics.<\/p>\n<p>Posteriorment debatrem i treballarem a l&#8217;aula la nostra visita a partir d&#8217;aquesta nova visi\u00f3 global adquirida. Noves paraules per a noves mirades.<\/p>\n<p dir=\"ltr\">En <span style=\"text-decoration: underline;\"><a href=\"https:\/\/photos.app.goo.gl\/8S7STDMX4Azm23GYA\" target=\"_blank\" rel=\"noopener\">aquest enlla\u00e7<\/a><\/span> podeu veure un recull de fotografies de la sortida.<\/p>\n<p dir=\"ltr\"><a href=\"https:\/\/agora.xtec.cat\/insneuscatala\/wp-content\/uploads\/usu292\/2021\/11\/IMG202111231101012.jpg\"><img loading=\"lazy\" decoding=\"async\" class=\"aligncenter size-medium wp-image-4098\" src=\"https:\/\/agora.xtec.cat\/insneuscatala\/wp-content\/uploads\/usu292\/2021\/11\/IMG202111231101012-300x172.jpg\" alt=\"\" width=\"300\" height=\"172\" srcset=\"https:\/\/agora.xtec.cat\/insneuscatala\/wp-content\/uploads\/usu292\/2021\/11\/IMG202111231101012-300x172.jpg 300w, https:\/\/agora.xtec.cat\/insneuscatala\/wp-content\/uploads\/usu292\/2021\/11\/IMG202111231101012-768x440.jpg 768w, https:\/\/agora.xtec.cat\/insneuscatala\/wp-content\/uploads\/usu292\/2021\/11\/IMG202111231101012.jpg 906w\" sizes=\"auto, (max-width: 300px) 100vw, 300px\" \/><\/a><\/p>\n","protected":false},"excerpt":{"rendered":"<p>L&#8217;alumnat de les optatives de Filosofia i Visual i Pl\u00e0stica van anar a visitar l&#8217;exposici\u00f3 World Press Photo, organitzada per la Fundaci\u00f3 Photographic Social Vision, al CCCB. L&#8217;exposici\u00f3 est\u00e0 formada per les fotografies guanyadores i finalistes d&#8217;entre les m\u00e9s de 74.000 presentades al concurs internacional de fotoperiodisme i reflecteixen tot el que ha passat al [&hellip;]<\/p>\n","protected":false},"author":1,"featured_media":4099,"comment_status":"open","ping_status":"closed","sticky":false,"template":"","format":"standard","meta":{"_bbp_topic_count":0,"_bbp_reply_count":0,"_bbp_total_topic_count":0,"_bbp_total_reply_count":0,"_bbp_voice_count":0,"_bbp_anonymous_reply_count":0,"_bbp_topic_count_hidden":0,"_bbp_reply_count_hidden":0,"_bbp_forum_subforum_count":0,"site-sidebar-layout":"default","site-content-layout":"","ast-site-content-layout":"","site-content-style":"default","site-sidebar-style":"default","ast-global-header-display":"","ast-banner-title-visibility":"","ast-main-header-display":"","ast-hfb-above-header-display":"","ast-hfb-below-header-display":"","ast-hfb-mobile-header-display":"","site-post-title":"","ast-breadcrumbs-content":"","ast-featured-img":"","footer-sml-layout":"","theme-transparent-header-meta":"","adv-header-id-meta":"","stick-header-meta":"","header-above-stick-meta":"","header-main-stick-meta":"","header-below-stick-meta":"","astra-migrate-meta-layouts":"default","ast-page-background-enabled":"default","ast-page-background-meta":{"desktop":{"background-color":"var(--ast-global-color-4)","background-image":"","background-repeat":"repeat","background-position":"center center","background-size":"auto","background-attachment":"scroll","background-type":"","background-media":"","overlay-type":"","overlay-color":"","overlay-opacity":"","overlay-gradient":""},"tablet":{"background-color":"","background-image":"","background-repeat":"repeat","background-position":"center center","background-size":"auto","background-attachment":"scroll","background-type":"","background-media":"","overlay-type":"","overlay-color":"","overlay-opacity":"","overlay-gradient":""},"mobile":{"background-color":"","background-image":"","background-repeat":"repeat","background-position":"center center","background-size":"auto","background-attachment":"scroll","background-type":"","background-media":"","overlay-type":"","overlay-color":"","overlay-opacity":"","overlay-gradient":""}},"ast-content-background-meta":{"desktop":{"background-color":"var(--ast-global-color-5)","background-image":"","background-repeat":"repeat","background-position":"center center","background-size":"auto","background-attachment":"scroll","background-type":"","background-media":"","overlay-type":"","overlay-color":"","overlay-opacity":"","overlay-gradient":""},"tablet":{"background-color":"var(--ast-global-color-5)","background-image":"","background-repeat":"repeat","background-position":"center center","background-size":"auto","background-attachment":"scroll","background-type":"","background-media":"","overlay-type":"","overlay-color":"","overlay-opacity":"","overlay-gradient":""},"mobile":{"background-color":"var(--ast-global-color-5)","background-image":"","background-repeat":"repeat","background-position":"center center","background-size":"auto","background-attachment":"scroll","background-type":"","background-media":"","overlay-type":"","overlay-color":"","overlay-opacity":"","overlay-gradient":""}},"footnotes":""},"categories":[69,1,29],"tags":[],"class_list":["post-4097","post","type-post","status-publish","format-standard","has-post-thumbnail","hentry","category-4eso","category-general","category-portada"],"post_mailing_queue_ids":[],"_links":{"self":[{"href":"https:\/\/agora.xtec.cat\/insneuscatala\/wp-json\/wp\/v2\/posts\/4097","targetHints":{"allow":["GET"]}}],"collection":[{"href":"https:\/\/agora.xtec.cat\/insneuscatala\/wp-json\/wp\/v2\/posts"}],"about":[{"href":"https:\/\/agora.xtec.cat\/insneuscatala\/wp-json\/wp\/v2\/types\/post"}],"author":[{"embeddable":true,"href":"https:\/\/agora.xtec.cat\/insneuscatala\/wp-json\/wp\/v2\/users\/1"}],"replies":[{"embeddable":true,"href":"https:\/\/agora.xtec.cat\/insneuscatala\/wp-json\/wp\/v2\/comments?post=4097"}],"version-history":[{"count":1,"href":"https:\/\/agora.xtec.cat\/insneuscatala\/wp-json\/wp\/v2\/posts\/4097\/revisions"}],"predecessor-version":[{"id":4100,"href":"https:\/\/agora.xtec.cat\/insneuscatala\/wp-json\/wp\/v2\/posts\/4097\/revisions\/4100"}],"wp:featuredmedia":[{"embeddable":true,"href":"https:\/\/agora.xtec.cat\/insneuscatala\/wp-json\/wp\/v2\/media\/4099"}],"wp:attachment":[{"href":"https:\/\/agora.xtec.cat\/insneuscatala\/wp-json\/wp\/v2\/media?parent=4097"}],"wp:term":[{"taxonomy":"category","embeddable":true,"href":"https:\/\/agora.xtec.cat\/insneuscatala\/wp-json\/wp\/v2\/categories?post=4097"},{"taxonomy":"post_tag","embeddable":true,"href":"https:\/\/agora.xtec.cat\/insneuscatala\/wp-json\/wp\/v2\/tags?post=4097"}],"curies":[{"name":"wp","href":"https:\/\/api.w.org\/{rel}","templated":true}]}}