{"id":4066,"date":"2021-10-26T12:26:48","date_gmt":"2021-10-26T10:26:48","guid":{"rendered":"https:\/\/agora.xtec.cat\/insneuscatala\/?p=4066"},"modified":"2021-10-26T17:51:06","modified_gmt":"2021-10-26T15:51:06","slug":"sortida-taller-a-lespai-fotografic-centre-civic-sant-ildefons","status":"publish","type":"post","link":"https:\/\/agora.xtec.cat\/insneuscatala\/general\/sortida-taller-a-lespai-fotografic-centre-civic-sant-ildefons\/","title":{"rendered":"Sortida-taller a l&#8217;Espai Fotogr\u00e0fic Centre C\u00edvic Sant Ildefons"},"content":{"rendered":"<p>Avui dimarts 26 d&#8217;octubre, l&#8217;alumnat de 4t d&#8217;ESO de l&#8217;optativa de Visual i Pl\u00e0stica ha realitzat un taller al voltant del llenguatge fotogr\u00e0fic a l&#8217;Espai Fotogr\u00e0fic Llobregat del Centre C\u00edvic de Sant Ildefons.<\/p>\n<p>L&#8217;objectiu de la visita era aprofundir en el m\u00f3n de la fotografia, en concret el g\u00e8nere del retrat (el selfie, tant de moda en la nostra societat actual) analitzant els elements que el componen i aprenent a valorar les produccions fotogr\u00e0fiques interrelacionant-les amb elements d&#8217;altres llenguatges art\u00edstics.<\/p>\n<p>Posteriorment han realitzat una pr\u00e0ctica a l&#8217;estudi fent de fot\u00f2grafs i alhora de models dels seus companys, aprenent a saber mirar i a deixar-se mirar pels altres.<\/p>\n<p>En <a href=\"https:\/\/photos.app.goo.gl\/WTtTbBjewLzn8u9TA\" target=\"_blank\" rel=\"noopener\">aquest enlla\u00e7<\/a> teniu l&#8217;\u00e0lbum de fotografies de la sortida-taller.<\/p>\n<p>Grans artistes!<\/p>\n<p>&nbsp;<\/p>\n<p><a href=\"https:\/\/agora.xtec.cat\/insneuscatala\/wp-content\/uploads\/usu292\/2021\/10\/IMG20211026121131.jpg\"><img loading=\"lazy\" decoding=\"async\" class=\"aligncenter size-medium wp-image-4067\" src=\"https:\/\/agora.xtec.cat\/insneuscatala\/wp-content\/uploads\/usu292\/2021\/10\/IMG20211026121131-300x300.jpg\" alt=\"\" width=\"300\" height=\"300\" srcset=\"https:\/\/agora.xtec.cat\/insneuscatala\/wp-content\/uploads\/usu292\/2021\/10\/IMG20211026121131-300x300.jpg 300w, https:\/\/agora.xtec.cat\/insneuscatala\/wp-content\/uploads\/usu292\/2021\/10\/IMG20211026121131-1024x1024.jpg 1024w, https:\/\/agora.xtec.cat\/insneuscatala\/wp-content\/uploads\/usu292\/2021\/10\/IMG20211026121131-150x150.jpg 150w, https:\/\/agora.xtec.cat\/insneuscatala\/wp-content\/uploads\/usu292\/2021\/10\/IMG20211026121131-768x768.jpg 768w, https:\/\/agora.xtec.cat\/insneuscatala\/wp-content\/uploads\/usu292\/2021\/10\/IMG20211026121131-1536x1536.jpg 1536w, https:\/\/agora.xtec.cat\/insneuscatala\/wp-content\/uploads\/usu292\/2021\/10\/IMG20211026121131-2048x2048.jpg 2048w\" sizes=\"auto, (max-width: 300px) 100vw, 300px\" \/><\/a><\/p>\n<p>&nbsp;<\/p>\n<div><\/div>\n<div><\/div>\n<div><\/div>\n","protected":false},"excerpt":{"rendered":"<p>Avui dimarts 26 d&#8217;octubre, l&#8217;alumnat de 4t d&#8217;ESO de l&#8217;optativa de Visual i Pl\u00e0stica ha realitzat un taller al voltant del llenguatge fotogr\u00e0fic a l&#8217;Espai Fotogr\u00e0fic Llobregat del Centre C\u00edvic de Sant Ildefons. L&#8217;objectiu de la visita era aprofundir en el m\u00f3n de la fotografia, en concret el g\u00e8nere del retrat (el selfie, tant de [&hellip;]<\/p>\n","protected":false},"author":1,"featured_media":4068,"comment_status":"open","ping_status":"closed","sticky":false,"template":"","format":"standard","meta":{"_bbp_topic_count":0,"_bbp_reply_count":0,"_bbp_total_topic_count":0,"_bbp_total_reply_count":0,"_bbp_voice_count":0,"_bbp_anonymous_reply_count":0,"_bbp_topic_count_hidden":0,"_bbp_reply_count_hidden":0,"_bbp_forum_subforum_count":0,"site-sidebar-layout":"default","site-content-layout":"","ast-site-content-layout":"","site-content-style":"default","site-sidebar-style":"default","ast-global-header-display":"","ast-banner-title-visibility":"","ast-main-header-display":"","ast-hfb-above-header-display":"","ast-hfb-below-header-display":"","ast-hfb-mobile-header-display":"","site-post-title":"","ast-breadcrumbs-content":"","ast-featured-img":"","footer-sml-layout":"","theme-transparent-header-meta":"","adv-header-id-meta":"","stick-header-meta":"","header-above-stick-meta":"","header-main-stick-meta":"","header-below-stick-meta":"","astra-migrate-meta-layouts":"default","ast-page-background-enabled":"default","ast-page-background-meta":{"desktop":{"background-color":"var(--ast-global-color-4)","background-image":"","background-repeat":"repeat","background-position":"center center","background-size":"auto","background-attachment":"scroll","background-type":"","background-media":"","overlay-type":"","overlay-color":"","overlay-opacity":"","overlay-gradient":""},"tablet":{"background-color":"","background-image":"","background-repeat":"repeat","background-position":"center center","background-size":"auto","background-attachment":"scroll","background-type":"","background-media":"","overlay-type":"","overlay-color":"","overlay-opacity":"","overlay-gradient":""},"mobile":{"background-color":"","background-image":"","background-repeat":"repeat","background-position":"center center","background-size":"auto","background-attachment":"scroll","background-type":"","background-media":"","overlay-type":"","overlay-color":"","overlay-opacity":"","overlay-gradient":""}},"ast-content-background-meta":{"desktop":{"background-color":"var(--ast-global-color-5)","background-image":"","background-repeat":"repeat","background-position":"center center","background-size":"auto","background-attachment":"scroll","background-type":"","background-media":"","overlay-type":"","overlay-color":"","overlay-opacity":"","overlay-gradient":""},"tablet":{"background-color":"var(--ast-global-color-5)","background-image":"","background-repeat":"repeat","background-position":"center center","background-size":"auto","background-attachment":"scroll","background-type":"","background-media":"","overlay-type":"","overlay-color":"","overlay-opacity":"","overlay-gradient":""},"mobile":{"background-color":"var(--ast-global-color-5)","background-image":"","background-repeat":"repeat","background-position":"center center","background-size":"auto","background-attachment":"scroll","background-type":"","background-media":"","overlay-type":"","overlay-color":"","overlay-opacity":"","overlay-gradient":""}},"footnotes":""},"categories":[69,1,29],"tags":[],"class_list":["post-4066","post","type-post","status-publish","format-standard","has-post-thumbnail","hentry","category-4eso","category-general","category-portada"],"post_mailing_queue_ids":[],"_links":{"self":[{"href":"https:\/\/agora.xtec.cat\/insneuscatala\/wp-json\/wp\/v2\/posts\/4066","targetHints":{"allow":["GET"]}}],"collection":[{"href":"https:\/\/agora.xtec.cat\/insneuscatala\/wp-json\/wp\/v2\/posts"}],"about":[{"href":"https:\/\/agora.xtec.cat\/insneuscatala\/wp-json\/wp\/v2\/types\/post"}],"author":[{"embeddable":true,"href":"https:\/\/agora.xtec.cat\/insneuscatala\/wp-json\/wp\/v2\/users\/1"}],"replies":[{"embeddable":true,"href":"https:\/\/agora.xtec.cat\/insneuscatala\/wp-json\/wp\/v2\/comments?post=4066"}],"version-history":[{"count":2,"href":"https:\/\/agora.xtec.cat\/insneuscatala\/wp-json\/wp\/v2\/posts\/4066\/revisions"}],"predecessor-version":[{"id":4070,"href":"https:\/\/agora.xtec.cat\/insneuscatala\/wp-json\/wp\/v2\/posts\/4066\/revisions\/4070"}],"wp:featuredmedia":[{"embeddable":true,"href":"https:\/\/agora.xtec.cat\/insneuscatala\/wp-json\/wp\/v2\/media\/4068"}],"wp:attachment":[{"href":"https:\/\/agora.xtec.cat\/insneuscatala\/wp-json\/wp\/v2\/media?parent=4066"}],"wp:term":[{"taxonomy":"category","embeddable":true,"href":"https:\/\/agora.xtec.cat\/insneuscatala\/wp-json\/wp\/v2\/categories?post=4066"},{"taxonomy":"post_tag","embeddable":true,"href":"https:\/\/agora.xtec.cat\/insneuscatala\/wp-json\/wp\/v2\/tags?post=4066"}],"curies":[{"name":"wp","href":"https:\/\/api.w.org\/{rel}","templated":true}]}}