{"id":4041,"date":"2021-10-09T10:00:44","date_gmt":"2021-10-09T08:00:44","guid":{"rendered":"https:\/\/agora.xtec.cat\/insneuscatala\/?p=4041"},"modified":"2021-10-09T10:22:22","modified_gmt":"2021-10-09T08:22:22","slug":"hem-celebrat-laniversari-de-naixement-de-la-neus-catala","status":"publish","type":"post","link":"https:\/\/agora.xtec.cat\/insneuscatala\/general\/hem-celebrat-laniversari-de-naixement-de-la-neus-catala\/","title":{"rendered":"Hem celebrat l&#8217;aniversari de naixement de la Neus Catal\u00e0"},"content":{"rendered":"<p>La Neus Catal\u00e0 va n\u00e9ixer als Guiamets el 6 d&#8217;octubre de 1915. A l&#8217;Institut, cada 6 d&#8217;octubre \u00e9s un dia important i motiu de celebraci\u00f3. Ens permet recordar la figura de la Neus Catal\u00e0 i comen\u00e7ar a compartir-la amb el nou alumnat de 1r d&#8217;ESO.<\/p>\n<p>Aquest any hem aprofitat per elaborar un llibre il\u00b7lustrat sobre la vida de la Neus Catal\u00e0. Cadascun dels grup-classe de l&#8217;Institut ha fet una foto i ha elaborat un petit text d&#8217;algun fragment de la vida de la nostra Neus. Estem molt satisfets del resultat final. Aqu\u00ed el podeu veure:<\/p>\n<p><a href=\"https:\/\/drive.google.com\/file\/d\/1iCtMgyhJ_aBV1UQWlh3aImp8N07QmQqH\/view?usp=sharing\" target=\"_blank\" rel=\"noopener\">Enlla\u00e7 al LLIBRE IL\u00b7LUSTRAT DE LA VIDA DE LA NEUS CATAL\u00c0<\/a><\/p>\n<p>Va ser un dia molt especial, en qu\u00e8 tamb\u00e9 vam aprofitar per inaugurar el quadre dedicat a la Neus Catal\u00e0 que va elaborar l&#8217;alumnat de Visual i Pl\u00e0stica de 4t d&#8217;ESO del curs 2020-2021, liderats per la nostra gran professora de ViP Elena Marco:<\/p>\n<p><a href=\"https:\/\/youtu.be\/VIQsOakAM1Q\" target=\"_blank\" rel=\"noopener\">Enlla\u00e7 al v\u00eddeo del Moment de la inauguraci\u00f3<\/a><\/p>\n<p>Finalment, tamb\u00e9 podeu veure un petit recull de fotografies de la celebraci\u00f3 en el nostre \u00e0lbum de fotos del curs penjat a la web:<\/p>\n<p><a href=\"https:\/\/photos.app.goo.gl\/wbJnzaUgnXgGJCMi6\" target=\"_blank\" rel=\"noopener\">Enlla\u00e7 a l&#8217;\u00e0lbum de fotografies de la celebraci\u00f3 de l&#8217;aniversari de la Neus Catal\u00e0<\/a><\/p>\n<p>Per molts anys, Neus!<\/p>\n<p><a href=\"https:\/\/agora.xtec.cat\/insneuscatala\/wp-content\/uploads\/usu292\/2021\/10\/IMG-20211006-WA0000.jpg\"><img loading=\"lazy\" decoding=\"async\" class=\"aligncenter wp-image-4042\" src=\"https:\/\/agora.xtec.cat\/insneuscatala\/wp-content\/uploads\/usu292\/2021\/10\/IMG-20211006-WA0000-300x169.jpg\" alt=\"\" width=\"346\" height=\"195\" srcset=\"https:\/\/agora.xtec.cat\/insneuscatala\/wp-content\/uploads\/usu292\/2021\/10\/IMG-20211006-WA0000-300x169.jpg 300w, https:\/\/agora.xtec.cat\/insneuscatala\/wp-content\/uploads\/usu292\/2021\/10\/IMG-20211006-WA0000-1024x575.jpg 1024w, https:\/\/agora.xtec.cat\/insneuscatala\/wp-content\/uploads\/usu292\/2021\/10\/IMG-20211006-WA0000-768x432.jpg 768w, https:\/\/agora.xtec.cat\/insneuscatala\/wp-content\/uploads\/usu292\/2021\/10\/IMG-20211006-WA0000-1536x863.jpg 1536w, https:\/\/agora.xtec.cat\/insneuscatala\/wp-content\/uploads\/usu292\/2021\/10\/IMG-20211006-WA0000.jpg 1600w\" sizes=\"auto, (max-width: 346px) 100vw, 346px\" \/><\/a><\/p>\n","protected":false},"excerpt":{"rendered":"<p>La Neus Catal\u00e0 va n\u00e9ixer als Guiamets el 6 d&#8217;octubre de 1915. A l&#8217;Institut, cada 6 d&#8217;octubre \u00e9s un dia important i motiu de celebraci\u00f3. Ens permet recordar la figura de la Neus Catal\u00e0 i comen\u00e7ar a compartir-la amb el nou alumnat de 1r d&#8217;ESO. Aquest any hem aprofitat per elaborar un llibre il\u00b7lustrat sobre [&hellip;]<\/p>\n","protected":false},"author":1,"featured_media":4043,"comment_status":"open","ping_status":"closed","sticky":false,"template":"","format":"standard","meta":{"_bbp_topic_count":0,"_bbp_reply_count":0,"_bbp_total_topic_count":0,"_bbp_total_reply_count":0,"_bbp_voice_count":0,"_bbp_anonymous_reply_count":0,"_bbp_topic_count_hidden":0,"_bbp_reply_count_hidden":0,"_bbp_forum_subforum_count":0,"site-sidebar-layout":"default","site-content-layout":"","ast-site-content-layout":"","site-content-style":"default","site-sidebar-style":"default","ast-global-header-display":"","ast-banner-title-visibility":"","ast-main-header-display":"","ast-hfb-above-header-display":"","ast-hfb-below-header-display":"","ast-hfb-mobile-header-display":"","site-post-title":"","ast-breadcrumbs-content":"","ast-featured-img":"","footer-sml-layout":"","theme-transparent-header-meta":"","adv-header-id-meta":"","stick-header-meta":"","header-above-stick-meta":"","header-main-stick-meta":"","header-below-stick-meta":"","astra-migrate-meta-layouts":"default","ast-page-background-enabled":"default","ast-page-background-meta":{"desktop":{"background-color":"var(--ast-global-color-4)","background-image":"","background-repeat":"repeat","background-position":"center center","background-size":"auto","background-attachment":"scroll","background-type":"","background-media":"","overlay-type":"","overlay-color":"","overlay-opacity":"","overlay-gradient":""},"tablet":{"background-color":"","background-image":"","background-repeat":"repeat","background-position":"center center","background-size":"auto","background-attachment":"scroll","background-type":"","background-media":"","overlay-type":"","overlay-color":"","overlay-opacity":"","overlay-gradient":""},"mobile":{"background-color":"","background-image":"","background-repeat":"repeat","background-position":"center center","background-size":"auto","background-attachment":"scroll","background-type":"","background-media":"","overlay-type":"","overlay-color":"","overlay-opacity":"","overlay-gradient":""}},"ast-content-background-meta":{"desktop":{"background-color":"var(--ast-global-color-5)","background-image":"","background-repeat":"repeat","background-position":"center center","background-size":"auto","background-attachment":"scroll","background-type":"","background-media":"","overlay-type":"","overlay-color":"","overlay-opacity":"","overlay-gradient":""},"tablet":{"background-color":"var(--ast-global-color-5)","background-image":"","background-repeat":"repeat","background-position":"center center","background-size":"auto","background-attachment":"scroll","background-type":"","background-media":"","overlay-type":"","overlay-color":"","overlay-opacity":"","overlay-gradient":""},"mobile":{"background-color":"var(--ast-global-color-5)","background-image":"","background-repeat":"repeat","background-position":"center center","background-size":"auto","background-attachment":"scroll","background-type":"","background-media":"","overlay-type":"","overlay-color":"","overlay-opacity":"","overlay-gradient":""}},"footnotes":""},"categories":[107,67,68,69,1,29],"tags":[],"class_list":["post-4041","post","type-post","status-publish","format-standard","has-post-thumbnail","hentry","category-1eso","category-2eso","category-3eso","category-4eso","category-general","category-portada"],"post_mailing_queue_ids":[],"_links":{"self":[{"href":"https:\/\/agora.xtec.cat\/insneuscatala\/wp-json\/wp\/v2\/posts\/4041","targetHints":{"allow":["GET"]}}],"collection":[{"href":"https:\/\/agora.xtec.cat\/insneuscatala\/wp-json\/wp\/v2\/posts"}],"about":[{"href":"https:\/\/agora.xtec.cat\/insneuscatala\/wp-json\/wp\/v2\/types\/post"}],"author":[{"embeddable":true,"href":"https:\/\/agora.xtec.cat\/insneuscatala\/wp-json\/wp\/v2\/users\/1"}],"replies":[{"embeddable":true,"href":"https:\/\/agora.xtec.cat\/insneuscatala\/wp-json\/wp\/v2\/comments?post=4041"}],"version-history":[{"count":2,"href":"https:\/\/agora.xtec.cat\/insneuscatala\/wp-json\/wp\/v2\/posts\/4041\/revisions"}],"predecessor-version":[{"id":4046,"href":"https:\/\/agora.xtec.cat\/insneuscatala\/wp-json\/wp\/v2\/posts\/4041\/revisions\/4046"}],"wp:featuredmedia":[{"embeddable":true,"href":"https:\/\/agora.xtec.cat\/insneuscatala\/wp-json\/wp\/v2\/media\/4043"}],"wp:attachment":[{"href":"https:\/\/agora.xtec.cat\/insneuscatala\/wp-json\/wp\/v2\/media?parent=4041"}],"wp:term":[{"taxonomy":"category","embeddable":true,"href":"https:\/\/agora.xtec.cat\/insneuscatala\/wp-json\/wp\/v2\/categories?post=4041"},{"taxonomy":"post_tag","embeddable":true,"href":"https:\/\/agora.xtec.cat\/insneuscatala\/wp-json\/wp\/v2\/tags?post=4041"}],"curies":[{"name":"wp","href":"https:\/\/api.w.org\/{rel}","templated":true}]}}