{"id":4018,"date":"2021-09-19T18:52:15","date_gmt":"2021-09-19T16:52:15","guid":{"rendered":"https:\/\/agora.xtec.cat\/insneuscatala\/?p=4018"},"modified":"2021-09-19T18:52:15","modified_gmt":"2021-09-19T16:52:15","slug":"iniciem-un-projecte-de-mobilitat-europeu-erasmus-k101","status":"publish","type":"post","link":"https:\/\/agora.xtec.cat\/insneuscatala\/general\/iniciem-un-projecte-de-mobilitat-europeu-erasmus-k101\/","title":{"rendered":"Iniciem un projecte de mobilitat europeu Erasmus+ K101"},"content":{"rendered":"<p>Despr\u00e9s d&#8217;una any aturat per la pand\u00e8mia, finalment podem donar el tret de sortida al projecte Erasmus + &#8220;<span style=\"font-weight: 400;\">Learning from cultural and language diversity&#8221;.<\/span><\/p>\n<p class=\"CDt4Ke zfr3Q\" dir=\"ltr\">Els projectes KA101 d&#8217;Educaci\u00f3 Escolar van encaminats a la formaci\u00f3 del personal. En el nostre centre estem duent aterme un ambici\u00f3s projecte de dos anys (2020-2022) amb l&#8217;objectiu de formar i actualitzar metodolo\u00f2gicament l&#8217;equip docent. Volem que participin un total de 6 docents i es duguin a terme 6 mobilitats de formaci\u00f3 estructurada i job shadowing.<\/p>\n<p class=\"CDt4Ke zfr3Q\" dir=\"ltr\">El projecte <em>Aprendiendo de la Diversidad Ling\u00fc\u00edstica y Cultural<\/em> pret\u00e9n donar suport a les necessitats de l&#8217;alumnat nouvingut, donant eines a l&#8217;equip docent per a implementar estrat\u00e8gies que millorin les compet\u00e8ncies ling\u00fc\u00edstiques.<\/p>\n<p dir=\"ltr\">Consta de 3 mobilitats (amb el corresponent trasp\u00e0s a la totalitat del claustre docent):<\/p>\n<ul>\n<li dir=\"ltr\">Curs estructurat CLIL: Innovation &amp; Effectiveness in Teaching a Heraklion (Gr\u00e8cia)<\/li>\n<li dir=\"ltr\">Curs estructurat Diverse Society \u2013 Diverse Classroom a Reykjavik (Isl\u00e0ndia)<\/li>\n<li dir=\"ltr\">Visita (job shadowing) a l&#8217;institut Gymnasio Faneromenis de Larnaca (Xipre)<\/li>\n<\/ul>\n<p>Totes les novetats del projecte les anirem penjant al bloc que hem creat espec\u00edficament amb aquest prop\u00f2sit:<\/p>\n<p><a href=\"https:\/\/sites.google.com\/institutneuscatala.cat\/erasmus\/inici\" target=\"_blank\" rel=\"noopener\">https:\/\/sites.google.com\/institutneuscatala.cat\/erasmus\/inici<\/a><\/p>\n","protected":false},"excerpt":{"rendered":"<p>Despr\u00e9s d&#8217;una any aturat per la pand\u00e8mia, finalment podem donar el tret de sortida al projecte Erasmus + &#8220;Learning from cultural and language diversity&#8221;. Els projectes KA101 d&#8217;Educaci\u00f3 Escolar van encaminats a la formaci\u00f3 del personal. En el nostre centre estem duent aterme un ambici\u00f3s projecte de dos anys (2020-2022) amb l&#8217;objectiu de formar i [&hellip;]<\/p>\n","protected":false},"author":1,"featured_media":4017,"comment_status":"open","ping_status":"closed","sticky":false,"template":"","format":"standard","meta":{"_bbp_topic_count":0,"_bbp_reply_count":0,"_bbp_total_topic_count":0,"_bbp_total_reply_count":0,"_bbp_voice_count":0,"_bbp_anonymous_reply_count":0,"_bbp_topic_count_hidden":0,"_bbp_reply_count_hidden":0,"_bbp_forum_subforum_count":0,"site-sidebar-layout":"default","site-content-layout":"","ast-site-content-layout":"","site-content-style":"default","site-sidebar-style":"default","ast-global-header-display":"","ast-banner-title-visibility":"","ast-main-header-display":"","ast-hfb-above-header-display":"","ast-hfb-below-header-display":"","ast-hfb-mobile-header-display":"","site-post-title":"","ast-breadcrumbs-content":"","ast-featured-img":"","footer-sml-layout":"","theme-transparent-header-meta":"","adv-header-id-meta":"","stick-header-meta":"","header-above-stick-meta":"","header-main-stick-meta":"","header-below-stick-meta":"","astra-migrate-meta-layouts":"default","ast-page-background-enabled":"default","ast-page-background-meta":{"desktop":{"background-color":"var(--ast-global-color-4)","background-image":"","background-repeat":"repeat","background-position":"center center","background-size":"auto","background-attachment":"scroll","background-type":"","background-media":"","overlay-type":"","overlay-color":"","overlay-opacity":"","overlay-gradient":""},"tablet":{"background-color":"","background-image":"","background-repeat":"repeat","background-position":"center center","background-size":"auto","background-attachment":"scroll","background-type":"","background-media":"","overlay-type":"","overlay-color":"","overlay-opacity":"","overlay-gradient":""},"mobile":{"background-color":"","background-image":"","background-repeat":"repeat","background-position":"center center","background-size":"auto","background-attachment":"scroll","background-type":"","background-media":"","overlay-type":"","overlay-color":"","overlay-opacity":"","overlay-gradient":""}},"ast-content-background-meta":{"desktop":{"background-color":"var(--ast-global-color-5)","background-image":"","background-repeat":"repeat","background-position":"center center","background-size":"auto","background-attachment":"scroll","background-type":"","background-media":"","overlay-type":"","overlay-color":"","overlay-opacity":"","overlay-gradient":""},"tablet":{"background-color":"var(--ast-global-color-5)","background-image":"","background-repeat":"repeat","background-position":"center center","background-size":"auto","background-attachment":"scroll","background-type":"","background-media":"","overlay-type":"","overlay-color":"","overlay-opacity":"","overlay-gradient":""},"mobile":{"background-color":"var(--ast-global-color-5)","background-image":"","background-repeat":"repeat","background-position":"center center","background-size":"auto","background-attachment":"scroll","background-type":"","background-media":"","overlay-type":"","overlay-color":"","overlay-opacity":"","overlay-gradient":""}},"footnotes":""},"categories":[126,1,29],"tags":[],"class_list":["post-4018","post","type-post","status-publish","format-standard","has-post-thumbnail","hentry","category-erasmus","category-general","category-portada"],"post_mailing_queue_ids":[],"_links":{"self":[{"href":"https:\/\/agora.xtec.cat\/insneuscatala\/wp-json\/wp\/v2\/posts\/4018","targetHints":{"allow":["GET"]}}],"collection":[{"href":"https:\/\/agora.xtec.cat\/insneuscatala\/wp-json\/wp\/v2\/posts"}],"about":[{"href":"https:\/\/agora.xtec.cat\/insneuscatala\/wp-json\/wp\/v2\/types\/post"}],"author":[{"embeddable":true,"href":"https:\/\/agora.xtec.cat\/insneuscatala\/wp-json\/wp\/v2\/users\/1"}],"replies":[{"embeddable":true,"href":"https:\/\/agora.xtec.cat\/insneuscatala\/wp-json\/wp\/v2\/comments?post=4018"}],"version-history":[{"count":1,"href":"https:\/\/agora.xtec.cat\/insneuscatala\/wp-json\/wp\/v2\/posts\/4018\/revisions"}],"predecessor-version":[{"id":4019,"href":"https:\/\/agora.xtec.cat\/insneuscatala\/wp-json\/wp\/v2\/posts\/4018\/revisions\/4019"}],"wp:featuredmedia":[{"embeddable":true,"href":"https:\/\/agora.xtec.cat\/insneuscatala\/wp-json\/wp\/v2\/media\/4017"}],"wp:attachment":[{"href":"https:\/\/agora.xtec.cat\/insneuscatala\/wp-json\/wp\/v2\/media?parent=4018"}],"wp:term":[{"taxonomy":"category","embeddable":true,"href":"https:\/\/agora.xtec.cat\/insneuscatala\/wp-json\/wp\/v2\/categories?post=4018"},{"taxonomy":"post_tag","embeddable":true,"href":"https:\/\/agora.xtec.cat\/insneuscatala\/wp-json\/wp\/v2\/tags?post=4018"}],"curies":[{"name":"wp","href":"https:\/\/api.w.org\/{rel}","templated":true}]}}