{"id":3919,"date":"2021-06-13T18:54:22","date_gmt":"2021-06-13T16:54:22","guid":{"rendered":"https:\/\/agora.xtec.cat\/insneuscatala\/?p=3919"},"modified":"2022-12-19T17:14:12","modified_gmt":"2022-12-19T16:14:12","slug":"4t-deso-viatge-fi-detapa-a-olot","status":"publish","type":"post","link":"https:\/\/agora.xtec.cat\/insneuscatala\/general\/4t-deso-viatge-fi-detapa-a-olot\/","title":{"rendered":"4t d&#8217;ESO: viatge fi d&#8217;etapa a Olot"},"content":{"rendered":"<p>Ja ho tenim aqu\u00ed. Fi de curs i fi d&#8217;etapa!<\/p>\n<p>L&#8217;alumnat de 4t d&#8217;ESO ja ha fet el seu viatge de comiat d&#8217;etapa i, en el nostre cas, de comiat de l&#8217;Institut. Han passat 4 dies a d&#8217;Olot, capital de la Garrotxa, i els seus voltants, on han pogut gaudir d&#8217;un meravell\u00f3s paisatge i uns entorns espl\u00e8ndids per poder passejar i anar en bicicleta.<\/p>\n<p>A banda, tamb\u00e9 van practicar escalada i es van despla\u00e7ar fins a l&#8217;estany de Banyoles per poder-se refrescar una mica abans del retorn a casa.<\/p>\n<p>Tot el viatge ha estat organitzat per l&#8217;alumnat del centre. Han buscat l&#8217;allotjament i han gestionat les reserves de les activitats. Tamb\u00e9 s&#8217;han encarregat de buscar el despla\u00e7ament, fet amb transport p\u00fablic.<\/p>\n<p>En el fons, doncs, un viatge de final d&#8217;etapa que ha estat com un petit \u00faltim projecte de centre.<\/p>\n<p>Enhorabona, ens veiem el dimarts 22 a la tarda per a la graduaci\u00f3 final de curs i acabar d&#8217;acomiadar-nos com toca!<\/p>\n<p>En <a href=\"https:\/\/photos.app.goo.gl\/DGPVqxZsBpiBo2gf6\" target=\"_blank\" rel=\"noopener noreferrer\">aquest enlla\u00e7<\/a> teniu un recull de fotografies del viatge.<\/p>\n<p><a href=\"https:\/\/agora.xtec.cat\/insneuscatala\/wp-content\/uploads\/usu292\/2021\/06\/IMG-1953-CASA-DE-COL\u00d2NIES-UN-PALAU.jpg\"><img loading=\"lazy\" decoding=\"async\" class=\"aligncenter size-medium wp-image-3920\" src=\"https:\/\/agora.xtec.cat\/insneuscatala\/wp-content\/uploads\/usu292\/2021\/06\/IMG-1953-CASA-DE-COL\u00d2NIES-UN-PALAU-300x225.jpg\" alt=\"\" width=\"300\" height=\"225\" srcset=\"https:\/\/agora.xtec.cat\/insneuscatala\/wp-content\/uploads\/usu292\/2021\/06\/IMG-1953-CASA-DE-COL\u00d2NIES-UN-PALAU-300x225.jpg 300w, https:\/\/agora.xtec.cat\/insneuscatala\/wp-content\/uploads\/usu292\/2021\/06\/IMG-1953-CASA-DE-COL\u00d2NIES-UN-PALAU-768x576.jpg 768w, https:\/\/agora.xtec.cat\/insneuscatala\/wp-content\/uploads\/usu292\/2021\/06\/IMG-1953-CASA-DE-COL\u00d2NIES-UN-PALAU-1024x768.jpg 1024w, https:\/\/agora.xtec.cat\/insneuscatala\/wp-content\/uploads\/usu292\/2021\/06\/IMG-1953-CASA-DE-COL\u00d2NIES-UN-PALAU-200x150.jpg 200w, https:\/\/agora.xtec.cat\/insneuscatala\/wp-content\/uploads\/usu292\/2021\/06\/IMG-1953-CASA-DE-COL\u00d2NIES-UN-PALAU.jpg 1200w\" sizes=\"auto, (max-width: 300px) 100vw, 300px\" \/><\/a><\/p>\n<p>Aquesta activitat ha estat possible gr\u00e0cies a la col\u00b7laboraci\u00f3 dels fons POEFA: Programes de suport educatiu finan\u00e7ats pel Ministeri d\u2019Educaci\u00f3 i Formaci\u00f3 Professional i cofinan\u00e7ats pel Fons Social Europeu (FSE 2014-2020) de foment de la igualtat d\u2019oportunitats educatives.<\/p>\n<p><a href=\"https:\/\/agora.xtec.cat\/insneuscatala\/wp-content\/uploads\/usu292\/2020\/10\/Logotip-POEFA-1.png\"><img loading=\"lazy\" decoding=\"async\" class=\"aligncenter size-medium wp-image-3495\" src=\"https:\/\/agora.xtec.cat\/insneuscatala\/wp-content\/uploads\/usu292\/2020\/10\/Logotip-POEFA-1-300x44.png\" sizes=\"auto, (max-width: 300px) 100vw, 300px\" srcset=\"https:\/\/agora.xtec.cat\/insneuscatala\/wp-content\/uploads\/usu292\/2020\/10\/Logotip-POEFA-1-300x44.png 300w, https:\/\/agora.xtec.cat\/insneuscatala\/wp-content\/uploads\/usu292\/2020\/10\/Logotip-POEFA-1-768x113.png 768w, https:\/\/agora.xtec.cat\/insneuscatala\/wp-content\/uploads\/usu292\/2020\/10\/Logotip-POEFA-1-1024x150.png 1024w, https:\/\/agora.xtec.cat\/insneuscatala\/wp-content\/uploads\/usu292\/2020\/10\/Logotip-POEFA-1.png 1500w\" alt=\"\" width=\"300\" height=\"44\" \/><\/a><\/p>\n","protected":false},"excerpt":{"rendered":"<p>Ja ho tenim aqu\u00ed. Fi de curs i fi d&#8217;etapa! L&#8217;alumnat de 4t d&#8217;ESO ja ha fet el seu viatge de comiat d&#8217;etapa i, en el nostre cas, de comiat de l&#8217;Institut. Han passat 4 dies a d&#8217;Olot, capital de la Garrotxa, i els seus voltants, on han pogut gaudir d&#8217;un meravell\u00f3s paisatge i uns [&hellip;]<\/p>\n","protected":false},"author":1,"featured_media":3921,"comment_status":"open","ping_status":"closed","sticky":false,"template":"","format":"standard","meta":{"_bbp_topic_count":0,"_bbp_reply_count":0,"_bbp_total_topic_count":0,"_bbp_total_reply_count":0,"_bbp_voice_count":0,"_bbp_anonymous_reply_count":0,"_bbp_topic_count_hidden":0,"_bbp_reply_count_hidden":0,"_bbp_forum_subforum_count":0,"site-sidebar-layout":"default","site-content-layout":"","ast-site-content-layout":"","site-content-style":"default","site-sidebar-style":"default","ast-global-header-display":"","ast-banner-title-visibility":"","ast-main-header-display":"","ast-hfb-above-header-display":"","ast-hfb-below-header-display":"","ast-hfb-mobile-header-display":"","site-post-title":"","ast-breadcrumbs-content":"","ast-featured-img":"","footer-sml-layout":"","theme-transparent-header-meta":"","adv-header-id-meta":"","stick-header-meta":"","header-above-stick-meta":"","header-main-stick-meta":"","header-below-stick-meta":"","astra-migrate-meta-layouts":"default","ast-page-background-enabled":"default","ast-page-background-meta":{"desktop":{"background-color":"var(--ast-global-color-4)","background-image":"","background-repeat":"repeat","background-position":"center center","background-size":"auto","background-attachment":"scroll","background-type":"","background-media":"","overlay-type":"","overlay-color":"","overlay-opacity":"","overlay-gradient":""},"tablet":{"background-color":"","background-image":"","background-repeat":"repeat","background-position":"center center","background-size":"auto","background-attachment":"scroll","background-type":"","background-media":"","overlay-type":"","overlay-color":"","overlay-opacity":"","overlay-gradient":""},"mobile":{"background-color":"","background-image":"","background-repeat":"repeat","background-position":"center center","background-size":"auto","background-attachment":"scroll","background-type":"","background-media":"","overlay-type":"","overlay-color":"","overlay-opacity":"","overlay-gradient":""}},"ast-content-background-meta":{"desktop":{"background-color":"var(--ast-global-color-5)","background-image":"","background-repeat":"repeat","background-position":"center center","background-size":"auto","background-attachment":"scroll","background-type":"","background-media":"","overlay-type":"","overlay-color":"","overlay-opacity":"","overlay-gradient":""},"tablet":{"background-color":"var(--ast-global-color-5)","background-image":"","background-repeat":"repeat","background-position":"center center","background-size":"auto","background-attachment":"scroll","background-type":"","background-media":"","overlay-type":"","overlay-color":"","overlay-opacity":"","overlay-gradient":""},"mobile":{"background-color":"var(--ast-global-color-5)","background-image":"","background-repeat":"repeat","background-position":"center center","background-size":"auto","background-attachment":"scroll","background-type":"","background-media":"","overlay-type":"","overlay-color":"","overlay-opacity":"","overlay-gradient":""}},"footnotes":""},"categories":[69,1,29],"tags":[],"class_list":["post-3919","post","type-post","status-publish","format-standard","has-post-thumbnail","hentry","category-4eso","category-general","category-portada"],"post_mailing_queue_ids":[],"_links":{"self":[{"href":"https:\/\/agora.xtec.cat\/insneuscatala\/wp-json\/wp\/v2\/posts\/3919","targetHints":{"allow":["GET"]}}],"collection":[{"href":"https:\/\/agora.xtec.cat\/insneuscatala\/wp-json\/wp\/v2\/posts"}],"about":[{"href":"https:\/\/agora.xtec.cat\/insneuscatala\/wp-json\/wp\/v2\/types\/post"}],"author":[{"embeddable":true,"href":"https:\/\/agora.xtec.cat\/insneuscatala\/wp-json\/wp\/v2\/users\/1"}],"replies":[{"embeddable":true,"href":"https:\/\/agora.xtec.cat\/insneuscatala\/wp-json\/wp\/v2\/comments?post=3919"}],"version-history":[{"count":1,"href":"https:\/\/agora.xtec.cat\/insneuscatala\/wp-json\/wp\/v2\/posts\/3919\/revisions"}],"predecessor-version":[{"id":3922,"href":"https:\/\/agora.xtec.cat\/insneuscatala\/wp-json\/wp\/v2\/posts\/3919\/revisions\/3922"}],"wp:featuredmedia":[{"embeddable":true,"href":"https:\/\/agora.xtec.cat\/insneuscatala\/wp-json\/wp\/v2\/media\/3921"}],"wp:attachment":[{"href":"https:\/\/agora.xtec.cat\/insneuscatala\/wp-json\/wp\/v2\/media?parent=3919"}],"wp:term":[{"taxonomy":"category","embeddable":true,"href":"https:\/\/agora.xtec.cat\/insneuscatala\/wp-json\/wp\/v2\/categories?post=3919"},{"taxonomy":"post_tag","embeddable":true,"href":"https:\/\/agora.xtec.cat\/insneuscatala\/wp-json\/wp\/v2\/tags?post=3919"}],"curies":[{"name":"wp","href":"https:\/\/api.w.org\/{rel}","templated":true}]}}