{"id":3122,"date":"2020-01-24T13:48:38","date_gmt":"2020-01-24T12:48:38","guid":{"rendered":"http:\/\/agora.xtec.cat\/insneuscatala\/?p=3122"},"modified":"2020-02-01T10:29:10","modified_gmt":"2020-02-01T09:29:10","slug":"projecte-illes-verdes-de-sant-ildefons-1r-deso","status":"publish","type":"post","link":"https:\/\/agora.xtec.cat\/insneuscatala\/general\/projecte-illes-verdes-de-sant-ildefons-1r-deso\/","title":{"rendered":"Inauguraci\u00f3 de l&#8217;exposici\u00f3 &#8220;Illes Verdes&#8221;, projecte de 1r d\u2019ESO"},"content":{"rendered":"<p>Dijous passat, dia 30 de gener, vam donar per concl\u00f2s el projecte Illes Verdes de 1r d&#8217;ESO amb la inauguraci\u00f3 de l&#8217;exposici\u00f3 de fotografies i entrevistes que hem realitzat als horts urbans del barri de Sant Ildefons.<\/p>\n<p>Durant uns dies, tots i totes els ve\u00efns i ve\u00efnes que ho desitgin podran anar a veure l&#8217;exposici\u00f3 que hem instal\u00b7lat en els accessos als horts. A l&#8217;exposici\u00f3 s&#8217;hi pot veure el treball realitzat pels alumnes: l&#8217;estudi de les plantes i hortalisses que es cultiven en els horts i les entrevistes que s&#8217;han realitzat als responsables i usuaris de l&#8217;espai.<\/p>\n<p>A banda de l&#8217;exposici\u00f3, s&#8217;ha aprofitat el projecte tamb\u00e9 per dissenyar i construir unes jardineres que serviran tamb\u00e9 perqu\u00e8 l&#8217;Institut sigui una mica m\u00e9s verd.<\/p>\n<p>Ha estat el primer gran projecte que ha realitzat l&#8217;alumnat de 1r d&#8217;ESO amb un producte final comunitari i obert al barri, en el qual a m\u00e9s hem apr\u00e8s qu\u00e8 s\u00f3n els espais verds i la import\u00e0ncia que tenen en un entorn massivament urbanitzat com el nostre.<\/p>\n<p>Volem agrair especialment a l&#8217;alcalde Sr. Balm\u00f3n, a la tinent d&#8217;alcalde de presid\u00e8ncia Emilia Briones, a la regidora d&#8217;educaci\u00f3 Roc\u00edo Garc\u00eda, al regidor de pol\u00edtiques ambientals, Claudio Carmona, i a les fam\u00edlies i ve\u00efns i ve\u00efnes del barri la seva pres\u00e8ncia a la inauguraci\u00f3 de dijous. Aix\u00ed com la col\u00b7laboraci\u00f3 dels serveis t\u00e8cnics de l&#8217;Ajuntament, personalitzats en la figura de David Calabuig, que han col\u00b7laborat des de bon principi en la realitzaci\u00f3 del projecte.<\/p>\n<p>En <a href=\"https:\/\/drive.google.com\/drive\/folders\/1JqwArctIMq8OXKfNQh47g_a1U_jvnziW?usp=sharing\" target=\"_blank\" rel=\"noopener noreferrer\">aquest enlla\u00e7<\/a> podeu veure algunes fotografies de la inauguraci\u00f3 de l&#8217;exposici\u00f3.<\/p>\n<p><a href=\"https:\/\/agora.xtec.cat\/insneuscatala\/wp-content\/uploads\/usu292\/2020\/01\/IMG_20200130_112559.jpg\"><img loading=\"lazy\" decoding=\"async\" class=\"aligncenter size-medium wp-image-3141\" src=\"https:\/\/agora.xtec.cat\/insneuscatala\/wp-content\/uploads\/usu292\/2020\/01\/IMG_20200130_112559-300x181.jpg\" alt=\"\" width=\"300\" height=\"181\" srcset=\"https:\/\/agora.xtec.cat\/insneuscatala\/wp-content\/uploads\/usu292\/2020\/01\/IMG_20200130_112559-300x181.jpg 300w, https:\/\/agora.xtec.cat\/insneuscatala\/wp-content\/uploads\/usu292\/2020\/01\/IMG_20200130_112559-768x463.jpg 768w, https:\/\/agora.xtec.cat\/insneuscatala\/wp-content\/uploads\/usu292\/2020\/01\/IMG_20200130_112559-1024x617.jpg 1024w, https:\/\/agora.xtec.cat\/insneuscatala\/wp-content\/uploads\/usu292\/2020\/01\/IMG_20200130_112559.jpg 1200w\" sizes=\"auto, (max-width: 300px) 100vw, 300px\" \/><\/a><\/p>\n<p><a href=\"https:\/\/agora.xtec.cat\/insneuscatala\/wp-content\/uploads\/usu292\/2020\/01\/IMG_20200130_111710.jpg\"><img loading=\"lazy\" decoding=\"async\" class=\"aligncenter size-medium wp-image-3142\" src=\"https:\/\/agora.xtec.cat\/insneuscatala\/wp-content\/uploads\/usu292\/2020\/01\/IMG_20200130_111710-300x209.jpg\" alt=\"\" width=\"300\" height=\"209\" srcset=\"https:\/\/agora.xtec.cat\/insneuscatala\/wp-content\/uploads\/usu292\/2020\/01\/IMG_20200130_111710-300x209.jpg 300w, https:\/\/agora.xtec.cat\/insneuscatala\/wp-content\/uploads\/usu292\/2020\/01\/IMG_20200130_111710-768x535.jpg 768w, https:\/\/agora.xtec.cat\/insneuscatala\/wp-content\/uploads\/usu292\/2020\/01\/IMG_20200130_111710.jpg 1017w\" sizes=\"auto, (max-width: 300px) 100vw, 300px\" \/><\/a><\/p>\n","protected":false},"excerpt":{"rendered":"<p>Dijous passat, dia 30 de gener, vam donar per concl\u00f2s el projecte Illes Verdes de 1r d&#8217;ESO amb la inauguraci\u00f3 de l&#8217;exposici\u00f3 de fotografies i entrevistes que hem realitzat als horts urbans del barri de Sant Ildefons. Durant uns dies, tots i totes els ve\u00efns i ve\u00efnes que ho desitgin podran anar a veure l&#8217;exposici\u00f3 [&hellip;]<\/p>\n","protected":false},"author":1,"featured_media":3143,"comment_status":"open","ping_status":"closed","sticky":false,"template":"","format":"standard","meta":{"_bbp_topic_count":0,"_bbp_reply_count":0,"_bbp_total_topic_count":0,"_bbp_total_reply_count":0,"_bbp_voice_count":0,"_bbp_anonymous_reply_count":0,"_bbp_topic_count_hidden":0,"_bbp_reply_count_hidden":0,"_bbp_forum_subforum_count":0,"site-sidebar-layout":"default","site-content-layout":"","ast-site-content-layout":"","site-content-style":"default","site-sidebar-style":"default","ast-global-header-display":"","ast-banner-title-visibility":"","ast-main-header-display":"","ast-hfb-above-header-display":"","ast-hfb-below-header-display":"","ast-hfb-mobile-header-display":"","site-post-title":"","ast-breadcrumbs-content":"","ast-featured-img":"","footer-sml-layout":"","theme-transparent-header-meta":"","adv-header-id-meta":"","stick-header-meta":"","header-above-stick-meta":"","header-main-stick-meta":"","header-below-stick-meta":"","astra-migrate-meta-layouts":"default","ast-page-background-enabled":"default","ast-page-background-meta":{"desktop":{"background-color":"var(--ast-global-color-4)","background-image":"","background-repeat":"repeat","background-position":"center center","background-size":"auto","background-attachment":"scroll","background-type":"","background-media":"","overlay-type":"","overlay-color":"","overlay-opacity":"","overlay-gradient":""},"tablet":{"background-color":"","background-image":"","background-repeat":"repeat","background-position":"center center","background-size":"auto","background-attachment":"scroll","background-type":"","background-media":"","overlay-type":"","overlay-color":"","overlay-opacity":"","overlay-gradient":""},"mobile":{"background-color":"","background-image":"","background-repeat":"repeat","background-position":"center center","background-size":"auto","background-attachment":"scroll","background-type":"","background-media":"","overlay-type":"","overlay-color":"","overlay-opacity":"","overlay-gradient":""}},"ast-content-background-meta":{"desktop":{"background-color":"var(--ast-global-color-5)","background-image":"","background-repeat":"repeat","background-position":"center center","background-size":"auto","background-attachment":"scroll","background-type":"","background-media":"","overlay-type":"","overlay-color":"","overlay-opacity":"","overlay-gradient":""},"tablet":{"background-color":"var(--ast-global-color-5)","background-image":"","background-repeat":"repeat","background-position":"center center","background-size":"auto","background-attachment":"scroll","background-type":"","background-media":"","overlay-type":"","overlay-color":"","overlay-opacity":"","overlay-gradient":""},"mobile":{"background-color":"var(--ast-global-color-5)","background-image":"","background-repeat":"repeat","background-position":"center center","background-size":"auto","background-attachment":"scroll","background-type":"","background-media":"","overlay-type":"","overlay-color":"","overlay-opacity":"","overlay-gradient":""}},"footnotes":""},"categories":[107,1,29],"tags":[],"class_list":["post-3122","post","type-post","status-publish","format-standard","has-post-thumbnail","hentry","category-1eso","category-general","category-portada"],"post_mailing_queue_ids":[],"_links":{"self":[{"href":"https:\/\/agora.xtec.cat\/insneuscatala\/wp-json\/wp\/v2\/posts\/3122","targetHints":{"allow":["GET"]}}],"collection":[{"href":"https:\/\/agora.xtec.cat\/insneuscatala\/wp-json\/wp\/v2\/posts"}],"about":[{"href":"https:\/\/agora.xtec.cat\/insneuscatala\/wp-json\/wp\/v2\/types\/post"}],"author":[{"embeddable":true,"href":"https:\/\/agora.xtec.cat\/insneuscatala\/wp-json\/wp\/v2\/users\/1"}],"replies":[{"embeddable":true,"href":"https:\/\/agora.xtec.cat\/insneuscatala\/wp-json\/wp\/v2\/comments?post=3122"}],"version-history":[{"count":3,"href":"https:\/\/agora.xtec.cat\/insneuscatala\/wp-json\/wp\/v2\/posts\/3122\/revisions"}],"predecessor-version":[{"id":3144,"href":"https:\/\/agora.xtec.cat\/insneuscatala\/wp-json\/wp\/v2\/posts\/3122\/revisions\/3144"}],"wp:featuredmedia":[{"embeddable":true,"href":"https:\/\/agora.xtec.cat\/insneuscatala\/wp-json\/wp\/v2\/media\/3143"}],"wp:attachment":[{"href":"https:\/\/agora.xtec.cat\/insneuscatala\/wp-json\/wp\/v2\/media?parent=3122"}],"wp:term":[{"taxonomy":"category","embeddable":true,"href":"https:\/\/agora.xtec.cat\/insneuscatala\/wp-json\/wp\/v2\/categories?post=3122"},{"taxonomy":"post_tag","embeddable":true,"href":"https:\/\/agora.xtec.cat\/insneuscatala\/wp-json\/wp\/v2\/tags?post=3122"}],"curies":[{"name":"wp","href":"https:\/\/api.w.org\/{rel}","templated":true}]}}