{"id":3045,"date":"2019-12-28T11:26:10","date_gmt":"2019-12-28T10:26:10","guid":{"rendered":"http:\/\/agora.xtec.cat\/insneuscatala\/?p=3045"},"modified":"2020-01-13T19:03:40","modified_gmt":"2020-01-13T18:03:40","slug":"la-gala-de-la-convivencia-2019","status":"publish","type":"post","link":"https:\/\/agora.xtec.cat\/insneuscatala\/general\/la-gala-de-la-convivencia-2019\/","title":{"rendered":"La Gala de la conviv\u00e8ncia 2019"},"content":{"rendered":"<p>El passat divendres 20 de desembre vam tancar el primer trimestre amb la celebraci\u00f3 de la Gala de la Conviv\u00e8ncia. La Gala, amb la qual vam donar la benvinguda a les festes nadalenques, tamb\u00e9 va servir per recon\u00e8ixer les actituds positives dels membres de la comunitat educativa que ajuden a millorar la conviv\u00e8ncia i el bon ambient en el dia a dia de treball a l&#8217;Institut.<\/p>\n<p>Durant la gala es van fer reconeixements als grups amb m\u00e9s setmanes de colors blaus, a l&#8217;alumnat m\u00e9s blau del trimestre i a l&#8217;alumnat amb m\u00e9s actituds positives, aix\u00ed com els professionals del centre que tamb\u00e9 col\u00b7laboren en la conviv\u00e8ncia di\u00e0ria del centre: consergeria, neteja, suport a la inclusi\u00f3 i mediaci\u00f3. Es va aprofitar tamb\u00e9 per fer un reconeixement als guanyadors dels premis per a l&#8217;erradicaci\u00f3 de la viol\u00e8ncia de g\u00e8nere i es van fer p\u00fablics els guanyadors dels concursos de felicitacions de Nadal i nou logo de l&#8217;Institut.<\/p>\n<p>Tot plegat va estar amanit per les sempre en\u00e8rgiques actuacions art\u00edstiques de l&#8217;alumnat voluntari del centre, sota la conducci\u00f3 dels integrants de la comissi\u00f3 de celebracions i amb una actuaci\u00f3 final d&#8217;una gran part del professorat del centre que havia preparat una coreografia aqu\u00e0tica en homenatge a l&#8217;alumnat que a final de trimestre ha comen\u00e7at a fer l&#8217;activitat de piscina.<\/p>\n<p>En definitiva, un final de trimestre d&#8217;all\u00f2 m\u00e9s llu\u00eft que vam poder realitzar gr\u00e0cies a la col\u00b7laboraci\u00f3 de la federaci\u00f3 comarcal de Comissions Obreres, que ens va cedir el seu auditori i del qual en podeu veure un recull de fotografies en <a href=\"https:\/\/drive.google.com\/drive\/folders\/12mLEFHG_nhjdc2NG8g4kDJyBiOye7bkh?usp=sharing\" target=\"_blank\" rel=\"noopener noreferrer\">aquest enlla\u00e7<\/a>.<\/p>\n<p><a href=\"https:\/\/agora.xtec.cat\/insneuscatala\/wp-content\/uploads\/usu292\/2019\/12\/IMG_20191220_100917.jpg\"><img loading=\"lazy\" decoding=\"async\" class=\"aligncenter size-medium wp-image-3046\" src=\"https:\/\/agora.xtec.cat\/insneuscatala\/wp-content\/uploads\/usu292\/2019\/12\/IMG_20191220_100917-300x111.jpg\" alt=\"\" width=\"300\" height=\"111\" srcset=\"https:\/\/agora.xtec.cat\/insneuscatala\/wp-content\/uploads\/usu292\/2019\/12\/IMG_20191220_100917-300x111.jpg 300w, https:\/\/agora.xtec.cat\/insneuscatala\/wp-content\/uploads\/usu292\/2019\/12\/IMG_20191220_100917-768x285.jpg 768w, https:\/\/agora.xtec.cat\/insneuscatala\/wp-content\/uploads\/usu292\/2019\/12\/IMG_20191220_100917-1024x380.jpg 1024w, https:\/\/agora.xtec.cat\/insneuscatala\/wp-content\/uploads\/usu292\/2019\/12\/IMG_20191220_100917.jpg 1331w\" sizes=\"auto, (max-width: 300px) 100vw, 300px\" \/><\/a><\/p>\n<p><a href=\"https:\/\/agora.xtec.cat\/insneuscatala\/wp-content\/uploads\/usu292\/2019\/12\/IMG_20191220_101335.jpg\"><img loading=\"lazy\" decoding=\"async\" class=\"aligncenter size-medium wp-image-3047\" src=\"https:\/\/agora.xtec.cat\/insneuscatala\/wp-content\/uploads\/usu292\/2019\/12\/IMG_20191220_101335-300x131.jpg\" alt=\"\" width=\"300\" height=\"131\" srcset=\"https:\/\/agora.xtec.cat\/insneuscatala\/wp-content\/uploads\/usu292\/2019\/12\/IMG_20191220_101335-300x131.jpg 300w, https:\/\/agora.xtec.cat\/insneuscatala\/wp-content\/uploads\/usu292\/2019\/12\/IMG_20191220_101335-768x336.jpg 768w, https:\/\/agora.xtec.cat\/insneuscatala\/wp-content\/uploads\/usu292\/2019\/12\/IMG_20191220_101335-1024x448.jpg 1024w, https:\/\/agora.xtec.cat\/insneuscatala\/wp-content\/uploads\/usu292\/2019\/12\/IMG_20191220_101335.jpg 1051w\" sizes=\"auto, (max-width: 300px) 100vw, 300px\" \/><\/a><\/p>\n","protected":false},"excerpt":{"rendered":"<p>El passat divendres 20 de desembre vam tancar el primer trimestre amb la celebraci\u00f3 de la Gala de la Conviv\u00e8ncia. La Gala, amb la qual vam donar la benvinguda a les festes nadalenques, tamb\u00e9 va servir per recon\u00e8ixer les actituds positives dels membres de la comunitat educativa que ajuden a millorar la conviv\u00e8ncia i el [&hellip;]<\/p>\n","protected":false},"author":1,"featured_media":3048,"comment_status":"open","ping_status":"closed","sticky":false,"template":"","format":"standard","meta":{"_bbp_topic_count":0,"_bbp_reply_count":0,"_bbp_total_topic_count":0,"_bbp_total_reply_count":0,"_bbp_voice_count":0,"_bbp_anonymous_reply_count":0,"_bbp_topic_count_hidden":0,"_bbp_reply_count_hidden":0,"_bbp_forum_subforum_count":0,"site-sidebar-layout":"default","site-content-layout":"","ast-site-content-layout":"","site-content-style":"default","site-sidebar-style":"default","ast-global-header-display":"","ast-banner-title-visibility":"","ast-main-header-display":"","ast-hfb-above-header-display":"","ast-hfb-below-header-display":"","ast-hfb-mobile-header-display":"","site-post-title":"","ast-breadcrumbs-content":"","ast-featured-img":"","footer-sml-layout":"","theme-transparent-header-meta":"","adv-header-id-meta":"","stick-header-meta":"","header-above-stick-meta":"","header-main-stick-meta":"","header-below-stick-meta":"","astra-migrate-meta-layouts":"default","ast-page-background-enabled":"default","ast-page-background-meta":{"desktop":{"background-color":"var(--ast-global-color-4)","background-image":"","background-repeat":"repeat","background-position":"center center","background-size":"auto","background-attachment":"scroll","background-type":"","background-media":"","overlay-type":"","overlay-color":"","overlay-opacity":"","overlay-gradient":""},"tablet":{"background-color":"","background-image":"","background-repeat":"repeat","background-position":"center center","background-size":"auto","background-attachment":"scroll","background-type":"","background-media":"","overlay-type":"","overlay-color":"","overlay-opacity":"","overlay-gradient":""},"mobile":{"background-color":"","background-image":"","background-repeat":"repeat","background-position":"center center","background-size":"auto","background-attachment":"scroll","background-type":"","background-media":"","overlay-type":"","overlay-color":"","overlay-opacity":"","overlay-gradient":""}},"ast-content-background-meta":{"desktop":{"background-color":"var(--ast-global-color-5)","background-image":"","background-repeat":"repeat","background-position":"center center","background-size":"auto","background-attachment":"scroll","background-type":"","background-media":"","overlay-type":"","overlay-color":"","overlay-opacity":"","overlay-gradient":""},"tablet":{"background-color":"var(--ast-global-color-5)","background-image":"","background-repeat":"repeat","background-position":"center center","background-size":"auto","background-attachment":"scroll","background-type":"","background-media":"","overlay-type":"","overlay-color":"","overlay-opacity":"","overlay-gradient":""},"mobile":{"background-color":"var(--ast-global-color-5)","background-image":"","background-repeat":"repeat","background-position":"center center","background-size":"auto","background-attachment":"scroll","background-type":"","background-media":"","overlay-type":"","overlay-color":"","overlay-opacity":"","overlay-gradient":""}},"footnotes":""},"categories":[107,67,68,69,1,29],"tags":[],"class_list":["post-3045","post","type-post","status-publish","format-standard","has-post-thumbnail","hentry","category-1eso","category-2eso","category-3eso","category-4eso","category-general","category-portada"],"post_mailing_queue_ids":[],"_links":{"self":[{"href":"https:\/\/agora.xtec.cat\/insneuscatala\/wp-json\/wp\/v2\/posts\/3045","targetHints":{"allow":["GET"]}}],"collection":[{"href":"https:\/\/agora.xtec.cat\/insneuscatala\/wp-json\/wp\/v2\/posts"}],"about":[{"href":"https:\/\/agora.xtec.cat\/insneuscatala\/wp-json\/wp\/v2\/types\/post"}],"author":[{"embeddable":true,"href":"https:\/\/agora.xtec.cat\/insneuscatala\/wp-json\/wp\/v2\/users\/1"}],"replies":[{"embeddable":true,"href":"https:\/\/agora.xtec.cat\/insneuscatala\/wp-json\/wp\/v2\/comments?post=3045"}],"version-history":[{"count":2,"href":"https:\/\/agora.xtec.cat\/insneuscatala\/wp-json\/wp\/v2\/posts\/3045\/revisions"}],"predecessor-version":[{"id":3061,"href":"https:\/\/agora.xtec.cat\/insneuscatala\/wp-json\/wp\/v2\/posts\/3045\/revisions\/3061"}],"wp:featuredmedia":[{"embeddable":true,"href":"https:\/\/agora.xtec.cat\/insneuscatala\/wp-json\/wp\/v2\/media\/3048"}],"wp:attachment":[{"href":"https:\/\/agora.xtec.cat\/insneuscatala\/wp-json\/wp\/v2\/media?parent=3045"}],"wp:term":[{"taxonomy":"category","embeddable":true,"href":"https:\/\/agora.xtec.cat\/insneuscatala\/wp-json\/wp\/v2\/categories?post=3045"},{"taxonomy":"post_tag","embeddable":true,"href":"https:\/\/agora.xtec.cat\/insneuscatala\/wp-json\/wp\/v2\/tags?post=3045"}],"curies":[{"name":"wp","href":"https:\/\/api.w.org\/{rel}","templated":true}]}}