{"id":3017,"date":"2019-12-12T19:45:13","date_gmt":"2019-12-12T18:45:13","guid":{"rendered":"http:\/\/agora.xtec.cat\/insneuscatala\/?p=3017"},"modified":"2019-12-12T20:02:45","modified_gmt":"2019-12-12T19:02:45","slug":"lart-de-la-fotografia","status":"publish","type":"post","link":"https:\/\/agora.xtec.cat\/insneuscatala\/general\/lart-de-la-fotografia\/","title":{"rendered":"L&#8217;art de la fotografia"},"content":{"rendered":"<p>L&#8217;alumnat de 4t d&#8217;ESO de l&#8217;optativa de Visual i Pl\u00e0stica s&#8217;han apropat a la fotografia de la m\u00e0 de Luisa Silva, coordinadora-docent de l&#8217;Espai Fotogr\u00e0fic Sant Ildefons.<\/p>\n<p>Han realitzat dos tallers on han pogut fer un tastet del meravell\u00f3s m\u00f3n de la fotografia.<\/p>\n<p>En una realitat com la nostra on les imatges han esdevingut &#8220;furioses&#8221;, com diria J. Fontcuberta,\u00a0 tenir-hi una mirada cr\u00edtica i saber-ne fer un bon \u00fas, \u00e9s b\u00e0sic&#8230; gaireb\u00e9 una q\u00fcesti\u00f3 de superviv\u00e8ncia.<\/p>\n<div>\n<p>Amb el taller de\u00a0Creaci\u00f3 d&#8217;imatges al laboratori\u00a0s<span id=\"m_3763137398651414127gmail-ctl00_contingut_WUCFitxa1_lblFitxa\">&#8216;ha intentat apropar l\u2019alumnat a la creaci\u00f3 fotogr\u00e0fica a partir d\u2019elements b\u00e0sics i quotidians component fotogrames al laboratori qu\u00edmic, utilitzat objectes i llum com a eines per a la creaci\u00f3 d\u2019imatges fotogr\u00e0fiques i f<\/span><span id=\"m_3763137398651414127gmail-ctl00_contingut_WUCFitxa1_lblFitxa\">inalment revelant ells mateixos les seves composicions<\/span><span id=\"m_3763137398651414127gmail-ctl00_contingut_WUCFitxa1_lblFitxa\"> de manera anal\u00f2gicoqu\u00edmica. <\/span><\/p>\n<p><span id=\"m_3763137398651414127gmail-ctl00_contingut_WUCFitxa1_lblFitxa\">Amb el taller &#8220;<\/span>Llenguatge del retrat i identitat digital&#8221;\u00a0<span id=\"m_3763137398651414127gmail-ctl00_contingut_WUCFitxa1_lblFitxa\">han treballat conceptes b\u00e0sics del llenguatge visual i han reflexionat sobre el potencial comunicatiu de la fotografia. Han visualitzat imatges d&#8217;artistes fot\u00f2grafs reconeguts dins la hist\u00f2ria de la fotografia i finalment, uns als altres, han intentat captar el m\u00f3n interior del company retratat i no tant la seva aparen\u00e7a est\u00e9tica.<\/span><span id=\"m_3763137398651414127gmail-ctl00_contingut_WUCFitxa1_lblFitxa\"><\/span><\/p>\n<p><span id=\"m_3763137398651414127gmail-ctl00_contingut_WUCFitxa1_lblFitxa\">Esperem haver despertat el &#8220;gustet&#8221; per aquesta t\u00e8cnica entre el nostre alumnat.<\/span><span id=\"m_3763137398651414127gmail-ctl00_contingut_WUCFitxa1_lblFitxa\"><\/span><\/p>\n<p><span id=\"m_3763137398651414127gmail-ctl00_contingut_WUCFitxa1_lblFitxa\">#noquieroqueeltalleracabe o #cuandovolvemos han sigut els hashtags del dia.<\/span><\/p>\n<p><a href=\"https:\/\/drive.google.com\/drive\/folders\/1D3E8j9fD3BqQMZizCq4mvgOnzOnvtapg?usp=sharing\" target=\"_blank\" rel=\"noopener noreferrer\">En aquest enlla\u00e7<\/a> podeu veure un recull de fotografies (mai m\u00e9s ben dit) del dia.<\/p>\n<p><a href=\"https:\/\/agora.xtec.cat\/insneuscatala\/wp-content\/uploads\/usu292\/2019\/12\/IMG_20191210_121218_3_2.jpg\"><img loading=\"lazy\" decoding=\"async\" class=\"aligncenter size-medium wp-image-3018\" src=\"https:\/\/agora.xtec.cat\/insneuscatala\/wp-content\/uploads\/usu292\/2019\/12\/IMG_20191210_121218_3_2-300x225.jpg\" alt=\"\" width=\"300\" height=\"225\" srcset=\"https:\/\/agora.xtec.cat\/insneuscatala\/wp-content\/uploads\/usu292\/2019\/12\/IMG_20191210_121218_3_2-300x225.jpg 300w, https:\/\/agora.xtec.cat\/insneuscatala\/wp-content\/uploads\/usu292\/2019\/12\/IMG_20191210_121218_3_2-768x576.jpg 768w, https:\/\/agora.xtec.cat\/insneuscatala\/wp-content\/uploads\/usu292\/2019\/12\/IMG_20191210_121218_3_2-1024x768.jpg 1024w, https:\/\/agora.xtec.cat\/insneuscatala\/wp-content\/uploads\/usu292\/2019\/12\/IMG_20191210_121218_3_2-200x150.jpg 200w, https:\/\/agora.xtec.cat\/insneuscatala\/wp-content\/uploads\/usu292\/2019\/12\/IMG_20191210_121218_3_2.jpg 1200w\" sizes=\"auto, (max-width: 300px) 100vw, 300px\" \/><\/a><\/p>\n<p><a href=\"https:\/\/agora.xtec.cat\/insneuscatala\/wp-content\/uploads\/usu292\/2019\/12\/IMG_20191212_122045_0_3.jpg\"><img loading=\"lazy\" decoding=\"async\" class=\"aligncenter size-medium wp-image-3019\" src=\"https:\/\/agora.xtec.cat\/insneuscatala\/wp-content\/uploads\/usu292\/2019\/12\/IMG_20191212_122045_0_3-300x64.jpg\" alt=\"\" width=\"300\" height=\"64\" srcset=\"https:\/\/agora.xtec.cat\/insneuscatala\/wp-content\/uploads\/usu292\/2019\/12\/IMG_20191212_122045_0_3-300x64.jpg 300w, https:\/\/agora.xtec.cat\/insneuscatala\/wp-content\/uploads\/usu292\/2019\/12\/IMG_20191212_122045_0_3-768x163.jpg 768w, https:\/\/agora.xtec.cat\/insneuscatala\/wp-content\/uploads\/usu292\/2019\/12\/IMG_20191212_122045_0_3-1024x217.jpg 1024w, https:\/\/agora.xtec.cat\/insneuscatala\/wp-content\/uploads\/usu292\/2019\/12\/IMG_20191212_122045_0_3.jpg 1194w\" sizes=\"auto, (max-width: 300px) 100vw, 300px\" \/><\/a><\/p>\n<p><a href=\"https:\/\/agora.xtec.cat\/insneuscatala\/wp-content\/uploads\/usu292\/2019\/12\/20191212_131451-01.jpeg\"><img loading=\"lazy\" decoding=\"async\" class=\"aligncenter size-medium wp-image-3020\" src=\"https:\/\/agora.xtec.cat\/insneuscatala\/wp-content\/uploads\/usu292\/2019\/12\/20191212_131451-01-169x300.jpeg\" alt=\"\" width=\"169\" height=\"300\" srcset=\"https:\/\/agora.xtec.cat\/insneuscatala\/wp-content\/uploads\/usu292\/2019\/12\/20191212_131451-01-169x300.jpeg 169w, https:\/\/agora.xtec.cat\/insneuscatala\/wp-content\/uploads\/usu292\/2019\/12\/20191212_131451-01-768x1365.jpeg 768w, https:\/\/agora.xtec.cat\/insneuscatala\/wp-content\/uploads\/usu292\/2019\/12\/20191212_131451-01-576x1024.jpeg 576w, https:\/\/agora.xtec.cat\/insneuscatala\/wp-content\/uploads\/usu292\/2019\/12\/20191212_131451-01.jpeg 1200w\" sizes=\"auto, (max-width: 169px) 100vw, 169px\" \/><\/a><\/p>\n<\/div>\n","protected":false},"excerpt":{"rendered":"<p>L&#8217;alumnat de 4t d&#8217;ESO de l&#8217;optativa de Visual i Pl\u00e0stica s&#8217;han apropat a la fotografia de la m\u00e0 de Luisa Silva, coordinadora-docent de l&#8217;Espai Fotogr\u00e0fic Sant Ildefons. Han realitzat dos tallers on han pogut fer un tastet del meravell\u00f3s m\u00f3n de la fotografia. En una realitat com la nostra on les imatges han esdevingut &#8220;furioses&#8221;, [&hellip;]<\/p>\n","protected":false},"author":1,"featured_media":3021,"comment_status":"open","ping_status":"closed","sticky":false,"template":"","format":"standard","meta":{"_bbp_topic_count":0,"_bbp_reply_count":0,"_bbp_total_topic_count":0,"_bbp_total_reply_count":0,"_bbp_voice_count":0,"_bbp_anonymous_reply_count":0,"_bbp_topic_count_hidden":0,"_bbp_reply_count_hidden":0,"_bbp_forum_subforum_count":0,"site-sidebar-layout":"default","site-content-layout":"","ast-site-content-layout":"","site-content-style":"default","site-sidebar-style":"default","ast-global-header-display":"","ast-banner-title-visibility":"","ast-main-header-display":"","ast-hfb-above-header-display":"","ast-hfb-below-header-display":"","ast-hfb-mobile-header-display":"","site-post-title":"","ast-breadcrumbs-content":"","ast-featured-img":"","footer-sml-layout":"","theme-transparent-header-meta":"","adv-header-id-meta":"","stick-header-meta":"","header-above-stick-meta":"","header-main-stick-meta":"","header-below-stick-meta":"","astra-migrate-meta-layouts":"default","ast-page-background-enabled":"default","ast-page-background-meta":{"desktop":{"background-color":"var(--ast-global-color-4)","background-image":"","background-repeat":"repeat","background-position":"center center","background-size":"auto","background-attachment":"scroll","background-type":"","background-media":"","overlay-type":"","overlay-color":"","overlay-opacity":"","overlay-gradient":""},"tablet":{"background-color":"","background-image":"","background-repeat":"repeat","background-position":"center center","background-size":"auto","background-attachment":"scroll","background-type":"","background-media":"","overlay-type":"","overlay-color":"","overlay-opacity":"","overlay-gradient":""},"mobile":{"background-color":"","background-image":"","background-repeat":"repeat","background-position":"center center","background-size":"auto","background-attachment":"scroll","background-type":"","background-media":"","overlay-type":"","overlay-color":"","overlay-opacity":"","overlay-gradient":""}},"ast-content-background-meta":{"desktop":{"background-color":"var(--ast-global-color-5)","background-image":"","background-repeat":"repeat","background-position":"center center","background-size":"auto","background-attachment":"scroll","background-type":"","background-media":"","overlay-type":"","overlay-color":"","overlay-opacity":"","overlay-gradient":""},"tablet":{"background-color":"var(--ast-global-color-5)","background-image":"","background-repeat":"repeat","background-position":"center center","background-size":"auto","background-attachment":"scroll","background-type":"","background-media":"","overlay-type":"","overlay-color":"","overlay-opacity":"","overlay-gradient":""},"mobile":{"background-color":"var(--ast-global-color-5)","background-image":"","background-repeat":"repeat","background-position":"center center","background-size":"auto","background-attachment":"scroll","background-type":"","background-media":"","overlay-type":"","overlay-color":"","overlay-opacity":"","overlay-gradient":""}},"footnotes":""},"categories":[69,1,29],"tags":[],"class_list":["post-3017","post","type-post","status-publish","format-standard","has-post-thumbnail","hentry","category-4eso","category-general","category-portada"],"post_mailing_queue_ids":[],"_links":{"self":[{"href":"https:\/\/agora.xtec.cat\/insneuscatala\/wp-json\/wp\/v2\/posts\/3017","targetHints":{"allow":["GET"]}}],"collection":[{"href":"https:\/\/agora.xtec.cat\/insneuscatala\/wp-json\/wp\/v2\/posts"}],"about":[{"href":"https:\/\/agora.xtec.cat\/insneuscatala\/wp-json\/wp\/v2\/types\/post"}],"author":[{"embeddable":true,"href":"https:\/\/agora.xtec.cat\/insneuscatala\/wp-json\/wp\/v2\/users\/1"}],"replies":[{"embeddable":true,"href":"https:\/\/agora.xtec.cat\/insneuscatala\/wp-json\/wp\/v2\/comments?post=3017"}],"version-history":[{"count":3,"href":"https:\/\/agora.xtec.cat\/insneuscatala\/wp-json\/wp\/v2\/posts\/3017\/revisions"}],"predecessor-version":[{"id":3024,"href":"https:\/\/agora.xtec.cat\/insneuscatala\/wp-json\/wp\/v2\/posts\/3017\/revisions\/3024"}],"wp:featuredmedia":[{"embeddable":true,"href":"https:\/\/agora.xtec.cat\/insneuscatala\/wp-json\/wp\/v2\/media\/3021"}],"wp:attachment":[{"href":"https:\/\/agora.xtec.cat\/insneuscatala\/wp-json\/wp\/v2\/media?parent=3017"}],"wp:term":[{"taxonomy":"category","embeddable":true,"href":"https:\/\/agora.xtec.cat\/insneuscatala\/wp-json\/wp\/v2\/categories?post=3017"},{"taxonomy":"post_tag","embeddable":true,"href":"https:\/\/agora.xtec.cat\/insneuscatala\/wp-json\/wp\/v2\/tags?post=3017"}],"curies":[{"name":"wp","href":"https:\/\/api.w.org\/{rel}","templated":true}]}}