{"id":3013,"date":"2019-12-16T04:00:06","date_gmt":"2019-12-16T03:00:06","guid":{"rendered":"http:\/\/agora.xtec.cat\/insneuscatala\/?p=3013"},"modified":"2019-12-16T18:24:56","modified_gmt":"2019-12-16T17:24:56","slug":"inauguracio-de-lexposicio-el-llegat-de-lal-andalus","status":"publish","type":"post","link":"https:\/\/agora.xtec.cat\/insneuscatala\/general\/inauguracio-de-lexposicio-el-llegat-de-lal-andalus\/","title":{"rendered":"Exposici\u00f3 &#8220;El llegat de l&#8217;Al-\u00c0ndalus&#8221;, treball per projectes \u00e0mbit human\u00edstic"},"content":{"rendered":"<p>Despr\u00e9s de la inauguraci\u00f3 del passat 10 de desembre, l&#8217;exposici\u00f3 \u00b7&#8221;El llegat de l&#8217;Al-\u00c1ndalus&#8221;, que ha realitzat l&#8217;alumnat de 3r d&#8217;ESO dins del treball per projectes de l&#8217;\u00e0mbit human\u00edstic, es pot veure al vest\u00edbul de l&#8217;auditori de la Biblioteca de Sant Ildefons (Pla\u00e7a Carles Navales, s\/n) fins el proper 20 de desembre.<\/p>\n<p>A l&#8217;exposici\u00f3, que \u00e9s el fruit d&#8217;un enc\u00e0rrec extern de l&#8217;associaci\u00f3 Cornell\u00e0 Sense Fronteres, s&#8217;hi pot veure informaci\u00f3 sobre la pres\u00e8ncia de la cultura andalus\u00ed a la Pen\u00ednsula ib\u00e8rica i una reflexi\u00f3 sobre la pres\u00e8ncia cultural de l&#8217;Al-\u00c0ndalus a la societat actual i els or\u00edgens interculturals de la nostra societat.<\/p>\n<p>La informaci\u00f3 exposada en els plafons tamb\u00e9 es pot sentir a trav\u00e9s d&#8217;uns codis qr que, llegits des del m\u00f2bil, enllacen a unes gravacions de veu que complementen (en llengua castellana) la informaci\u00f3 escrita en els plafons, que s&#8217;han fet en llengua catalana.<\/p>\n<p>Recordeu! La podeu visitar fins al proper dia 20! No us la perdeu!<\/p>\n<p>&nbsp;<\/p>\n<p><a href=\"https:\/\/agora.xtec.cat\/insneuscatala\/wp-content\/uploads\/usu292\/2019\/12\/aa3.png\"><img loading=\"lazy\" decoding=\"async\" class=\"aligncenter size-medium wp-image-3038\" src=\"https:\/\/agora.xtec.cat\/insneuscatala\/wp-content\/uploads\/usu292\/2019\/12\/aa3-300x148.png\" alt=\"\" width=\"300\" height=\"148\" srcset=\"https:\/\/agora.xtec.cat\/insneuscatala\/wp-content\/uploads\/usu292\/2019\/12\/aa3-300x148.png 300w, https:\/\/agora.xtec.cat\/insneuscatala\/wp-content\/uploads\/usu292\/2019\/12\/aa3-768x378.png 768w, https:\/\/agora.xtec.cat\/insneuscatala\/wp-content\/uploads\/usu292\/2019\/12\/aa3.png 963w\" sizes=\"auto, (max-width: 300px) 100vw, 300px\" \/><\/a><\/p>\n<p><a href=\"https:\/\/agora.xtec.cat\/insneuscatala\/wp-content\/uploads\/usu292\/2019\/12\/aa1.png\"><img loading=\"lazy\" decoding=\"async\" class=\"aligncenter size-medium wp-image-3037\" src=\"https:\/\/agora.xtec.cat\/insneuscatala\/wp-content\/uploads\/usu292\/2019\/12\/aa1-300x134.png\" alt=\"\" width=\"300\" height=\"134\" srcset=\"https:\/\/agora.xtec.cat\/insneuscatala\/wp-content\/uploads\/usu292\/2019\/12\/aa1-300x134.png 300w, https:\/\/agora.xtec.cat\/insneuscatala\/wp-content\/uploads\/usu292\/2019\/12\/aa1-768x342.png 768w, https:\/\/agora.xtec.cat\/insneuscatala\/wp-content\/uploads\/usu292\/2019\/12\/aa1.png 945w\" sizes=\"auto, (max-width: 300px) 100vw, 300px\" \/><\/a><\/p>\n<p><a href=\"https:\/\/agora.xtec.cat\/insneuscatala\/wp-content\/uploads\/usu292\/2019\/12\/IMG-20191210-WA0008.jpg\"><img loading=\"lazy\" decoding=\"async\" class=\"aligncenter size-medium wp-image-3039\" src=\"https:\/\/agora.xtec.cat\/insneuscatala\/wp-content\/uploads\/usu292\/2019\/12\/IMG-20191210-WA0008-289x300.jpg\" alt=\"\" width=\"289\" height=\"300\" srcset=\"https:\/\/agora.xtec.cat\/insneuscatala\/wp-content\/uploads\/usu292\/2019\/12\/IMG-20191210-WA0008-289x300.jpg 289w, https:\/\/agora.xtec.cat\/insneuscatala\/wp-content\/uploads\/usu292\/2019\/12\/IMG-20191210-WA0008.jpg 514w\" sizes=\"auto, (max-width: 289px) 100vw, 289px\" \/><\/a><\/p>\n","protected":false},"excerpt":{"rendered":"<p>Despr\u00e9s de la inauguraci\u00f3 del passat 10 de desembre, l&#8217;exposici\u00f3 \u00b7&#8221;El llegat de l&#8217;Al-\u00c1ndalus&#8221;, que ha realitzat l&#8217;alumnat de 3r d&#8217;ESO dins del treball per projectes de l&#8217;\u00e0mbit human\u00edstic, es pot veure al vest\u00edbul de l&#8217;auditori de la Biblioteca de Sant Ildefons (Pla\u00e7a Carles Navales, s\/n) fins el proper 20 de desembre. A l&#8217;exposici\u00f3, que [&hellip;]<\/p>\n","protected":false},"author":1,"featured_media":3036,"comment_status":"open","ping_status":"closed","sticky":false,"template":"","format":"standard","meta":{"_bbp_topic_count":0,"_bbp_reply_count":0,"_bbp_total_topic_count":0,"_bbp_total_reply_count":0,"_bbp_voice_count":0,"_bbp_anonymous_reply_count":0,"_bbp_topic_count_hidden":0,"_bbp_reply_count_hidden":0,"_bbp_forum_subforum_count":0,"site-sidebar-layout":"default","site-content-layout":"","ast-site-content-layout":"","site-content-style":"default","site-sidebar-style":"default","ast-global-header-display":"","ast-banner-title-visibility":"","ast-main-header-display":"","ast-hfb-above-header-display":"","ast-hfb-below-header-display":"","ast-hfb-mobile-header-display":"","site-post-title":"","ast-breadcrumbs-content":"","ast-featured-img":"","footer-sml-layout":"","theme-transparent-header-meta":"","adv-header-id-meta":"","stick-header-meta":"","header-above-stick-meta":"","header-main-stick-meta":"","header-below-stick-meta":"","astra-migrate-meta-layouts":"default","ast-page-background-enabled":"default","ast-page-background-meta":{"desktop":{"background-color":"var(--ast-global-color-4)","background-image":"","background-repeat":"repeat","background-position":"center center","background-size":"auto","background-attachment":"scroll","background-type":"","background-media":"","overlay-type":"","overlay-color":"","overlay-opacity":"","overlay-gradient":""},"tablet":{"background-color":"","background-image":"","background-repeat":"repeat","background-position":"center center","background-size":"auto","background-attachment":"scroll","background-type":"","background-media":"","overlay-type":"","overlay-color":"","overlay-opacity":"","overlay-gradient":""},"mobile":{"background-color":"","background-image":"","background-repeat":"repeat","background-position":"center center","background-size":"auto","background-attachment":"scroll","background-type":"","background-media":"","overlay-type":"","overlay-color":"","overlay-opacity":"","overlay-gradient":""}},"ast-content-background-meta":{"desktop":{"background-color":"var(--ast-global-color-5)","background-image":"","background-repeat":"repeat","background-position":"center center","background-size":"auto","background-attachment":"scroll","background-type":"","background-media":"","overlay-type":"","overlay-color":"","overlay-opacity":"","overlay-gradient":""},"tablet":{"background-color":"var(--ast-global-color-5)","background-image":"","background-repeat":"repeat","background-position":"center center","background-size":"auto","background-attachment":"scroll","background-type":"","background-media":"","overlay-type":"","overlay-color":"","overlay-opacity":"","overlay-gradient":""},"mobile":{"background-color":"var(--ast-global-color-5)","background-image":"","background-repeat":"repeat","background-position":"center center","background-size":"auto","background-attachment":"scroll","background-type":"","background-media":"","overlay-type":"","overlay-color":"","overlay-opacity":"","overlay-gradient":""}},"footnotes":""},"categories":[68,1,29],"tags":[],"class_list":["post-3013","post","type-post","status-publish","format-standard","has-post-thumbnail","hentry","category-3eso","category-general","category-portada"],"post_mailing_queue_ids":[],"_links":{"self":[{"href":"https:\/\/agora.xtec.cat\/insneuscatala\/wp-json\/wp\/v2\/posts\/3013","targetHints":{"allow":["GET"]}}],"collection":[{"href":"https:\/\/agora.xtec.cat\/insneuscatala\/wp-json\/wp\/v2\/posts"}],"about":[{"href":"https:\/\/agora.xtec.cat\/insneuscatala\/wp-json\/wp\/v2\/types\/post"}],"author":[{"embeddable":true,"href":"https:\/\/agora.xtec.cat\/insneuscatala\/wp-json\/wp\/v2\/users\/1"}],"replies":[{"embeddable":true,"href":"https:\/\/agora.xtec.cat\/insneuscatala\/wp-json\/wp\/v2\/comments?post=3013"}],"version-history":[{"count":3,"href":"https:\/\/agora.xtec.cat\/insneuscatala\/wp-json\/wp\/v2\/posts\/3013\/revisions"}],"predecessor-version":[{"id":3040,"href":"https:\/\/agora.xtec.cat\/insneuscatala\/wp-json\/wp\/v2\/posts\/3013\/revisions\/3040"}],"wp:featuredmedia":[{"embeddable":true,"href":"https:\/\/agora.xtec.cat\/insneuscatala\/wp-json\/wp\/v2\/media\/3036"}],"wp:attachment":[{"href":"https:\/\/agora.xtec.cat\/insneuscatala\/wp-json\/wp\/v2\/media?parent=3013"}],"wp:term":[{"taxonomy":"category","embeddable":true,"href":"https:\/\/agora.xtec.cat\/insneuscatala\/wp-json\/wp\/v2\/categories?post=3013"},{"taxonomy":"post_tag","embeddable":true,"href":"https:\/\/agora.xtec.cat\/insneuscatala\/wp-json\/wp\/v2\/tags?post=3013"}],"curies":[{"name":"wp","href":"https:\/\/api.w.org\/{rel}","templated":true}]}}