{"id":2856,"date":"2019-10-06T10:54:51","date_gmt":"2019-10-06T08:54:51","guid":{"rendered":"http:\/\/agora.xtec.cat\/insneuscatala\/?p=2856"},"modified":"2019-10-07T14:19:13","modified_gmt":"2019-10-07T12:19:13","slug":"setmana-neus-catala","status":"publish","type":"post","link":"https:\/\/agora.xtec.cat\/insneuscatala\/general\/setmana-neus-catala\/","title":{"rendered":"Setmana Neus Catal\u00e0"},"content":{"rendered":"<p>Avui diumenge 6 d&#8217;octubre fa 104 anys que va n\u00e9ixer la Neus Catal\u00e0. Ho va fer als Guiamets, al Priorat; i all\u00e0 va comen\u00e7ar una llarga vida que inspira els valors de lluita per la llibertat i la dignitat personal i col\u00b7lectiva que impregnen tamb\u00e9 els valors del nostre centre i que ens han portat a posar-li el seu nom en homenatge i record a la seva traject\u00f2ria vital.<\/p>\n<p>\u00c9s per aquest motiu, i per commemorar aquesta efem\u00e8ride, que aquesta propera setmana, a l&#8217;Institut Neus Catal\u00e0, celebrarem la <strong>Setmana Neus Catal\u00e0<\/strong>. I&#8230; Com ho farem?<\/p>\n<p>Doncs intentant impregnar tota la setmana del seu record, a trav\u00e9s dels <a href=\"https:\/\/sites.google.com\/inscornella.cat\/1920-espaistransversals\/inici\" target=\"_blank\" rel=\"noopener noreferrer\">espais transversals de benvinguda i lectura<\/a> que realitzem cada dia i que formen part del nostre projecte de centre. L&#8217;espai de benvinguda d&#8217;aquesta setmana estar\u00e0 plenament dedicat a la figura de la Neus Catal\u00e0, i a l&#8217;espai de lectura llegirem diferents textos tamb\u00e9 centrats en la seva persona: una biografia, fragments d&#8217;entrevistes, fragments de la seva vida novel\u00b7lada&#8230;<\/p>\n<p>I la setmana acabar\u00e0 amb una sorpresa! Una festa d&#8217;aniversari per celebrar el record de la seva figura i fer-nos-la encara una mica m\u00e9s nostra&#8230;<\/p>\n<p>Tot comen\u00e7ar\u00e0 amb la Benvinguda de dem\u00e0 al mat\u00ed&#8230; No us ho perdeu!<\/p>\n<p>&nbsp;<\/p>\n<p><a href=\"https:\/\/agora.xtec.cat\/insneuscatala\/wp-content\/uploads\/usu292\/2019\/10\/NC.png\"><img loading=\"lazy\" decoding=\"async\" class=\"aligncenter size-medium wp-image-2857\" src=\"https:\/\/agora.xtec.cat\/insneuscatala\/wp-content\/uploads\/usu292\/2019\/10\/NC-300x198.png\" alt=\"\" width=\"300\" height=\"198\" srcset=\"https:\/\/agora.xtec.cat\/insneuscatala\/wp-content\/uploads\/usu292\/2019\/10\/NC-300x198.png 300w, https:\/\/agora.xtec.cat\/insneuscatala\/wp-content\/uploads\/usu292\/2019\/10\/NC-768x508.png 768w, https:\/\/agora.xtec.cat\/insneuscatala\/wp-content\/uploads\/usu292\/2019\/10\/NC-1024x677.png 1024w, https:\/\/agora.xtec.cat\/insneuscatala\/wp-content\/uploads\/usu292\/2019\/10\/NC.png 1242w\" sizes=\"auto, (max-width: 300px) 100vw, 300px\" \/><\/a><\/p>\n","protected":false},"excerpt":{"rendered":"<p>Avui diumenge 6 d&#8217;octubre fa 104 anys que va n\u00e9ixer la Neus Catal\u00e0. Ho va fer als Guiamets, al Priorat; i all\u00e0 va comen\u00e7ar una llarga vida que inspira els valors de lluita per la llibertat i la dignitat personal i col\u00b7lectiva que impregnen tamb\u00e9 els valors del nostre centre i que ens han portat [&hellip;]<\/p>\n","protected":false},"author":1,"featured_media":2861,"comment_status":"open","ping_status":"closed","sticky":false,"template":"","format":"standard","meta":{"_bbp_topic_count":0,"_bbp_reply_count":0,"_bbp_total_topic_count":0,"_bbp_total_reply_count":0,"_bbp_voice_count":0,"_bbp_anonymous_reply_count":0,"_bbp_topic_count_hidden":0,"_bbp_reply_count_hidden":0,"_bbp_forum_subforum_count":0,"site-sidebar-layout":"default","site-content-layout":"","ast-site-content-layout":"","site-content-style":"default","site-sidebar-style":"default","ast-global-header-display":"","ast-banner-title-visibility":"","ast-main-header-display":"","ast-hfb-above-header-display":"","ast-hfb-below-header-display":"","ast-hfb-mobile-header-display":"","site-post-title":"","ast-breadcrumbs-content":"","ast-featured-img":"","footer-sml-layout":"","theme-transparent-header-meta":"","adv-header-id-meta":"","stick-header-meta":"","header-above-stick-meta":"","header-main-stick-meta":"","header-below-stick-meta":"","astra-migrate-meta-layouts":"default","ast-page-background-enabled":"default","ast-page-background-meta":{"desktop":{"background-color":"var(--ast-global-color-4)","background-image":"","background-repeat":"repeat","background-position":"center center","background-size":"auto","background-attachment":"scroll","background-type":"","background-media":"","overlay-type":"","overlay-color":"","overlay-opacity":"","overlay-gradient":""},"tablet":{"background-color":"","background-image":"","background-repeat":"repeat","background-position":"center center","background-size":"auto","background-attachment":"scroll","background-type":"","background-media":"","overlay-type":"","overlay-color":"","overlay-opacity":"","overlay-gradient":""},"mobile":{"background-color":"","background-image":"","background-repeat":"repeat","background-position":"center center","background-size":"auto","background-attachment":"scroll","background-type":"","background-media":"","overlay-type":"","overlay-color":"","overlay-opacity":"","overlay-gradient":""}},"ast-content-background-meta":{"desktop":{"background-color":"var(--ast-global-color-5)","background-image":"","background-repeat":"repeat","background-position":"center center","background-size":"auto","background-attachment":"scroll","background-type":"","background-media":"","overlay-type":"","overlay-color":"","overlay-opacity":"","overlay-gradient":""},"tablet":{"background-color":"var(--ast-global-color-5)","background-image":"","background-repeat":"repeat","background-position":"center center","background-size":"auto","background-attachment":"scroll","background-type":"","background-media":"","overlay-type":"","overlay-color":"","overlay-opacity":"","overlay-gradient":""},"mobile":{"background-color":"var(--ast-global-color-5)","background-image":"","background-repeat":"repeat","background-position":"center center","background-size":"auto","background-attachment":"scroll","background-type":"","background-media":"","overlay-type":"","overlay-color":"","overlay-opacity":"","overlay-gradient":""}},"footnotes":""},"categories":[107,67,68,69,1,29],"tags":[],"class_list":["post-2856","post","type-post","status-publish","format-standard","has-post-thumbnail","hentry","category-1eso","category-2eso","category-3eso","category-4eso","category-general","category-portada"],"post_mailing_queue_ids":[],"_links":{"self":[{"href":"https:\/\/agora.xtec.cat\/insneuscatala\/wp-json\/wp\/v2\/posts\/2856","targetHints":{"allow":["GET"]}}],"collection":[{"href":"https:\/\/agora.xtec.cat\/insneuscatala\/wp-json\/wp\/v2\/posts"}],"about":[{"href":"https:\/\/agora.xtec.cat\/insneuscatala\/wp-json\/wp\/v2\/types\/post"}],"author":[{"embeddable":true,"href":"https:\/\/agora.xtec.cat\/insneuscatala\/wp-json\/wp\/v2\/users\/1"}],"replies":[{"embeddable":true,"href":"https:\/\/agora.xtec.cat\/insneuscatala\/wp-json\/wp\/v2\/comments?post=2856"}],"version-history":[{"count":2,"href":"https:\/\/agora.xtec.cat\/insneuscatala\/wp-json\/wp\/v2\/posts\/2856\/revisions"}],"predecessor-version":[{"id":2860,"href":"https:\/\/agora.xtec.cat\/insneuscatala\/wp-json\/wp\/v2\/posts\/2856\/revisions\/2860"}],"wp:featuredmedia":[{"embeddable":true,"href":"https:\/\/agora.xtec.cat\/insneuscatala\/wp-json\/wp\/v2\/media\/2861"}],"wp:attachment":[{"href":"https:\/\/agora.xtec.cat\/insneuscatala\/wp-json\/wp\/v2\/media?parent=2856"}],"wp:term":[{"taxonomy":"category","embeddable":true,"href":"https:\/\/agora.xtec.cat\/insneuscatala\/wp-json\/wp\/v2\/categories?post=2856"},{"taxonomy":"post_tag","embeddable":true,"href":"https:\/\/agora.xtec.cat\/insneuscatala\/wp-json\/wp\/v2\/tags?post=2856"}],"curies":[{"name":"wp","href":"https:\/\/api.w.org\/{rel}","templated":true}]}}