{"id":2578,"date":"2019-06-16T19:45:20","date_gmt":"2019-06-16T17:45:20","guid":{"rendered":"http:\/\/agora.xtec.cat\/insneuscatala\/?p=2578"},"modified":"2019-06-16T19:45:20","modified_gmt":"2019-06-16T17:45:20","slug":"diputats-i-diputades-del-parlament-de-catalunya-per-un-dia","status":"publish","type":"post","link":"https:\/\/agora.xtec.cat\/insneuscatala\/general\/diputats-i-diputades-del-parlament-de-catalunya-per-un-dia\/","title":{"rendered":"Diputats i diputades del Parlament de Catalunya per un dia"},"content":{"rendered":"<p>L&#8217;alumnat de 4t d&#8217;ESO va anar el divendres 7 de juny a fer un taller al Parlament de Catalunya. Dins de les activitats pr\u00f2pies del curr\u00edculum de Ci\u00e8ncies Socials van estar preparant a classe la craci\u00f3 de partits pol\u00edtics de diferents ideologies, amb els seus respectius programes electorals.<\/p>\n<p>Un cop al Parlament, els portaveus de cadascun dels partits creats van haver de defensar els seus posicionaments i respondre les preguntes de la resta de diputats d&#8217;altres partits, de manera que al final havien d&#8217;arribar a un acord per poder formar la Mesa parlament\u00e0ria i escollir el que seria el futur president\/a del Govern de Catalunya, juntament amb els seus Consellers\/es.<\/p>\n<p>L&#8217;activitat va ser molt interessant, perqu\u00e8 a banda de permetre entendre el funcionament b\u00e0sic de l&#8217;activitat parlament\u00e0ria i posar en context els aprenentatges curriculars vinculats als processos democr\u00e0tics i el sufragi universal, aix\u00ed com la capacitat d&#8217;orat\u00f2ria, tamb\u00e9 va permetre visitar les instal\u00b7lacions del Parlament de Catalunya i entendre molt millor les caraceter\u00edstiques i el funcionament de la cambra legislativa catalana.<\/p>\n<p><a href=\"https:\/\/agora.xtec.cat\/insneuscatala\/wp-content\/uploads\/usu292\/2019\/06\/IMG_20190607_091839.jpg\"><img loading=\"lazy\" decoding=\"async\" class=\"aligncenter size-medium wp-image-2579\" src=\"https:\/\/agora.xtec.cat\/insneuscatala\/wp-content\/uploads\/usu292\/2019\/06\/IMG_20190607_091839-300x225.jpg\" alt=\"\" width=\"300\" height=\"225\" srcset=\"https:\/\/agora.xtec.cat\/insneuscatala\/wp-content\/uploads\/usu292\/2019\/06\/IMG_20190607_091839-300x225.jpg 300w, https:\/\/agora.xtec.cat\/insneuscatala\/wp-content\/uploads\/usu292\/2019\/06\/IMG_20190607_091839-768x576.jpg 768w, https:\/\/agora.xtec.cat\/insneuscatala\/wp-content\/uploads\/usu292\/2019\/06\/IMG_20190607_091839-1024x768.jpg 1024w, https:\/\/agora.xtec.cat\/insneuscatala\/wp-content\/uploads\/usu292\/2019\/06\/IMG_20190607_091839-200x150.jpg 200w, https:\/\/agora.xtec.cat\/insneuscatala\/wp-content\/uploads\/usu292\/2019\/06\/IMG_20190607_091839.jpg 1400w\" sizes=\"auto, (max-width: 300px) 100vw, 300px\" \/><\/a><\/p>\n<p><a href=\"https:\/\/agora.xtec.cat\/insneuscatala\/wp-content\/uploads\/usu292\/2019\/06\/IMG_20190607_102134.jpg\"><img loading=\"lazy\" decoding=\"async\" class=\"aligncenter size-medium wp-image-2580\" src=\"https:\/\/agora.xtec.cat\/insneuscatala\/wp-content\/uploads\/usu292\/2019\/06\/IMG_20190607_102134-300x225.jpg\" alt=\"\" width=\"300\" height=\"225\" srcset=\"https:\/\/agora.xtec.cat\/insneuscatala\/wp-content\/uploads\/usu292\/2019\/06\/IMG_20190607_102134-300x225.jpg 300w, https:\/\/agora.xtec.cat\/insneuscatala\/wp-content\/uploads\/usu292\/2019\/06\/IMG_20190607_102134-768x576.jpg 768w, https:\/\/agora.xtec.cat\/insneuscatala\/wp-content\/uploads\/usu292\/2019\/06\/IMG_20190607_102134-1024x768.jpg 1024w, https:\/\/agora.xtec.cat\/insneuscatala\/wp-content\/uploads\/usu292\/2019\/06\/IMG_20190607_102134-200x150.jpg 200w, https:\/\/agora.xtec.cat\/insneuscatala\/wp-content\/uploads\/usu292\/2019\/06\/IMG_20190607_102134.jpg 1400w\" sizes=\"auto, (max-width: 300px) 100vw, 300px\" \/><\/a><\/p>\n","protected":false},"excerpt":{"rendered":"<p>L&#8217;alumnat de 4t d&#8217;ESO va anar el divendres 7 de juny a fer un taller al Parlament de Catalunya. Dins de les activitats pr\u00f2pies del curr\u00edculum de Ci\u00e8ncies Socials van estar preparant a classe la craci\u00f3 de partits pol\u00edtics de diferents ideologies, amb els seus respectius programes electorals. Un cop al Parlament, els portaveus de [&hellip;]<\/p>\n","protected":false},"author":1,"featured_media":2581,"comment_status":"open","ping_status":"closed","sticky":false,"template":"","format":"standard","meta":{"_bbp_topic_count":0,"_bbp_reply_count":0,"_bbp_total_topic_count":0,"_bbp_total_reply_count":0,"_bbp_voice_count":0,"_bbp_anonymous_reply_count":0,"_bbp_topic_count_hidden":0,"_bbp_reply_count_hidden":0,"_bbp_forum_subforum_count":0,"site-sidebar-layout":"default","site-content-layout":"","ast-site-content-layout":"","site-content-style":"default","site-sidebar-style":"default","ast-global-header-display":"","ast-banner-title-visibility":"","ast-main-header-display":"","ast-hfb-above-header-display":"","ast-hfb-below-header-display":"","ast-hfb-mobile-header-display":"","site-post-title":"","ast-breadcrumbs-content":"","ast-featured-img":"","footer-sml-layout":"","theme-transparent-header-meta":"","adv-header-id-meta":"","stick-header-meta":"","header-above-stick-meta":"","header-main-stick-meta":"","header-below-stick-meta":"","astra-migrate-meta-layouts":"default","ast-page-background-enabled":"default","ast-page-background-meta":{"desktop":{"background-color":"var(--ast-global-color-4)","background-image":"","background-repeat":"repeat","background-position":"center center","background-size":"auto","background-attachment":"scroll","background-type":"","background-media":"","overlay-type":"","overlay-color":"","overlay-opacity":"","overlay-gradient":""},"tablet":{"background-color":"","background-image":"","background-repeat":"repeat","background-position":"center center","background-size":"auto","background-attachment":"scroll","background-type":"","background-media":"","overlay-type":"","overlay-color":"","overlay-opacity":"","overlay-gradient":""},"mobile":{"background-color":"","background-image":"","background-repeat":"repeat","background-position":"center center","background-size":"auto","background-attachment":"scroll","background-type":"","background-media":"","overlay-type":"","overlay-color":"","overlay-opacity":"","overlay-gradient":""}},"ast-content-background-meta":{"desktop":{"background-color":"var(--ast-global-color-5)","background-image":"","background-repeat":"repeat","background-position":"center center","background-size":"auto","background-attachment":"scroll","background-type":"","background-media":"","overlay-type":"","overlay-color":"","overlay-opacity":"","overlay-gradient":""},"tablet":{"background-color":"var(--ast-global-color-5)","background-image":"","background-repeat":"repeat","background-position":"center center","background-size":"auto","background-attachment":"scroll","background-type":"","background-media":"","overlay-type":"","overlay-color":"","overlay-opacity":"","overlay-gradient":""},"mobile":{"background-color":"var(--ast-global-color-5)","background-image":"","background-repeat":"repeat","background-position":"center center","background-size":"auto","background-attachment":"scroll","background-type":"","background-media":"","overlay-type":"","overlay-color":"","overlay-opacity":"","overlay-gradient":""}},"footnotes":""},"categories":[69,1,29],"tags":[],"class_list":["post-2578","post","type-post","status-publish","format-standard","has-post-thumbnail","hentry","category-4eso","category-general","category-portada"],"post_mailing_queue_ids":[],"_links":{"self":[{"href":"https:\/\/agora.xtec.cat\/insneuscatala\/wp-json\/wp\/v2\/posts\/2578","targetHints":{"allow":["GET"]}}],"collection":[{"href":"https:\/\/agora.xtec.cat\/insneuscatala\/wp-json\/wp\/v2\/posts"}],"about":[{"href":"https:\/\/agora.xtec.cat\/insneuscatala\/wp-json\/wp\/v2\/types\/post"}],"author":[{"embeddable":true,"href":"https:\/\/agora.xtec.cat\/insneuscatala\/wp-json\/wp\/v2\/users\/1"}],"replies":[{"embeddable":true,"href":"https:\/\/agora.xtec.cat\/insneuscatala\/wp-json\/wp\/v2\/comments?post=2578"}],"version-history":[{"count":1,"href":"https:\/\/agora.xtec.cat\/insneuscatala\/wp-json\/wp\/v2\/posts\/2578\/revisions"}],"predecessor-version":[{"id":2582,"href":"https:\/\/agora.xtec.cat\/insneuscatala\/wp-json\/wp\/v2\/posts\/2578\/revisions\/2582"}],"wp:featuredmedia":[{"embeddable":true,"href":"https:\/\/agora.xtec.cat\/insneuscatala\/wp-json\/wp\/v2\/media\/2581"}],"wp:attachment":[{"href":"https:\/\/agora.xtec.cat\/insneuscatala\/wp-json\/wp\/v2\/media?parent=2578"}],"wp:term":[{"taxonomy":"category","embeddable":true,"href":"https:\/\/agora.xtec.cat\/insneuscatala\/wp-json\/wp\/v2\/categories?post=2578"},{"taxonomy":"post_tag","embeddable":true,"href":"https:\/\/agora.xtec.cat\/insneuscatala\/wp-json\/wp\/v2\/tags?post=2578"}],"curies":[{"name":"wp","href":"https:\/\/api.w.org\/{rel}","templated":true}]}}