{"id":2361,"date":"2019-03-04T09:11:49","date_gmt":"2019-03-04T08:11:49","guid":{"rendered":"http:\/\/agora.xtec.cat\/insneuscatala\/?p=2361"},"modified":"2019-03-04T09:14:37","modified_gmt":"2019-03-04T08:14:37","slug":"nou-mural-al-pati-de-linstitut","status":"publish","type":"post","link":"https:\/\/agora.xtec.cat\/insneuscatala\/general\/nou-mural-al-pati-de-linstitut\/","title":{"rendered":"Nou mural al pati de l&#8217;Institut"},"content":{"rendered":"<p dir=\"auto\">L&#8217;alumnat de 2n d&#8217;ESO est\u00e0 participant en un projecte que tindr\u00e0 com a resultat final l&#8217;elaboraci\u00f3 d&#8217;un nou mural pict\u00f2ric que decorar\u00e0 el pati del nostre Institut.<\/p>\n<p dir=\"auto\">El mural neix despr\u00e9s d&#8217;haver treballat a l&#8217;aula al voltant dels drets humans i socials. L&#8217;alumnat\u00a0ha detectat situacions en qu\u00e8 aquests drets es vulneren, han narrat situacions quotidianes i finalment les han resumit en una paraula.<\/p>\n<p dir=\"auto\">Aquestes paraules, en principi negatives, han estat transformades en conceptes positius, com per exemple canviar el concepte Racisme pel de Diversitat, entre d&#8217;altres exemples.<\/p>\n<p dir=\"auto\">Els primers esbossos i idees de color van servir per fer un resum gr\u00e0fic que finalment s&#8217;ha tradu\u00eft en el nostre mural, acolorit i cridaner.<\/p>\n<p dir=\"auto\">&#8220;Som diversitat, som futur, som impuls&#8230;&#8221; S\u00f3n paraules que han de calar a la nostra societat per millorar-la i fer-la m\u00e9s humana.<\/p>\n<p dir=\"auto\">El mural s&#8217;ha pogut realitzar gr\u00e0cies a Pere Gran\u00e9 (@peregrafe), artista mural que a m\u00e9s ha dirigit el taller amb molt d&#8217;art i encert.<\/p>\n<div dir=\"auto\"><\/div>\n<div dir=\"auto\"><a href=\"https:\/\/agora.xtec.cat\/insneuscatala\/wp-content\/uploads\/usu292\/2019\/03\/mural2.jpg\"><img loading=\"lazy\" decoding=\"async\" class=\"aligncenter size-medium wp-image-2362\" src=\"https:\/\/agora.xtec.cat\/insneuscatala\/wp-content\/uploads\/usu292\/2019\/03\/mural2-225x300.jpg\" alt=\"\" width=\"225\" height=\"300\" srcset=\"https:\/\/agora.xtec.cat\/insneuscatala\/wp-content\/uploads\/usu292\/2019\/03\/mural2-225x300.jpg 225w, https:\/\/agora.xtec.cat\/insneuscatala\/wp-content\/uploads\/usu292\/2019\/03\/mural2-768x1024.jpg 768w, https:\/\/agora.xtec.cat\/insneuscatala\/wp-content\/uploads\/usu292\/2019\/03\/mural2.jpg 1500w\" sizes=\"auto, (max-width: 225px) 100vw, 225px\" \/><\/a><a href=\"https:\/\/agora.xtec.cat\/insneuscatala\/wp-content\/uploads\/usu292\/2019\/03\/mural3.jpg\"><img loading=\"lazy\" decoding=\"async\" class=\"aligncenter size-medium wp-image-2363\" src=\"https:\/\/agora.xtec.cat\/insneuscatala\/wp-content\/uploads\/usu292\/2019\/03\/mural3-300x96.jpg\" alt=\"\" width=\"300\" height=\"96\" srcset=\"https:\/\/agora.xtec.cat\/insneuscatala\/wp-content\/uploads\/usu292\/2019\/03\/mural3-300x96.jpg 300w, https:\/\/agora.xtec.cat\/insneuscatala\/wp-content\/uploads\/usu292\/2019\/03\/mural3-768x247.jpg 768w, https:\/\/agora.xtec.cat\/insneuscatala\/wp-content\/uploads\/usu292\/2019\/03\/mural3.jpg 946w\" sizes=\"auto, (max-width: 300px) 100vw, 300px\" \/><\/a><\/div>\n","protected":false},"excerpt":{"rendered":"<p>L&#8217;alumnat de 2n d&#8217;ESO est\u00e0 participant en un projecte que tindr\u00e0 com a resultat final l&#8217;elaboraci\u00f3 d&#8217;un nou mural pict\u00f2ric que decorar\u00e0 el pati del nostre Institut. El mural neix despr\u00e9s d&#8217;haver treballat a l&#8217;aula al voltant dels drets humans i socials. L&#8217;alumnat\u00a0ha detectat situacions en qu\u00e8 aquests drets es vulneren, han narrat situacions quotidianes [&hellip;]<\/p>\n","protected":false},"author":1,"featured_media":2364,"comment_status":"open","ping_status":"closed","sticky":false,"template":"","format":"standard","meta":{"_bbp_topic_count":0,"_bbp_reply_count":0,"_bbp_total_topic_count":0,"_bbp_total_reply_count":0,"_bbp_voice_count":0,"_bbp_anonymous_reply_count":0,"_bbp_topic_count_hidden":0,"_bbp_reply_count_hidden":0,"_bbp_forum_subforum_count":0,"site-sidebar-layout":"default","site-content-layout":"","ast-site-content-layout":"","site-content-style":"default","site-sidebar-style":"default","ast-global-header-display":"","ast-banner-title-visibility":"","ast-main-header-display":"","ast-hfb-above-header-display":"","ast-hfb-below-header-display":"","ast-hfb-mobile-header-display":"","site-post-title":"","ast-breadcrumbs-content":"","ast-featured-img":"","footer-sml-layout":"","theme-transparent-header-meta":"","adv-header-id-meta":"","stick-header-meta":"","header-above-stick-meta":"","header-main-stick-meta":"","header-below-stick-meta":"","astra-migrate-meta-layouts":"default","ast-page-background-enabled":"default","ast-page-background-meta":{"desktop":{"background-color":"var(--ast-global-color-4)","background-image":"","background-repeat":"repeat","background-position":"center center","background-size":"auto","background-attachment":"scroll","background-type":"","background-media":"","overlay-type":"","overlay-color":"","overlay-opacity":"","overlay-gradient":""},"tablet":{"background-color":"","background-image":"","background-repeat":"repeat","background-position":"center center","background-size":"auto","background-attachment":"scroll","background-type":"","background-media":"","overlay-type":"","overlay-color":"","overlay-opacity":"","overlay-gradient":""},"mobile":{"background-color":"","background-image":"","background-repeat":"repeat","background-position":"center center","background-size":"auto","background-attachment":"scroll","background-type":"","background-media":"","overlay-type":"","overlay-color":"","overlay-opacity":"","overlay-gradient":""}},"ast-content-background-meta":{"desktop":{"background-color":"var(--ast-global-color-5)","background-image":"","background-repeat":"repeat","background-position":"center center","background-size":"auto","background-attachment":"scroll","background-type":"","background-media":"","overlay-type":"","overlay-color":"","overlay-opacity":"","overlay-gradient":""},"tablet":{"background-color":"var(--ast-global-color-5)","background-image":"","background-repeat":"repeat","background-position":"center center","background-size":"auto","background-attachment":"scroll","background-type":"","background-media":"","overlay-type":"","overlay-color":"","overlay-opacity":"","overlay-gradient":""},"mobile":{"background-color":"var(--ast-global-color-5)","background-image":"","background-repeat":"repeat","background-position":"center center","background-size":"auto","background-attachment":"scroll","background-type":"","background-media":"","overlay-type":"","overlay-color":"","overlay-opacity":"","overlay-gradient":""}},"footnotes":""},"categories":[67,1,29],"tags":[],"class_list":["post-2361","post","type-post","status-publish","format-standard","has-post-thumbnail","hentry","category-2eso","category-general","category-portada"],"post_mailing_queue_ids":[],"_links":{"self":[{"href":"https:\/\/agora.xtec.cat\/insneuscatala\/wp-json\/wp\/v2\/posts\/2361","targetHints":{"allow":["GET"]}}],"collection":[{"href":"https:\/\/agora.xtec.cat\/insneuscatala\/wp-json\/wp\/v2\/posts"}],"about":[{"href":"https:\/\/agora.xtec.cat\/insneuscatala\/wp-json\/wp\/v2\/types\/post"}],"author":[{"embeddable":true,"href":"https:\/\/agora.xtec.cat\/insneuscatala\/wp-json\/wp\/v2\/users\/1"}],"replies":[{"embeddable":true,"href":"https:\/\/agora.xtec.cat\/insneuscatala\/wp-json\/wp\/v2\/comments?post=2361"}],"version-history":[{"count":3,"href":"https:\/\/agora.xtec.cat\/insneuscatala\/wp-json\/wp\/v2\/posts\/2361\/revisions"}],"predecessor-version":[{"id":2367,"href":"https:\/\/agora.xtec.cat\/insneuscatala\/wp-json\/wp\/v2\/posts\/2361\/revisions\/2367"}],"wp:featuredmedia":[{"embeddable":true,"href":"https:\/\/agora.xtec.cat\/insneuscatala\/wp-json\/wp\/v2\/media\/2364"}],"wp:attachment":[{"href":"https:\/\/agora.xtec.cat\/insneuscatala\/wp-json\/wp\/v2\/media?parent=2361"}],"wp:term":[{"taxonomy":"category","embeddable":true,"href":"https:\/\/agora.xtec.cat\/insneuscatala\/wp-json\/wp\/v2\/categories?post=2361"},{"taxonomy":"post_tag","embeddable":true,"href":"https:\/\/agora.xtec.cat\/insneuscatala\/wp-json\/wp\/v2\/tags?post=2361"}],"curies":[{"name":"wp","href":"https:\/\/api.w.org\/{rel}","templated":true}]}}