{"id":16915,"date":"2026-02-17T18:10:56","date_gmt":"2026-02-17T17:10:56","guid":{"rendered":"https:\/\/agora.xtec.cat\/insmontsia\/?p=16915"},"modified":"2026-02-17T18:10:56","modified_gmt":"2026-02-17T17:10:56","slug":"algunes-noticies-sobre-els-50-anys-de-linstitut-montsia","status":"publish","type":"post","link":"https:\/\/agora.xtec.cat\/insmontsia\/general\/algunes-noticies-sobre-els-50-anys-de-linstitut-montsia\/","title":{"rendered":"Algunes not\u00edcies sobre els 50 anys de l&#8217;Institut Montsi\u00e0"},"content":{"rendered":"<p>Amb la commemoraci\u00f3 dels 50 anys de l&#8217;Institut Montsi\u00e0, s&#8217;han publicat a Marfanta un <a href=\"https:\/\/www.marfanta.com\/2026\/02\/04\/50-anys-de-linstitut-montsia-educacio-publica-territori-i-futur-per-gabriel-perles\/\" target=\"_blank\" rel=\"noopener\">article de Gabriel Perles<\/a>, exdirector del centre, una <a href=\"https:\/\/www.marfanta.com\/2026\/02\/12\/institut-montsia-mig-segle-formant-professionals-cinquanta-anys-construint-territori-per-gabriel-perles\/\" target=\"_blank\" rel=\"noopener\">entrevista a l&#8217;actual director Carles A\u00f1\u00f3<\/a> i un <a href=\"https:\/\/www.marfanta.com\/2026\/02\/17\/50-anys-de-linstitut-montsia-homenatge-a-pilar-garcia-una-vida-dedicada-a-lensenyament-i-a-la-comunitat-per-gabriel-perles\/\" target=\"_blank\" rel=\"noopener\">homenatge a Pilar Garcia<\/a>, qui va ser professora de l&#8217;institut des del primer dia.<\/p>\n<p><a href=\"https:\/\/agora.xtec.cat\/insmontsia\/wp-content\/uploads\/usu12\/2026\/02\/Pilar-Garcia.jpg\"><img loading=\"lazy\" decoding=\"async\" class=\"size-large wp-image-16918\" src=\"https:\/\/agora.xtec.cat\/insmontsia\/wp-content\/uploads\/usu12\/2026\/02\/Pilar-Garcia-1024x530.jpg\" alt=\"\" width=\"1024\" height=\"530\" srcset=\"https:\/\/agora.xtec.cat\/insmontsia\/wp-content\/uploads\/usu12\/2026\/02\/Pilar-Garcia-1024x530.jpg 1024w, https:\/\/agora.xtec.cat\/insmontsia\/wp-content\/uploads\/usu12\/2026\/02\/Pilar-Garcia-300x155.jpg 300w, https:\/\/agora.xtec.cat\/insmontsia\/wp-content\/uploads\/usu12\/2026\/02\/Pilar-Garcia-768x397.jpg 768w, https:\/\/agora.xtec.cat\/insmontsia\/wp-content\/uploads\/usu12\/2026\/02\/Pilar-Garcia.jpg 1140w\" sizes=\"auto, (max-width: 1024px) 100vw, 1024px\" \/><\/a><\/p>\n","protected":false},"excerpt":{"rendered":"<p>Amb la commemoraci\u00f3 dels 50 anys de l&#8217;Institut Montsi\u00e0, s&#8217;han publicat a Marfanta un article de Gabriel Perles, exdirector del centre, una entrevista a l&#8217;actual director Carles A\u00f1\u00f3 i un homenatge a Pilar Garcia, qui va ser professora de l&#8217;institut des del primer dia.<\/p>\n","protected":false},"author":30,"featured_media":16918,"comment_status":"closed","ping_status":"open","sticky":false,"template":"","format":"standard","meta":{"_bbp_topic_count":0,"_bbp_reply_count":0,"_bbp_total_topic_count":0,"_bbp_total_reply_count":0,"_bbp_voice_count":0,"_bbp_anonymous_reply_count":0,"_bbp_topic_count_hidden":0,"_bbp_reply_count_hidden":0,"_bbp_forum_subforum_count":0,"site-sidebar-layout":"default","site-content-layout":"","ast-site-content-layout":"","site-content-style":"default","site-sidebar-style":"default","ast-global-header-display":"","ast-banner-title-visibility":"","ast-main-header-display":"","ast-hfb-above-header-display":"","ast-hfb-below-header-display":"","ast-hfb-mobile-header-display":"","site-post-title":"","ast-breadcrumbs-content":"","ast-featured-img":"","footer-sml-layout":"","theme-transparent-header-meta":"","adv-header-id-meta":"","stick-header-meta":"","header-above-stick-meta":"","header-main-stick-meta":"","header-below-stick-meta":"","astra-migrate-meta-layouts":"default","ast-page-background-enabled":"default","ast-page-background-meta":{"desktop":{"background-color":"var(--ast-global-color-4)","background-image":"","background-repeat":"repeat","background-position":"center center","background-size":"auto","background-attachment":"scroll","background-type":"","background-media":"","overlay-type":"","overlay-color":"","overlay-opacity":"","overlay-gradient":""},"tablet":{"background-color":"","background-image":"","background-repeat":"repeat","background-position":"center center","background-size":"auto","background-attachment":"scroll","background-type":"","background-media":"","overlay-type":"","overlay-color":"","overlay-opacity":"","overlay-gradient":""},"mobile":{"background-color":"","background-image":"","background-repeat":"repeat","background-position":"center center","background-size":"auto","background-attachment":"scroll","background-type":"","background-media":"","overlay-type":"","overlay-color":"","overlay-opacity":"","overlay-gradient":""}},"ast-content-background-meta":{"desktop":{"background-color":"var(--ast-global-color-5)","background-image":"","background-repeat":"repeat","background-position":"center center","background-size":"auto","background-attachment":"scroll","background-type":"","background-media":"","overlay-type":"","overlay-color":"","overlay-opacity":"","overlay-gradient":""},"tablet":{"background-color":"var(--ast-global-color-5)","background-image":"","background-repeat":"repeat","background-position":"center center","background-size":"auto","background-attachment":"scroll","background-type":"","background-media":"","overlay-type":"","overlay-color":"","overlay-opacity":"","overlay-gradient":""},"mobile":{"background-color":"var(--ast-global-color-5)","background-image":"","background-repeat":"repeat","background-position":"center center","background-size":"auto","background-attachment":"scroll","background-type":"","background-media":"","overlay-type":"","overlay-color":"","overlay-opacity":"","overlay-gradient":""}},"footnotes":""},"categories":[1,29],"tags":[399],"class_list":["post-16915","post","type-post","status-publish","format-standard","has-post-thumbnail","hentry","category-general","category-portada","tag-50aniversari"],"post_mailing_queue_ids":[],"_links":{"self":[{"href":"https:\/\/agora.xtec.cat\/insmontsia\/wp-json\/wp\/v2\/posts\/16915","targetHints":{"allow":["GET"]}}],"collection":[{"href":"https:\/\/agora.xtec.cat\/insmontsia\/wp-json\/wp\/v2\/posts"}],"about":[{"href":"https:\/\/agora.xtec.cat\/insmontsia\/wp-json\/wp\/v2\/types\/post"}],"author":[{"embeddable":true,"href":"https:\/\/agora.xtec.cat\/insmontsia\/wp-json\/wp\/v2\/users\/30"}],"replies":[{"embeddable":true,"href":"https:\/\/agora.xtec.cat\/insmontsia\/wp-json\/wp\/v2\/comments?post=16915"}],"version-history":[{"count":2,"href":"https:\/\/agora.xtec.cat\/insmontsia\/wp-json\/wp\/v2\/posts\/16915\/revisions"}],"predecessor-version":[{"id":16919,"href":"https:\/\/agora.xtec.cat\/insmontsia\/wp-json\/wp\/v2\/posts\/16915\/revisions\/16919"}],"wp:featuredmedia":[{"embeddable":true,"href":"https:\/\/agora.xtec.cat\/insmontsia\/wp-json\/wp\/v2\/media\/16918"}],"wp:attachment":[{"href":"https:\/\/agora.xtec.cat\/insmontsia\/wp-json\/wp\/v2\/media?parent=16915"}],"wp:term":[{"taxonomy":"category","embeddable":true,"href":"https:\/\/agora.xtec.cat\/insmontsia\/wp-json\/wp\/v2\/categories?post=16915"},{"taxonomy":"post_tag","embeddable":true,"href":"https:\/\/agora.xtec.cat\/insmontsia\/wp-json\/wp\/v2\/tags?post=16915"}],"curies":[{"name":"wp","href":"https:\/\/api.w.org\/{rel}","templated":true}]}}