{"id":6858,"date":"2026-04-08T13:36:44","date_gmt":"2026-04-08T11:36:44","guid":{"rendered":"https:\/\/agora.xtec.cat\/insmartipous\/?p=6858"},"modified":"2026-04-08T13:53:53","modified_gmt":"2026-04-08T11:53:53","slug":"publicacio-de-loferta-inicial-de-places-de-batxillerat-curs-2026-2027","status":"publish","type":"post","link":"https:\/\/agora.xtec.cat\/insmartipous\/general\/publicacio-de-loferta-inicial-de-places-de-batxillerat-curs-2026-2027\/","title":{"rendered":"Publicaci\u00f3 de l&#8217;oferta inicial de places de batxillerat (Curs 2026-2027)"},"content":{"rendered":"<p><a href=\"https:\/\/agora.xtec.cat\/insmartipous\/general\/publicacio-de-loferta-inicial-de-places-de-batxillerat-curs-2026-2027\/attachment\/captura-de-pantalla-2026-03-03-142513-2\/\" rel=\"attachment wp-att-6860\"><img loading=\"lazy\" decoding=\"async\" class=\"alignnone size-full wp-image-6860\" src=\"https:\/\/agora.xtec.cat\/insmartipous\/wp-content\/uploads\/usu717\/2026\/04\/Captura-de-pantalla-2026-03-03-142513.png\" alt=\"\" width=\"1192\" height=\"546\" srcset=\"https:\/\/agora.xtec.cat\/insmartipous\/wp-content\/uploads\/usu717\/2026\/04\/Captura-de-pantalla-2026-03-03-142513.png 1192w, https:\/\/agora.xtec.cat\/insmartipous\/wp-content\/uploads\/usu717\/2026\/04\/Captura-de-pantalla-2026-03-03-142513-300x137.png 300w, https:\/\/agora.xtec.cat\/insmartipous\/wp-content\/uploads\/usu717\/2026\/04\/Captura-de-pantalla-2026-03-03-142513-1024x469.png 1024w, https:\/\/agora.xtec.cat\/insmartipous\/wp-content\/uploads\/usu717\/2026\/04\/Captura-de-pantalla-2026-03-03-142513-768x352.png 768w\" sizes=\"auto, (max-width: 1192px) 100vw, 1192px\" \/><\/a><\/p>\n<p>La preinscripci\u00f3 dels alumnes als estudis de batxillerat t\u00e9 dates i caracter\u00edstiques pr\u00f2pies. Si vols estar al cas de les diferents dates clau i dels terminis de la preinscripci\u00f3, caldr\u00e0 que tinguis en compte alguns aspectes:<\/p>\n<ul>\n<li>El proc\u00e9s de preinscripci\u00f3\u00a0<strong>s&#8217;inicia a principis d&#8217;abril i acaba a finals de juny amb la formalitzaci\u00f3 de la matr\u00edcula.<\/strong><\/li>\n<li><strong>Durant tot aquest temps hi ha dates i terminis associats a actuacions clau<\/strong>\u00a0que has de tenir presents, ja que determinen l&#8217;assignaci\u00f3 final de places als centres educatius.<\/li>\n<\/ul>\n<p>Aix\u00ed, has d&#8217;estar pendent de les dates i de les gestions espec\u00edfiques de cada moment del proc\u00e9s.<\/p>\n<hr \/>\n<p>Sabem que costa tenir al cap tot el calendari; per aix\u00f2,\u00a0<strong>hem agrupat les dates i les actuacions m\u00e9s importants associades, en els tres moments d&#8217;aquest proc\u00e9s de la preinscripci\u00f3 per al curs 2026-2027: abans de la preinscripci\u00f3, durant la presentaci\u00f3 de la sol\u00b7licitud i a l&#8217;hora de formalitzar la matriculaci\u00f3<\/strong>. Ho repassem?<\/p>\n<p>M\u00e9s informaci\u00f3 aqu\u00ed: <a href=\"https:\/\/preinscripcio.gencat.cat\/ca\/estudis\/batxillerat\/informat\/calendari\/index.html\">https:\/\/preinscripcio.gencat.cat\/ca\/estudis\/batxillerat\/informat\/calendari\/index.html<\/a><\/p>\n<p>&nbsp;<\/p>\n","protected":false},"excerpt":{"rendered":"<p><a href=\"https:\/\/agora.xtec.cat\/insmartipous\/general\/publicacio-de-loferta-inicial-de-places-de-batxillerat-curs-2026-2027\/attachment\/captura-de-pantalla-2026-03-03-142513-2\/\" rel=\"attachment wp-att-6860\"><\/a><br \/>\nLa preinscripci\u00f3 dels alumnes als estudis de batxillerat t\u00e9 dates i caracter\u00edstiques pr\u00f2pies. Si vols estar al cas de les diferents dates clau i dels terminis de la preinscripci\u00f3, caldr\u00e0 que tinguis en compte alguns aspectes:<\/p>\n<ul>\n<li>El proc\u00e9s de preinscripci\u00f3\u00a0s&#8217;inicia a principis d&#8217;abril&hellip;  <a href=\"https:\/\/agora.xtec.cat\/insmartipous\/general\/publicacio-de-loferta-inicial-de-places-de-batxillerat-curs-2026-2027\/\" title=\"Read Publicaci\u00f3 de l&#8217;oferta inicial de places de batxillerat (Curs 2026-2027)\">Llegeix m\u00e9s\u00bb<\/a><br \/>\n","protected":false},"author":3,"featured_media":6861,"comment_status":"closed","ping_status":"open","sticky":false,"template":"","format":"standard","meta":{"_bbp_topic_count":0,"_bbp_reply_count":0,"_bbp_total_topic_count":0,"_bbp_total_reply_count":0,"_bbp_voice_count":0,"_bbp_anonymous_reply_count":0,"_bbp_topic_count_hidden":0,"_bbp_reply_count_hidden":0,"_bbp_forum_subforum_count":0,"footnotes":""},"categories":[1],"tags":[],"class_list":["post-6858","post","type-post","status-publish","format-standard","has-post-thumbnail","hentry","category-general"],"post_mailing_queue_ids":[],"_links":{"self":[{"href":"https:\/\/agora.xtec.cat\/insmartipous\/wp-json\/wp\/v2\/posts\/6858","targetHints":{"allow":["GET"]}}],"collection":[{"href":"https:\/\/agora.xtec.cat\/insmartipous\/wp-json\/wp\/v2\/posts"}],"about":[{"href":"https:\/\/agora.xtec.cat\/insmartipous\/wp-json\/wp\/v2\/types\/post"}],"author":[{"embeddable":true,"href":"https:\/\/agora.xtec.cat\/insmartipous\/wp-json\/wp\/v2\/users\/3"}],"replies":[{"embeddable":true,"href":"https:\/\/agora.xtec.cat\/insmartipous\/wp-json\/wp\/v2\/comments?post=6858"}],"version-history":[{"count":4,"href":"https:\/\/agora.xtec.cat\/insmartipous\/wp-json\/wp\/v2\/posts\/6858\/revisions"}],"predecessor-version":[{"id":6865,"href":"https:\/\/agora.xtec.cat\/insmartipous\/wp-json\/wp\/v2\/posts\/6858\/revisions\/6865"}],"wp:featuredmedia":[{"embeddable":true,"href":"https:\/\/agora.xtec.cat\/insmartipous\/wp-json\/wp\/v2\/media\/6861"}],"wp:attachment":[{"href":"https:\/\/agora.xtec.cat\/insmartipous\/wp-json\/wp\/v2\/media?parent=6858"}],"wp:term":[{"taxonomy":"category","embeddable":true,"href":"https:\/\/agora.xtec.cat\/insmartipous\/wp-json\/wp\/v2\/categories?post=6858"},{"taxonomy":"post_tag","embeddable":true,"href":"https:\/\/agora.xtec.cat\/insmartipous\/wp-json\/wp\/v2\/tags?post=6858"}],"curies":[{"name":"wp","href":"https:\/\/api.w.org\/{rel}","templated":true}]}}