{"id":9545,"date":"2025-03-21T09:13:36","date_gmt":"2025-03-21T08:13:36","guid":{"rendered":"https:\/\/agora.xtec.cat\/insmartidot\/?p=9545"},"modified":"2025-03-21T09:15:35","modified_gmt":"2025-03-21T08:15:35","slug":"premis-exporecerca-jove-xxvi","status":"publish","type":"post","link":"https:\/\/agora.xtec.cat\/insmartidot\/general\/premis-exporecerca-jove-xxvi\/","title":{"rendered":"Premis Exporecerca Jove XXVI"},"content":{"rendered":"<p>Felicitem l&#8217;Aran Mayugo pels tres premis que ha rebut a l&#8217;edici\u00f3 d&#8217;enguany d&#8217;Exporecerca Jove XXVI<img loading=\"lazy\" decoding=\"async\" class=\"alignnone size-large wp-image-9546\" src=\"https:\/\/agora.xtec.cat\/insmartidot\/wp-content\/uploads\/usu476\/2025\/03\/IMG-20250308-WA0016-1024x768.jpg\" alt=\"\" width=\"1024\" height=\"768\" srcset=\"https:\/\/agora.xtec.cat\/insmartidot\/wp-content\/uploads\/usu476\/2025\/03\/IMG-20250308-WA0016-1024x768.jpg 1024w, https:\/\/agora.xtec.cat\/insmartidot\/wp-content\/uploads\/usu476\/2025\/03\/IMG-20250308-WA0016-300x225.jpg 300w, https:\/\/agora.xtec.cat\/insmartidot\/wp-content\/uploads\/usu476\/2025\/03\/IMG-20250308-WA0016-768x576.jpg 768w, https:\/\/agora.xtec.cat\/insmartidot\/wp-content\/uploads\/usu476\/2025\/03\/IMG-20250308-WA0016-1536x1152.jpg 1536w, https:\/\/agora.xtec.cat\/insmartidot\/wp-content\/uploads\/usu476\/2025\/03\/IMG-20250308-WA0016-200x150.jpg 200w, https:\/\/agora.xtec.cat\/insmartidot\/wp-content\/uploads\/usu476\/2025\/03\/IMG-20250308-WA0016.jpg 2000w\" sizes=\"auto, (max-width: 1024px) 100vw, 1024px\" \/> <img loading=\"lazy\" decoding=\"async\" class=\"alignnone size-large wp-image-9548\" src=\"https:\/\/agora.xtec.cat\/insmartidot\/wp-content\/uploads\/usu476\/2025\/03\/IMG-20250308-WA0015-1024x768.jpg\" alt=\"\" width=\"1024\" height=\"768\" srcset=\"https:\/\/agora.xtec.cat\/insmartidot\/wp-content\/uploads\/usu476\/2025\/03\/IMG-20250308-WA0015-1024x768.jpg 1024w, https:\/\/agora.xtec.cat\/insmartidot\/wp-content\/uploads\/usu476\/2025\/03\/IMG-20250308-WA0015-300x225.jpg 300w, https:\/\/agora.xtec.cat\/insmartidot\/wp-content\/uploads\/usu476\/2025\/03\/IMG-20250308-WA0015-768x576.jpg 768w, https:\/\/agora.xtec.cat\/insmartidot\/wp-content\/uploads\/usu476\/2025\/03\/IMG-20250308-WA0015-1536x1152.jpg 1536w, https:\/\/agora.xtec.cat\/insmartidot\/wp-content\/uploads\/usu476\/2025\/03\/IMG-20250308-WA0015-200x150.jpg 200w, https:\/\/agora.xtec.cat\/insmartidot\/wp-content\/uploads\/usu476\/2025\/03\/IMG-20250308-WA0015.jpg 2000w\" sizes=\"auto, (max-width: 1024px) 100vw, 1024px\" \/><img loading=\"lazy\" decoding=\"async\" class=\"alignnone size-large wp-image-9549\" src=\"https:\/\/agora.xtec.cat\/insmartidot\/wp-content\/uploads\/usu476\/2025\/03\/IMG-20250308-WA0014-1024x768.jpg\" alt=\"\" width=\"1024\" height=\"768\" srcset=\"https:\/\/agora.xtec.cat\/insmartidot\/wp-content\/uploads\/usu476\/2025\/03\/IMG-20250308-WA0014-1024x768.jpg 1024w, https:\/\/agora.xtec.cat\/insmartidot\/wp-content\/uploads\/usu476\/2025\/03\/IMG-20250308-WA0014-300x225.jpg 300w, https:\/\/agora.xtec.cat\/insmartidot\/wp-content\/uploads\/usu476\/2025\/03\/IMG-20250308-WA0014-768x576.jpg 768w, https:\/\/agora.xtec.cat\/insmartidot\/wp-content\/uploads\/usu476\/2025\/03\/IMG-20250308-WA0014-1536x1152.jpg 1536w, https:\/\/agora.xtec.cat\/insmartidot\/wp-content\/uploads\/usu476\/2025\/03\/IMG-20250308-WA0014-200x150.jpg 200w, https:\/\/agora.xtec.cat\/insmartidot\/wp-content\/uploads\/usu476\/2025\/03\/IMG-20250308-WA0014.jpg 2000w\" sizes=\"auto, (max-width: 1024px) 100vw, 1024px\" \/>\u00a0pel seu treball sobre la repressi\u00f3 als mestres en \u00e8poca franquista.<\/p>\n<p>Els premis s\u00f3n:<\/p>\n<p>-premi societat catalana de pedagogia<\/p>\n<p>-premi Universitat de Barcelona per la PAU<\/p>\n<p>-finalista\u00a0 Exporecerca Jove XXVI<\/p>\n","protected":false},"excerpt":{"rendered":"<p>Felicitem l&#8217;Aran Mayugo pels tres premis que ha rebut a l&#8217;edici\u00f3 d&#8217;enguany d&#8217;Exporecerca Jove XXVI \u00a0pel seu treball sobre la repressi\u00f3 als mestres en \u00e8poca franquista. Els premis s\u00f3n: -premi societat catalana de pedagogia -premi Universitat de Barcelona per la PAU -finalista\u00a0 Exporecerca Jove XXVI<\/p>\n","protected":false},"author":1,"featured_media":9549,"comment_status":"open","ping_status":"closed","sticky":false,"template":"","format":"standard","meta":{"_bbp_topic_count":0,"_bbp_reply_count":0,"_bbp_total_topic_count":0,"_bbp_total_reply_count":0,"_bbp_voice_count":0,"_bbp_anonymous_reply_count":0,"_bbp_topic_count_hidden":0,"_bbp_reply_count_hidden":0,"_bbp_forum_subforum_count":0,"site-sidebar-layout":"default","site-content-layout":"","ast-site-content-layout":"","site-content-style":"default","site-sidebar-style":"default","ast-global-header-display":"","ast-banner-title-visibility":"","ast-main-header-display":"","ast-hfb-above-header-display":"","ast-hfb-below-header-display":"","ast-hfb-mobile-header-display":"","site-post-title":"","ast-breadcrumbs-content":"","ast-featured-img":"","footer-sml-layout":"","theme-transparent-header-meta":"","adv-header-id-meta":"","stick-header-meta":"","header-above-stick-meta":"","header-main-stick-meta":"","header-below-stick-meta":"","astra-migrate-meta-layouts":"default","ast-page-background-enabled":"default","ast-page-background-meta":{"desktop":{"background-color":"var(--ast-global-color-4)","background-image":"","background-repeat":"repeat","background-position":"center center","background-size":"auto","background-attachment":"scroll","background-type":"","background-media":"","overlay-type":"","overlay-color":"","overlay-opacity":"","overlay-gradient":""},"tablet":{"background-color":"","background-image":"","background-repeat":"repeat","background-position":"center center","background-size":"auto","background-attachment":"scroll","background-type":"","background-media":"","overlay-type":"","overlay-color":"","overlay-opacity":"","overlay-gradient":""},"mobile":{"background-color":"","background-image":"","background-repeat":"repeat","background-position":"center center","background-size":"auto","background-attachment":"scroll","background-type":"","background-media":"","overlay-type":"","overlay-color":"","overlay-opacity":"","overlay-gradient":""}},"ast-content-background-meta":{"desktop":{"background-color":"var(--ast-global-color-5)","background-image":"","background-repeat":"repeat","background-position":"center center","background-size":"auto","background-attachment":"scroll","background-type":"","background-media":"","overlay-type":"","overlay-color":"","overlay-opacity":"","overlay-gradient":""},"tablet":{"background-color":"var(--ast-global-color-5)","background-image":"","background-repeat":"repeat","background-position":"center center","background-size":"auto","background-attachment":"scroll","background-type":"","background-media":"","overlay-type":"","overlay-color":"","overlay-opacity":"","overlay-gradient":""},"mobile":{"background-color":"var(--ast-global-color-5)","background-image":"","background-repeat":"repeat","background-position":"center center","background-size":"auto","background-attachment":"scroll","background-type":"","background-media":"","overlay-type":"","overlay-color":"","overlay-opacity":"","overlay-gradient":""}},"footnotes":""},"categories":[1],"tags":[],"class_list":["post-9545","post","type-post","status-publish","format-standard","has-post-thumbnail","hentry","category-general"],"post_mailing_queue_ids":[],"_links":{"self":[{"href":"https:\/\/agora.xtec.cat\/insmartidot\/wp-json\/wp\/v2\/posts\/9545","targetHints":{"allow":["GET"]}}],"collection":[{"href":"https:\/\/agora.xtec.cat\/insmartidot\/wp-json\/wp\/v2\/posts"}],"about":[{"href":"https:\/\/agora.xtec.cat\/insmartidot\/wp-json\/wp\/v2\/types\/post"}],"author":[{"embeddable":true,"href":"https:\/\/agora.xtec.cat\/insmartidot\/wp-json\/wp\/v2\/users\/1"}],"replies":[{"embeddable":true,"href":"https:\/\/agora.xtec.cat\/insmartidot\/wp-json\/wp\/v2\/comments?post=9545"}],"version-history":[{"count":2,"href":"https:\/\/agora.xtec.cat\/insmartidot\/wp-json\/wp\/v2\/posts\/9545\/revisions"}],"predecessor-version":[{"id":9551,"href":"https:\/\/agora.xtec.cat\/insmartidot\/wp-json\/wp\/v2\/posts\/9545\/revisions\/9551"}],"wp:featuredmedia":[{"embeddable":true,"href":"https:\/\/agora.xtec.cat\/insmartidot\/wp-json\/wp\/v2\/media\/9549"}],"wp:attachment":[{"href":"https:\/\/agora.xtec.cat\/insmartidot\/wp-json\/wp\/v2\/media?parent=9545"}],"wp:term":[{"taxonomy":"category","embeddable":true,"href":"https:\/\/agora.xtec.cat\/insmartidot\/wp-json\/wp\/v2\/categories?post=9545"},{"taxonomy":"post_tag","embeddable":true,"href":"https:\/\/agora.xtec.cat\/insmartidot\/wp-json\/wp\/v2\/tags?post=9545"}],"curies":[{"name":"wp","href":"https:\/\/api.w.org\/{rel}","templated":true}]}}