{"id":9439,"date":"2025-02-17T13:24:25","date_gmt":"2025-02-17T12:24:25","guid":{"rendered":"https:\/\/agora.xtec.cat\/insmartidot\/?p=9439"},"modified":"2025-02-17T13:24:25","modified_gmt":"2025-02-17T12:24:25","slug":"els-alumnes-de-3r-de-frances-a-montpellier","status":"publish","type":"post","link":"https:\/\/agora.xtec.cat\/insmartidot\/general\/els-alumnes-de-3r-de-frances-a-montpellier\/","title":{"rendered":"Els alumnes de 3r de Franc\u00e8s a Montpellier!"},"content":{"rendered":"<p><span style=\"font-weight: 400;\">Els alumnes de 3r d\u2019ESO que cursen franc\u00e8s com a primera llengua estrangera estan passant una setmana a Montpellier.\u00a0<\/span><\/p>\n<p><span style=\"font-weight: 400;\">Al mat\u00ed faran classe. Durant l\u2019estada, participaran en activitats culturals, visitaran llocs emblem\u00e0tics i practicaran la llengua en un entorn aut\u00e8ntic. Una experi\u00e8ncia \u00fanica per millorar el franc\u00e8s i descobrir la cultura francesa!<\/span><img loading=\"lazy\" decoding=\"async\" class=\"alignnone size-large wp-image-9440\" src=\"https:\/\/agora.xtec.cat\/insmartidot\/wp-content\/uploads\/usu476\/2025\/02\/IMG-20250217-WA0013-1024x768.jpg\" alt=\"\" width=\"1024\" height=\"768\" srcset=\"https:\/\/agora.xtec.cat\/insmartidot\/wp-content\/uploads\/usu476\/2025\/02\/IMG-20250217-WA0013-1024x768.jpg 1024w, https:\/\/agora.xtec.cat\/insmartidot\/wp-content\/uploads\/usu476\/2025\/02\/IMG-20250217-WA0013-300x225.jpg 300w, https:\/\/agora.xtec.cat\/insmartidot\/wp-content\/uploads\/usu476\/2025\/02\/IMG-20250217-WA0013-768x576.jpg 768w, https:\/\/agora.xtec.cat\/insmartidot\/wp-content\/uploads\/usu476\/2025\/02\/IMG-20250217-WA0013-1536x1152.jpg 1536w, https:\/\/agora.xtec.cat\/insmartidot\/wp-content\/uploads\/usu476\/2025\/02\/IMG-20250217-WA0013-200x150.jpg 200w, https:\/\/agora.xtec.cat\/insmartidot\/wp-content\/uploads\/usu476\/2025\/02\/IMG-20250217-WA0013.jpg 1600w\" sizes=\"auto, (max-width: 1024px) 100vw, 1024px\" \/> <img loading=\"lazy\" decoding=\"async\" class=\"alignnone size-large wp-image-9441\" src=\"https:\/\/agora.xtec.cat\/insmartidot\/wp-content\/uploads\/usu476\/2025\/02\/IMG-20250217-WA0012-1024x768.jpg\" alt=\"\" width=\"1024\" height=\"768\" srcset=\"https:\/\/agora.xtec.cat\/insmartidot\/wp-content\/uploads\/usu476\/2025\/02\/IMG-20250217-WA0012-1024x768.jpg 1024w, https:\/\/agora.xtec.cat\/insmartidot\/wp-content\/uploads\/usu476\/2025\/02\/IMG-20250217-WA0012-300x225.jpg 300w, https:\/\/agora.xtec.cat\/insmartidot\/wp-content\/uploads\/usu476\/2025\/02\/IMG-20250217-WA0012-768x576.jpg 768w, https:\/\/agora.xtec.cat\/insmartidot\/wp-content\/uploads\/usu476\/2025\/02\/IMG-20250217-WA0012-1536x1152.jpg 1536w, https:\/\/agora.xtec.cat\/insmartidot\/wp-content\/uploads\/usu476\/2025\/02\/IMG-20250217-WA0012-200x150.jpg 200w, https:\/\/agora.xtec.cat\/insmartidot\/wp-content\/uploads\/usu476\/2025\/02\/IMG-20250217-WA0012.jpg 1600w\" sizes=\"auto, (max-width: 1024px) 100vw, 1024px\" \/> <img loading=\"lazy\" decoding=\"async\" class=\"alignnone size-large wp-image-9442\" src=\"https:\/\/agora.xtec.cat\/insmartidot\/wp-content\/uploads\/usu476\/2025\/02\/IMG-20250217-WA0011-1024x768.jpg\" alt=\"\" width=\"1024\" height=\"768\" srcset=\"https:\/\/agora.xtec.cat\/insmartidot\/wp-content\/uploads\/usu476\/2025\/02\/IMG-20250217-WA0011-1024x768.jpg 1024w, https:\/\/agora.xtec.cat\/insmartidot\/wp-content\/uploads\/usu476\/2025\/02\/IMG-20250217-WA0011-300x225.jpg 300w, https:\/\/agora.xtec.cat\/insmartidot\/wp-content\/uploads\/usu476\/2025\/02\/IMG-20250217-WA0011-768x576.jpg 768w, https:\/\/agora.xtec.cat\/insmartidot\/wp-content\/uploads\/usu476\/2025\/02\/IMG-20250217-WA0011-1536x1152.jpg 1536w, https:\/\/agora.xtec.cat\/insmartidot\/wp-content\/uploads\/usu476\/2025\/02\/IMG-20250217-WA0011-200x150.jpg 200w, https:\/\/agora.xtec.cat\/insmartidot\/wp-content\/uploads\/usu476\/2025\/02\/IMG-20250217-WA0011.jpg 1600w\" sizes=\"auto, (max-width: 1024px) 100vw, 1024px\" \/><\/p>\n","protected":false},"excerpt":{"rendered":"<p>Els alumnes de 3r d\u2019ESO que cursen franc\u00e8s com a primera llengua estrangera estan passant una setmana a Montpellier.\u00a0 Al mat\u00ed faran classe. Durant l\u2019estada, participaran en activitats culturals, visitaran llocs emblem\u00e0tics i practicaran la llengua en un entorn aut\u00e8ntic. Una experi\u00e8ncia \u00fanica per millorar el franc\u00e8s i descobrir la cultura francesa!<\/p>\n","protected":false},"author":1,"featured_media":9441,"comment_status":"open","ping_status":"closed","sticky":false,"template":"","format":"standard","meta":{"_bbp_topic_count":0,"_bbp_reply_count":0,"_bbp_total_topic_count":0,"_bbp_total_reply_count":0,"_bbp_voice_count":0,"_bbp_anonymous_reply_count":0,"_bbp_topic_count_hidden":0,"_bbp_reply_count_hidden":0,"_bbp_forum_subforum_count":0,"site-sidebar-layout":"default","site-content-layout":"","ast-site-content-layout":"","site-content-style":"default","site-sidebar-style":"default","ast-global-header-display":"","ast-banner-title-visibility":"","ast-main-header-display":"","ast-hfb-above-header-display":"","ast-hfb-below-header-display":"","ast-hfb-mobile-header-display":"","site-post-title":"","ast-breadcrumbs-content":"","ast-featured-img":"","footer-sml-layout":"","theme-transparent-header-meta":"","adv-header-id-meta":"","stick-header-meta":"","header-above-stick-meta":"","header-main-stick-meta":"","header-below-stick-meta":"","astra-migrate-meta-layouts":"default","ast-page-background-enabled":"default","ast-page-background-meta":{"desktop":{"background-color":"var(--ast-global-color-4)","background-image":"","background-repeat":"repeat","background-position":"center center","background-size":"auto","background-attachment":"scroll","background-type":"","background-media":"","overlay-type":"","overlay-color":"","overlay-opacity":"","overlay-gradient":""},"tablet":{"background-color":"","background-image":"","background-repeat":"repeat","background-position":"center center","background-size":"auto","background-attachment":"scroll","background-type":"","background-media":"","overlay-type":"","overlay-color":"","overlay-opacity":"","overlay-gradient":""},"mobile":{"background-color":"","background-image":"","background-repeat":"repeat","background-position":"center center","background-size":"auto","background-attachment":"scroll","background-type":"","background-media":"","overlay-type":"","overlay-color":"","overlay-opacity":"","overlay-gradient":""}},"ast-content-background-meta":{"desktop":{"background-color":"var(--ast-global-color-5)","background-image":"","background-repeat":"repeat","background-position":"center center","background-size":"auto","background-attachment":"scroll","background-type":"","background-media":"","overlay-type":"","overlay-color":"","overlay-opacity":"","overlay-gradient":""},"tablet":{"background-color":"var(--ast-global-color-5)","background-image":"","background-repeat":"repeat","background-position":"center center","background-size":"auto","background-attachment":"scroll","background-type":"","background-media":"","overlay-type":"","overlay-color":"","overlay-opacity":"","overlay-gradient":""},"mobile":{"background-color":"var(--ast-global-color-5)","background-image":"","background-repeat":"repeat","background-position":"center center","background-size":"auto","background-attachment":"scroll","background-type":"","background-media":"","overlay-type":"","overlay-color":"","overlay-opacity":"","overlay-gradient":""}},"footnotes":""},"categories":[1],"tags":[],"class_list":["post-9439","post","type-post","status-publish","format-standard","has-post-thumbnail","hentry","category-general"],"post_mailing_queue_ids":[],"_links":{"self":[{"href":"https:\/\/agora.xtec.cat\/insmartidot\/wp-json\/wp\/v2\/posts\/9439","targetHints":{"allow":["GET"]}}],"collection":[{"href":"https:\/\/agora.xtec.cat\/insmartidot\/wp-json\/wp\/v2\/posts"}],"about":[{"href":"https:\/\/agora.xtec.cat\/insmartidot\/wp-json\/wp\/v2\/types\/post"}],"author":[{"embeddable":true,"href":"https:\/\/agora.xtec.cat\/insmartidot\/wp-json\/wp\/v2\/users\/1"}],"replies":[{"embeddable":true,"href":"https:\/\/agora.xtec.cat\/insmartidot\/wp-json\/wp\/v2\/comments?post=9439"}],"version-history":[{"count":1,"href":"https:\/\/agora.xtec.cat\/insmartidot\/wp-json\/wp\/v2\/posts\/9439\/revisions"}],"predecessor-version":[{"id":9443,"href":"https:\/\/agora.xtec.cat\/insmartidot\/wp-json\/wp\/v2\/posts\/9439\/revisions\/9443"}],"wp:featuredmedia":[{"embeddable":true,"href":"https:\/\/agora.xtec.cat\/insmartidot\/wp-json\/wp\/v2\/media\/9441"}],"wp:attachment":[{"href":"https:\/\/agora.xtec.cat\/insmartidot\/wp-json\/wp\/v2\/media?parent=9439"}],"wp:term":[{"taxonomy":"category","embeddable":true,"href":"https:\/\/agora.xtec.cat\/insmartidot\/wp-json\/wp\/v2\/categories?post=9439"},{"taxonomy":"post_tag","embeddable":true,"href":"https:\/\/agora.xtec.cat\/insmartidot\/wp-json\/wp\/v2\/tags?post=9439"}],"curies":[{"name":"wp","href":"https:\/\/api.w.org\/{rel}","templated":true}]}}