{"id":829,"date":"2017-01-29T21:18:36","date_gmt":"2017-01-29T20:18:36","guid":{"rendered":"http:\/\/agora.xtec.cat\/insmartidot\/?p=829"},"modified":"2017-01-29T21:33:45","modified_gmt":"2017-01-29T20:33:45","slug":"dia-escolar-de-la-no-violencia-i-la-pau","status":"publish","type":"post","link":"https:\/\/agora.xtec.cat\/insmartidot\/general\/dia-escolar-de-la-no-violencia-i-la-pau\/","title":{"rendered":"Dia Escolar de la No-viol\u00e8ncia i la Pau"},"content":{"rendered":"<p><a href=\"http:\/\/agora.xtec.cat\/insmartidot\/wp-content\/uploads\/usu476\/2017\/01\/comic-colom-picasso-03.jpg\"><img loading=\"lazy\" decoding=\"async\" class=\"alignnone  wp-image-853\" src=\"http:\/\/agora.xtec.cat\/insmartidot\/wp-content\/uploads\/usu476\/2017\/01\/comic-colom-picasso-03.jpg\" alt=\"comic-colom-picasso-03\" width=\"464\" height=\"367\" srcset=\"https:\/\/agora.xtec.cat\/insmartidot\/wp-content\/uploads\/usu476\/2017\/01\/comic-colom-picasso-03.jpg 330w, https:\/\/agora.xtec.cat\/insmartidot\/wp-content\/uploads\/usu476\/2017\/01\/comic-colom-picasso-03-300x237.jpg 300w\" sizes=\"auto, (max-width: 464px) 100vw, 464px\" \/><\/a><\/p>\n<ul>\n<li>DENIP &#8211; Dia Escolar de la No-viol\u00e8ncia i la PauAvui \u00a0dilluns 30 de gener celebrem el DENIP-Dia Escolar de la No-viol\u00e8ncia i la Pau.\n<p>Les escoles de tot el m\u00f3n celebren el <em>DENIP<\/em> amb diferents actes. Els objectius del Dia Escolar de la No-viol\u00e8ncia i la Pau s\u00f3n:<\/p>\n<ul>\n<li>Sensibilitzar que la pau \u00e9s molt m\u00e9s que l&#8217;abs\u00e8ncia de guerres i baralles.<\/li>\n<li>Con\u00e8ixer i familiaritzar-se amb els conceptes d&#8217;amor universal, de no-viol\u00e8ncia i de pau positiva, aix\u00ed com amb els procediments de reivindicaci\u00f3 no-violenta dels drets humans.<\/li>\n<li>Con\u00e8ixer persones i\/o grups que lluiten per la pau i la just\u00edcia al m\u00f3n.<\/li>\n<li>Saber resoldre els conflictes de manera pac\u00edfica i dialogant, \u00e9s a dir, expressant les opinions de forma tranquil\u00b7la, clara i ordenada.<\/li>\n<li>Compartir una estona amb tots els alumnes i mestres amb la finalitat de celebrar la diada de la no-viol\u00e8ncia i la pau.<span style=\"font-weight: 400;\">El <\/span><b>Dia Escolar de la No-viol\u00e8ncia i la Pau<\/b><span style=\"font-weight: 400;\"> (o el seu acr\u00f2nim <\/span><b>DENIP<\/b><span style=\"font-weight: 400;\">), conegut tamb\u00e9 com a <\/span><b>Dia Mundial o Internacional de la No-viol\u00e8ncia i la Pau<\/b><span style=\"font-weight: 400;\">, fou fundat l&#8217;any <\/span><a href=\"https:\/\/ca.wikipedia.org\/wiki\/1964\"><span style=\"font-weight: 400;\">1964<\/span><\/a><span style=\"font-weight: 400;\"> pel <\/span><a href=\"https:\/\/ca.wikipedia.org\/wiki\/Poesia\"><span style=\"font-weight: 400;\">poeta<\/span><\/a><span style=\"font-weight: 400;\"> i <\/span><a href=\"https:\/\/ca.wikipedia.org\/wiki\/Mestre_d%27escola\"><span style=\"font-weight: 400;\">educador<\/span><\/a><span style=\"font-weight: 400;\"> mallorqu\u00ed <\/span><a href=\"https:\/\/ca.wikipedia.org\/wiki\/Lloren%C3%A7_Vidal_Vidal\"><span style=\"font-weight: 400;\">Lloren\u00e7 Vidal Vidal<\/span><\/a><span style=\"font-weight: 400;\">, i \u00e9s una iniciativa d&#8217;Educaci\u00f3 No-violenta i Pacificadora, difosa internacionalment.<\/span><span style=\"font-weight: 400;\">Es practica a escoles de tot el m\u00f3n, els dies <\/span><a href=\"https:\/\/ca.wikipedia.org\/wiki\/30_de_gener\"><span style=\"font-weight: 400;\">30 de gener<\/span><\/a><span style=\"font-weight: 400;\"> i propers (aniversari de la mort de <\/span><a href=\"https:\/\/ca.wikipedia.org\/wiki\/Mohandas_Karamchand\"><span style=\"font-weight: 400;\">Mahatma Gandhi<\/span><\/a><span style=\"font-weight: 400;\">). Als pa\u00efsos amb calendaris escolars propis de l&#8217;hemisferi sud, pot commemorar-se el <\/span><a href=\"https:\/\/ca.wikipedia.org\/wiki\/30_de_mar%C3%A7\"><span style=\"font-weight: 400;\">30 de mar\u00e7<\/span><\/a><span style=\"font-weight: 400;\"> i dies immediats.<\/span>\n<p><span style=\"font-weight: 400;\">El DENIP propugna una educaci\u00f3 permanent en i per a la conc\u00f2rdia, la toler\u00e0ncia, la solidaritat, el respecte als drets humans, la no-viol\u00e8ncia i la pau. El seu missatge b\u00e0sic<\/span><\/p>\n<p><span style=\"font-weight: 400;\">diu: &#8220;<\/span><a href=\"https:\/\/ca.wikipedia.org\/wiki\/Amor\"><span style=\"font-weight: 400;\">Amor<\/span><\/a><span style=\"font-weight: 400;\"> universal, <\/span><a href=\"https:\/\/ca.wikipedia.org\/wiki\/No-viol%C3%A8ncia\"><span style=\"font-weight: 400;\">No-viol\u00e8ncia<\/span><\/a><span style=\"font-weight: 400;\"> i <\/span><a href=\"https:\/\/ca.wikipedia.org\/wiki\/Pau\"><span style=\"font-weight: 400;\">Pau<\/span><\/a><span style=\"font-weight: 400;\">. L&#8217;<\/span><a href=\"https:\/\/ca.wikipedia.org\/wiki\/Amor\"><span style=\"font-weight: 400;\">Amor<\/span><\/a><span style=\"font-weight: 400;\"> universal \u00e9s millor que l&#8217;<\/span><a href=\"https:\/\/ca.wikipedia.org\/wiki\/Egoisme\"><span style=\"font-weight: 400;\">egoisme<\/span><\/a><span style=\"font-weight: 400;\">, la <\/span><a href=\"https:\/\/ca.wikipedia.org\/wiki\/No-viol%C3%A8ncia\"><span style=\"font-weight: 400;\">No-viol\u00e8ncia<\/span><\/a><span style=\"font-weight: 400;\"> \u00e9s millor que la <\/span><a href=\"https:\/\/ca.wikipedia.org\/wiki\/Viol%C3%A8ncia\"><span style=\"font-weight: 400;\">viol\u00e8ncia<\/span><\/a><span style=\"font-weight: 400;\"> i la <\/span><a href=\"https:\/\/ca.wikipedia.org\/wiki\/Pau\"><span style=\"font-weight: 400;\">Pau<\/span><\/a><span style=\"font-weight: 400;\"> \u00e9s millor que la <\/span><a href=\"https:\/\/ca.wikipedia.org\/wiki\/Guerra\"><span style=\"font-weight: 400;\">guerra<\/span><\/a><span style=\"font-weight: 400;\">&#8220;.<\/span><\/p>\n<p><span style=\"font-weight: 400;\">l&#8217;ex-Director General de la <\/span><a href=\"https:\/\/ca.wikipedia.org\/wiki\/UNESCO\"><span style=\"font-weight: 400;\">UNESCO<\/span><\/a><span style=\"font-weight: 400;\">(1987-1999), <\/span><a href=\"https:\/\/ca.wikipedia.org\/wiki\/Federico_Mayor_Zaragoza\"><span style=\"font-weight: 400;\">Federico Mayor Zaragoza<\/span><\/a><span style=\"font-weight: 400;\"> va ser l&#8217;entrevista el 2012 per la <\/span><a href=\"https:\/\/ca.wikipedia.org\/w\/index.php?title=Global_Education_Magazine&amp;action=edit&amp;redlink=1\"><span style=\"font-weight: 400;\">Global Education Magazine<\/span><\/a><span style=\"font-weight: 400;\">, dient que &#8220;cal ser conscients que som a temps de canviar una cultura d&#8217;imposici\u00f3, la por, una cultura basat en l&#8217;especulaci\u00f3 econ\u00f2mica de deslocalitzaci\u00f3 de la producci\u00f3 a la guerra, encara som capa\u00e7os de canviar en una cultura del di\u00e0leg, de la reconciliaci\u00f3, de la societat en una cultura de la pau &#8220;.<\/span><a href=\"https:\/\/ca.wikipedia.org\/wiki\/Dia_Escolar_de_la_No-viol%C3%A8ncia_i_la_Pau#cite_note-1\"><span style=\"font-weight: 400;\">[1]<\/span><\/a><\/p>\n<p><a href=\"https:\/\/ca.wikipedia.org\/wiki\/Lanza_del_Vasto\"><span style=\"font-weight: 400;\">Lanza del Vasto<\/span><\/a><span style=\"font-weight: 400;\">, deixeble directe del <\/span><a href=\"https:\/\/ca.wikipedia.org\/wiki\/Mahatma_Gandhi\"><span style=\"font-weight: 400;\">Mahatma Gandhi<\/span><\/a><span style=\"font-weight: 400;\"> i fundador de la Comunitat de l&#8217;Arca, a una entrevista concedida a <\/span><a href=\"https:\/\/ca.wikipedia.org\/wiki\/Sevilla\"><span style=\"font-weight: 400;\">Sevilla<\/span><\/a><span style=\"font-weight: 400;\"> (<\/span><a href=\"https:\/\/ca.wikipedia.org\/wiki\/1976\"><span style=\"font-weight: 400;\">1976<\/span><\/a><span style=\"font-weight: 400;\">) va dir: &#8220;Sigui aix\u00ed a totes les vostres escoles. Establiu un dia dedicat a la <\/span><a href=\"https:\/\/ca.wikipedia.org\/wiki\/No-viol%C3%A8ncia\"><span style=\"font-weight: 400;\">No-viol\u00e8ncia<\/span><\/a><span style=\"font-weight: 400;\">&#8220;.<\/span><\/p>\n<p><span style=\"font-weight: 400;\">Quan l&#8217;any 1998 l&#8217;<\/span><a href=\"https:\/\/ca.wikipedia.org\/wiki\/ONU\"><span style=\"font-weight: 400;\">ONU<\/span><\/a><span style=\"font-weight: 400;\"> va proclamar el Decenni per una Cultura de la Pau (2001-2010), el DENIP tenia ja 36 anys de pr\u00e0ctica ininterrompuda a centres docents dels distints nivells de tot el m\u00f3n.<\/span><\/p>\n<p><span style=\"font-weight: 400;\">No s&#8217;ha de confondre amb el <\/span><a href=\"https:\/\/ca.wikipedia.org\/wiki\/Dia_Internacional_de_la_Pau\"><span style=\"font-weight: 400;\">Dia Internacional de la Pau<\/span><\/a><span style=\"font-weight: 400;\"> establert l&#8217;any 2001 i que es celebra el 21 de setembre a iniciativa de les <\/span><a href=\"https:\/\/ca.wikipedia.org\/wiki\/Nacions_Unides\"><span style=\"font-weight: 400;\">Nacions Unides<\/span><\/a><span style=\"font-weight: 400;\">.<\/span><\/p>\n<h2><b>Qu\u00e8 fan les escoles el dia de la no-viol\u00e8ncia i la pau?<\/b><\/h2>\n<h2><b>Les escoles de tot el m\u00f3n celebren el <\/b><b><i>DENIP<\/i><\/b><b> amb diferents actes. Els objectius del Dia Escolar de la No-viol\u00e8ncia i la Pau s\u00f3n:<\/b><\/h2>\n<ul>\n<li style=\"font-weight: 400;\"><span style=\"font-weight: 400;\">Sensibilitzar que la pau \u00e9s molt m\u00e9s que l&#8217;abs\u00e8ncia de guerres i baralles.<\/span><\/li>\n<li style=\"font-weight: 400;\"><span style=\"font-weight: 400;\">Con\u00e8ixer i familiaritzar-se amb els conceptes d&#8217;amor universal, de no-viol\u00e8ncia i de pau positiva, aix\u00ed com amb els procediments de reivindicaci\u00f3 no-violenta dels drets humans.<\/span><\/li>\n<li style=\"font-weight: 400;\"><span style=\"font-weight: 400;\">Con\u00e8ixer persones i\/o grups que lluiten per la pau i la just\u00edcia al m\u00f3n.<\/span><\/li>\n<li style=\"font-weight: 400;\"><span style=\"font-weight: 400;\">Saber resoldre els conflictes de manera pac\u00edfica i dialogant, \u00e9s a dir, expressant les opinions de forma tranquil\u00b7la, clara i ordenada.<\/span><\/li>\n<li style=\"font-weight: 400;\"><span style=\"font-weight: 400;\">Compartir una estona amb tots els alumnes i mestres amb la finalitat de celebrar la diada de la no-viol\u00e8ncia i la pau. <\/span><\/li>\n<\/ul>\n<\/li>\n<\/ul>\n<p>&nbsp;<\/p>\n<p><a href=\"http:\/\/agora.xtec.cat\/insmartidot\/wp-content\/uploads\/usu476\/2017\/01\/CartellNoViolencia2017.pdf-definitiu.pdf\">cartellnoviolencia2017-pdf-definitiu<\/a><\/li>\n<\/ul>\n","protected":false},"excerpt":{"rendered":"<p>DENIP &#8211; Dia Escolar de la No-viol\u00e8ncia i la PauAvui \u00a0dilluns 30 de gener celebrem el DENIP-Dia Escolar de la No-viol\u00e8ncia i la Pau. Les escoles de tot el m\u00f3n celebren el DENIP amb diferents actes. Els objectius del Dia Escolar de la No-viol\u00e8ncia i la Pau s\u00f3n: Sensibilitzar que la pau \u00e9s molt m\u00e9s [&hellip;]<\/p>\n","protected":false},"author":1,"featured_media":853,"comment_status":"open","ping_status":"open","sticky":false,"template":"","format":"standard","meta":{"_bbp_topic_count":0,"_bbp_reply_count":0,"_bbp_total_topic_count":0,"_bbp_total_reply_count":0,"_bbp_voice_count":0,"_bbp_anonymous_reply_count":0,"_bbp_topic_count_hidden":0,"_bbp_reply_count_hidden":0,"_bbp_forum_subforum_count":0,"site-sidebar-layout":"default","site-content-layout":"","ast-site-content-layout":"","site-content-style":"default","site-sidebar-style":"default","ast-global-header-display":"","ast-banner-title-visibility":"","ast-main-header-display":"","ast-hfb-above-header-display":"","ast-hfb-below-header-display":"","ast-hfb-mobile-header-display":"","site-post-title":"","ast-breadcrumbs-content":"","ast-featured-img":"","footer-sml-layout":"","theme-transparent-header-meta":"","adv-header-id-meta":"","stick-header-meta":"","header-above-stick-meta":"","header-main-stick-meta":"","header-below-stick-meta":"","astra-migrate-meta-layouts":"default","ast-page-background-enabled":"default","ast-page-background-meta":{"desktop":{"background-color":"var(--ast-global-color-4)","background-image":"","background-repeat":"repeat","background-position":"center center","background-size":"auto","background-attachment":"scroll","background-type":"","background-media":"","overlay-type":"","overlay-color":"","overlay-opacity":"","overlay-gradient":""},"tablet":{"background-color":"","background-image":"","background-repeat":"repeat","background-position":"center center","background-size":"auto","background-attachment":"scroll","background-type":"","background-media":"","overlay-type":"","overlay-color":"","overlay-opacity":"","overlay-gradient":""},"mobile":{"background-color":"","background-image":"","background-repeat":"repeat","background-position":"center center","background-size":"auto","background-attachment":"scroll","background-type":"","background-media":"","overlay-type":"","overlay-color":"","overlay-opacity":"","overlay-gradient":""}},"ast-content-background-meta":{"desktop":{"background-color":"var(--ast-global-color-5)","background-image":"","background-repeat":"repeat","background-position":"center center","background-size":"auto","background-attachment":"scroll","background-type":"","background-media":"","overlay-type":"","overlay-color":"","overlay-opacity":"","overlay-gradient":""},"tablet":{"background-color":"var(--ast-global-color-5)","background-image":"","background-repeat":"repeat","background-position":"center center","background-size":"auto","background-attachment":"scroll","background-type":"","background-media":"","overlay-type":"","overlay-color":"","overlay-opacity":"","overlay-gradient":""},"mobile":{"background-color":"var(--ast-global-color-5)","background-image":"","background-repeat":"repeat","background-position":"center center","background-size":"auto","background-attachment":"scroll","background-type":"","background-media":"","overlay-type":"","overlay-color":"","overlay-opacity":"","overlay-gradient":""}},"footnotes":""},"categories":[8,3,1],"tags":[],"class_list":["post-829","post","type-post","status-publish","format-standard","has-post-thumbnail","hentry","category-batxillerat","category-eso","category-general"],"post_mailing_queue_ids":[],"_links":{"self":[{"href":"https:\/\/agora.xtec.cat\/insmartidot\/wp-json\/wp\/v2\/posts\/829","targetHints":{"allow":["GET"]}}],"collection":[{"href":"https:\/\/agora.xtec.cat\/insmartidot\/wp-json\/wp\/v2\/posts"}],"about":[{"href":"https:\/\/agora.xtec.cat\/insmartidot\/wp-json\/wp\/v2\/types\/post"}],"author":[{"embeddable":true,"href":"https:\/\/agora.xtec.cat\/insmartidot\/wp-json\/wp\/v2\/users\/1"}],"replies":[{"embeddable":true,"href":"https:\/\/agora.xtec.cat\/insmartidot\/wp-json\/wp\/v2\/comments?post=829"}],"version-history":[{"count":3,"href":"https:\/\/agora.xtec.cat\/insmartidot\/wp-json\/wp\/v2\/posts\/829\/revisions"}],"predecessor-version":[{"id":854,"href":"https:\/\/agora.xtec.cat\/insmartidot\/wp-json\/wp\/v2\/posts\/829\/revisions\/854"}],"wp:featuredmedia":[{"embeddable":true,"href":"https:\/\/agora.xtec.cat\/insmartidot\/wp-json\/wp\/v2\/media\/853"}],"wp:attachment":[{"href":"https:\/\/agora.xtec.cat\/insmartidot\/wp-json\/wp\/v2\/media?parent=829"}],"wp:term":[{"taxonomy":"category","embeddable":true,"href":"https:\/\/agora.xtec.cat\/insmartidot\/wp-json\/wp\/v2\/categories?post=829"},{"taxonomy":"post_tag","embeddable":true,"href":"https:\/\/agora.xtec.cat\/insmartidot\/wp-json\/wp\/v2\/tags?post=829"}],"curies":[{"name":"wp","href":"https:\/\/api.w.org\/{rel}","templated":true}]}}