{"id":7483,"date":"2022-05-02T11:14:16","date_gmt":"2022-05-02T09:14:16","guid":{"rendered":"https:\/\/agora.xtec.cat\/insmartidot\/?p=7483"},"modified":"2022-05-02T11:14:16","modified_gmt":"2022-05-02T09:14:16","slug":"alimentaria-2022","status":"publish","type":"post","link":"https:\/\/agora.xtec.cat\/insmartidot\/general\/alimentaria-2022\/","title":{"rendered":"ALIMENTARIA 2022"},"content":{"rendered":"<p>L&#8217; alumnat de cuina i sala va assistir a la fira Aliment\u00e0ria i Hostelco el passat 6 d&#8217; abril. Van poder tastar els millors productes aut\u00f2ctons i els procedents de les diferents autonomies i altres expositors internacionals, aix\u00ed com con\u00e8ixer de primera m\u00e0 les tend\u00e8ncies del sector alimentari i hoteler. Despr\u00e9s de les edicions cancel.lades per la Pand\u00e8mia, hem gaudit de les nombroses inoovacions que les diferents empreses han presentat<a href=\"https:\/\/agora.xtec.cat\/insmartidot\/wp-content\/uploads\/usu476\/2022\/05\/Foto-Alimentaria.jpg\"><img loading=\"lazy\" decoding=\"async\" class=\"alignnone size-large wp-image-7484\" src=\"https:\/\/agora.xtec.cat\/insmartidot\/wp-content\/uploads\/usu476\/2022\/05\/Foto-Alimentaria-1024x768.jpg\" alt=\"\" width=\"1024\" height=\"768\" srcset=\"https:\/\/agora.xtec.cat\/insmartidot\/wp-content\/uploads\/usu476\/2022\/05\/Foto-Alimentaria-1024x768.jpg 1024w, https:\/\/agora.xtec.cat\/insmartidot\/wp-content\/uploads\/usu476\/2022\/05\/Foto-Alimentaria-300x225.jpg 300w, https:\/\/agora.xtec.cat\/insmartidot\/wp-content\/uploads\/usu476\/2022\/05\/Foto-Alimentaria-768x576.jpg 768w, https:\/\/agora.xtec.cat\/insmartidot\/wp-content\/uploads\/usu476\/2022\/05\/Foto-Alimentaria-1536x1152.jpg 1536w, https:\/\/agora.xtec.cat\/insmartidot\/wp-content\/uploads\/usu476\/2022\/05\/Foto-Alimentaria-200x150.jpg 200w, https:\/\/agora.xtec.cat\/insmartidot\/wp-content\/uploads\/usu476\/2022\/05\/Foto-Alimentaria.jpg 1600w\" sizes=\"auto, (max-width: 1024px) 100vw, 1024px\" \/><\/a>.<\/p>\n","protected":false},"excerpt":{"rendered":"<p>L&#8217; alumnat de cuina i sala va assistir a la fira Aliment\u00e0ria i Hostelco el passat 6 d&#8217; abril. Van poder tastar els millors productes aut\u00f2ctons i els procedents de les diferents autonomies i altres expositors internacionals, aix\u00ed com con\u00e8ixer de primera m\u00e0 les tend\u00e8ncies del sector alimentari i hoteler. Despr\u00e9s de les edicions cancel.lades [&hellip;]<\/p>\n","protected":false},"author":1,"featured_media":0,"comment_status":"open","ping_status":"closed","sticky":false,"template":"","format":"standard","meta":{"_bbp_topic_count":0,"_bbp_reply_count":0,"_bbp_total_topic_count":0,"_bbp_total_reply_count":0,"_bbp_voice_count":0,"_bbp_anonymous_reply_count":0,"_bbp_topic_count_hidden":0,"_bbp_reply_count_hidden":0,"_bbp_forum_subforum_count":0,"site-sidebar-layout":"default","site-content-layout":"","ast-site-content-layout":"","site-content-style":"default","site-sidebar-style":"default","ast-global-header-display":"","ast-banner-title-visibility":"","ast-main-header-display":"","ast-hfb-above-header-display":"","ast-hfb-below-header-display":"","ast-hfb-mobile-header-display":"","site-post-title":"","ast-breadcrumbs-content":"","ast-featured-img":"","footer-sml-layout":"","theme-transparent-header-meta":"","adv-header-id-meta":"","stick-header-meta":"","header-above-stick-meta":"","header-main-stick-meta":"","header-below-stick-meta":"","astra-migrate-meta-layouts":"default","ast-page-background-enabled":"default","ast-page-background-meta":{"desktop":{"background-color":"var(--ast-global-color-4)","background-image":"","background-repeat":"repeat","background-position":"center center","background-size":"auto","background-attachment":"scroll","background-type":"","background-media":"","overlay-type":"","overlay-color":"","overlay-opacity":"","overlay-gradient":""},"tablet":{"background-color":"","background-image":"","background-repeat":"repeat","background-position":"center center","background-size":"auto","background-attachment":"scroll","background-type":"","background-media":"","overlay-type":"","overlay-color":"","overlay-opacity":"","overlay-gradient":""},"mobile":{"background-color":"","background-image":"","background-repeat":"repeat","background-position":"center center","background-size":"auto","background-attachment":"scroll","background-type":"","background-media":"","overlay-type":"","overlay-color":"","overlay-opacity":"","overlay-gradient":""}},"ast-content-background-meta":{"desktop":{"background-color":"var(--ast-global-color-5)","background-image":"","background-repeat":"repeat","background-position":"center center","background-size":"auto","background-attachment":"scroll","background-type":"","background-media":"","overlay-type":"","overlay-color":"","overlay-opacity":"","overlay-gradient":""},"tablet":{"background-color":"var(--ast-global-color-5)","background-image":"","background-repeat":"repeat","background-position":"center center","background-size":"auto","background-attachment":"scroll","background-type":"","background-media":"","overlay-type":"","overlay-color":"","overlay-opacity":"","overlay-gradient":""},"mobile":{"background-color":"var(--ast-global-color-5)","background-image":"","background-repeat":"repeat","background-position":"center center","background-size":"auto","background-attachment":"scroll","background-type":"","background-media":"","overlay-type":"","overlay-color":"","overlay-opacity":"","overlay-gradient":""}},"footnotes":""},"categories":[1],"tags":[],"class_list":["post-7483","post","type-post","status-publish","format-standard","hentry","category-general"],"post_mailing_queue_ids":[],"_links":{"self":[{"href":"https:\/\/agora.xtec.cat\/insmartidot\/wp-json\/wp\/v2\/posts\/7483","targetHints":{"allow":["GET"]}}],"collection":[{"href":"https:\/\/agora.xtec.cat\/insmartidot\/wp-json\/wp\/v2\/posts"}],"about":[{"href":"https:\/\/agora.xtec.cat\/insmartidot\/wp-json\/wp\/v2\/types\/post"}],"author":[{"embeddable":true,"href":"https:\/\/agora.xtec.cat\/insmartidot\/wp-json\/wp\/v2\/users\/1"}],"replies":[{"embeddable":true,"href":"https:\/\/agora.xtec.cat\/insmartidot\/wp-json\/wp\/v2\/comments?post=7483"}],"version-history":[{"count":1,"href":"https:\/\/agora.xtec.cat\/insmartidot\/wp-json\/wp\/v2\/posts\/7483\/revisions"}],"predecessor-version":[{"id":7485,"href":"https:\/\/agora.xtec.cat\/insmartidot\/wp-json\/wp\/v2\/posts\/7483\/revisions\/7485"}],"wp:attachment":[{"href":"https:\/\/agora.xtec.cat\/insmartidot\/wp-json\/wp\/v2\/media?parent=7483"}],"wp:term":[{"taxonomy":"category","embeddable":true,"href":"https:\/\/agora.xtec.cat\/insmartidot\/wp-json\/wp\/v2\/categories?post=7483"},{"taxonomy":"post_tag","embeddable":true,"href":"https:\/\/agora.xtec.cat\/insmartidot\/wp-json\/wp\/v2\/tags?post=7483"}],"curies":[{"name":"wp","href":"https:\/\/api.w.org\/{rel}","templated":true}]}}