{"id":7326,"date":"2021-09-15T08:42:38","date_gmt":"2021-09-15T06:42:38","guid":{"rendered":"https:\/\/agora.xtec.cat\/insmartidot\/?p=7326"},"modified":"2021-10-04T13:56:22","modified_gmt":"2021-10-04T11:56:22","slug":"reunions-amb-families-eso-batxillerat","status":"publish","type":"post","link":"https:\/\/agora.xtec.cat\/insmartidot\/general\/reunions-amb-families-eso-batxillerat\/","title":{"rendered":"Reunions amb fam\u00edlies Cicles Formatius"},"content":{"rendered":"<p>Benvolgudes fam\u00edlies de l&#8217;alumnat de 1r curs de Cicles Formatius Institut Mart\u00ed Dot,<\/p>\n<div>Un cop iniciat el curs acad\u00e8mic 2021-2022, de ben segur que voldreu\u00a0con\u00e8ixer alguns detalls de la formaci\u00f3 que estan rebent els vostres fills i del nostre centre. Per aix\u00f2 ens plau anunciar-los la\u00a0<b><span style=\"font-size: large;\">sessi\u00f3 de presentaci\u00f3 pels pares, mares i\/o tutors<\/span><\/b>.<\/div>\n<div><\/div>\n<div>Per raons de les mesures de seguretat anti COVID19 que tenim al centre, tindr\u00e0 lloc\u00a0<b><span style=\"font-size: large;\">virtualment.\u00a0<\/span><\/b>Es far\u00e0 a trav\u00e9s de la plataforma Google Meet.<\/div>\n<div><\/div>\n<div>Al ser una sessi\u00f3 on-line, per raons de confidencialitat de la sessi\u00f3, l&#8217;acc\u00e9s a la sessi\u00f3 ser\u00e0 restringit:\u00a0Nom\u00e9s autoritzarem a assistir-hi a trav\u00e9s dels correus e-mail que s&#8217;han informat en les inscripcions de matr\u00edcula o mitjan\u00e7ant el correu <span style=\"color: #99ccff;\">@insmartidot.cat<\/span> de l&#8217;alumne\/a.<\/div>\n<div><\/div>\n<div>Us esperem a tots el proper\u00a0<b><span style=\"font-size: large;\">dimarts 05 d&#8217;octubre de 2021 a les 18:00<\/span><\/b><\/div>\n<div><\/div>\n<div><\/div>\n<table style=\"width: 90.5277%; height: 146px;\">\n<tbody>\n<tr style=\"height: 33px;\">\n<td style=\"height: 33px;\"><b>Qui convoca?<\/b><\/td>\n<td style=\"height: 33px;\"><b>Qui est\u00e0 convocat?<\/b><\/td>\n<td style=\"height: 33px;\"><b>Quan?<\/b><\/td>\n<td style=\"height: 33px;\"><b>Com accedeixo a la convocat\u00f2ria online?<\/b><\/td>\n<\/tr>\n<tr style=\"height: 113px;\">\n<td style=\"height: 113px;\"><b>L\u2019EQUIP DIRECTIU<\/b><\/td>\n<td style=\"height: 113px;\">Totes les fam\u00edlies\u00a0de\u00a01r curs de CICLES FORMATIUS<\/td>\n<td style=\"height: 113px;\"><span style=\"font-weight: 400;\">Dimarts, <\/span><b>5 d&#8217;octubre a les 18:00\u00a0<\/b><\/td>\n<td style=\"height: 113px;\"><span style=\"font-weight: 400;\">Des del correu electr\u00f2nic <\/span><i><span style=\"font-weight: 400;\">@<\/span><\/i><a href=\"http:\/\/insmartidot.cat\/\"><i><span style=\"font-weight: 400;\">insmartidot.cat<\/span><\/i><\/a><span style=\"font-weight: 400;\"> del meu fill\/a i mitjan\u00e7ant l\u2019enlla\u00e7<\/span><\/p>\n<p><a href=\"https:\/\/meet.google.com\/xez-ehxs-fkj\"><span style=\"font-weight: 400;\">meet.google.com\/xez-ehxs-fkj<\/span><\/a><\/td>\n<\/tr>\n<\/tbody>\n<\/table>\n<p><span style=\"font-weight: 400;\"><br \/>\n<\/span><span style=\"font-weight: 400;\">A continuaci\u00f3 teniu un tutorial per poder accedir amb l\u2019<\/span><a href=\"https:\/\/docs.google.com\/presentation\/d\/1Og7BLXDRrth9Pa2kjPzI9peizmYP0LLVV9t8Y8KrBwQ\/edit?usp=sharing\"><span style=\"font-weight: 400;\">ordinador<\/span><\/a><span style=\"font-weight: 400;\"> o amb el<\/span><a href=\"https:\/\/docs.google.com\/presentation\/d\/1tqrvrJh6fdRkd9TlB8Cy_lDyWK43pqfh-kupHBELCbU\/edit?usp=sharing\"> <span style=\"font-weight: 400;\">m\u00f2bil\/tablet<\/span><\/a><span style=\"font-weight: 400;\">.\u00a0<\/span><\/p>\n<p><span style=\"font-weight: 400;\">\u00c9s important que durant la reuni\u00f3 tingueu el <span style=\"text-decoration: underline;\">micr\u00f2fon apagat<\/span>.\u00a0<\/span><\/p>\n<p><span style=\"font-weight: 400;\">Moltes gr\u00e0cies per la vostra atenci\u00f3 i col\u00b7laboraci\u00f3.<\/span><\/p>\n<p><span style=\"font-weight: 400;\">Salutacions,<\/span><\/p>\n<p><span style=\"font-weight: 400;\">Equip directiu INS Mart\u00ed Dot<\/span><\/p>\n","protected":false},"excerpt":{"rendered":"<p>Benvolgudes fam\u00edlies de l&#8217;alumnat de 1r curs de Cicles Formatius Institut Mart\u00ed Dot, Un cop iniciat el curs acad\u00e8mic 2021-2022, de ben segur que voldreu\u00a0con\u00e8ixer alguns detalls de la formaci\u00f3 que estan rebent els vostres fills i del nostre centre. Per aix\u00f2 ens plau anunciar-los la\u00a0sessi\u00f3 de presentaci\u00f3 pels pares, mares i\/o tutors. Per raons [&hellip;]<\/p>\n","protected":false},"author":1,"featured_media":7327,"comment_status":"closed","ping_status":"closed","sticky":false,"template":"","format":"standard","meta":{"_bbp_topic_count":0,"_bbp_reply_count":0,"_bbp_total_topic_count":0,"_bbp_total_reply_count":0,"_bbp_voice_count":0,"_bbp_anonymous_reply_count":0,"_bbp_topic_count_hidden":0,"_bbp_reply_count_hidden":0,"_bbp_forum_subforum_count":0,"site-sidebar-layout":"default","site-content-layout":"","ast-site-content-layout":"","site-content-style":"default","site-sidebar-style":"default","ast-global-header-display":"","ast-banner-title-visibility":"","ast-main-header-display":"","ast-hfb-above-header-display":"","ast-hfb-below-header-display":"","ast-hfb-mobile-header-display":"","site-post-title":"","ast-breadcrumbs-content":"","ast-featured-img":"","footer-sml-layout":"","theme-transparent-header-meta":"","adv-header-id-meta":"","stick-header-meta":"","header-above-stick-meta":"","header-main-stick-meta":"","header-below-stick-meta":"","astra-migrate-meta-layouts":"default","ast-page-background-enabled":"default","ast-page-background-meta":{"desktop":{"background-color":"var(--ast-global-color-4)","background-image":"","background-repeat":"repeat","background-position":"center center","background-size":"auto","background-attachment":"scroll","background-type":"","background-media":"","overlay-type":"","overlay-color":"","overlay-opacity":"","overlay-gradient":""},"tablet":{"background-color":"","background-image":"","background-repeat":"repeat","background-position":"center center","background-size":"auto","background-attachment":"scroll","background-type":"","background-media":"","overlay-type":"","overlay-color":"","overlay-opacity":"","overlay-gradient":""},"mobile":{"background-color":"","background-image":"","background-repeat":"repeat","background-position":"center center","background-size":"auto","background-attachment":"scroll","background-type":"","background-media":"","overlay-type":"","overlay-color":"","overlay-opacity":"","overlay-gradient":""}},"ast-content-background-meta":{"desktop":{"background-color":"var(--ast-global-color-5)","background-image":"","background-repeat":"repeat","background-position":"center center","background-size":"auto","background-attachment":"scroll","background-type":"","background-media":"","overlay-type":"","overlay-color":"","overlay-opacity":"","overlay-gradient":""},"tablet":{"background-color":"var(--ast-global-color-5)","background-image":"","background-repeat":"repeat","background-position":"center center","background-size":"auto","background-attachment":"scroll","background-type":"","background-media":"","overlay-type":"","overlay-color":"","overlay-opacity":"","overlay-gradient":""},"mobile":{"background-color":"var(--ast-global-color-5)","background-image":"","background-repeat":"repeat","background-position":"center center","background-size":"auto","background-attachment":"scroll","background-type":"","background-media":"","overlay-type":"","overlay-color":"","overlay-opacity":"","overlay-gradient":""}},"footnotes":""},"categories":[30,1],"tags":[189,190,193],"class_list":["post-7326","post","type-post","status-publish","format-standard","has-post-thumbnail","hentry","category-cf-pfi-ife","category-general","tag-afa","tag-families","tag-participacio"],"post_mailing_queue_ids":[],"_links":{"self":[{"href":"https:\/\/agora.xtec.cat\/insmartidot\/wp-json\/wp\/v2\/posts\/7326","targetHints":{"allow":["GET"]}}],"collection":[{"href":"https:\/\/agora.xtec.cat\/insmartidot\/wp-json\/wp\/v2\/posts"}],"about":[{"href":"https:\/\/agora.xtec.cat\/insmartidot\/wp-json\/wp\/v2\/types\/post"}],"author":[{"embeddable":true,"href":"https:\/\/agora.xtec.cat\/insmartidot\/wp-json\/wp\/v2\/users\/1"}],"replies":[{"embeddable":true,"href":"https:\/\/agora.xtec.cat\/insmartidot\/wp-json\/wp\/v2\/comments?post=7326"}],"version-history":[{"count":3,"href":"https:\/\/agora.xtec.cat\/insmartidot\/wp-json\/wp\/v2\/posts\/7326\/revisions"}],"predecessor-version":[{"id":7347,"href":"https:\/\/agora.xtec.cat\/insmartidot\/wp-json\/wp\/v2\/posts\/7326\/revisions\/7347"}],"wp:featuredmedia":[{"embeddable":true,"href":"https:\/\/agora.xtec.cat\/insmartidot\/wp-json\/wp\/v2\/media\/7327"}],"wp:attachment":[{"href":"https:\/\/agora.xtec.cat\/insmartidot\/wp-json\/wp\/v2\/media?parent=7326"}],"wp:term":[{"taxonomy":"category","embeddable":true,"href":"https:\/\/agora.xtec.cat\/insmartidot\/wp-json\/wp\/v2\/categories?post=7326"},{"taxonomy":"post_tag","embeddable":true,"href":"https:\/\/agora.xtec.cat\/insmartidot\/wp-json\/wp\/v2\/tags?post=7326"}],"curies":[{"name":"wp","href":"https:\/\/api.w.org\/{rel}","templated":true}]}}