{"id":5524,"date":"2019-11-25T00:00:28","date_gmt":"2019-11-24T23:00:28","guid":{"rendered":"http:\/\/agora.xtec.cat\/insmartidot\/?p=5524"},"modified":"2019-11-24T11:05:03","modified_gmt":"2019-11-24T10:05:03","slug":"25n-al-marti-dot-pintem-el-mon-de-taronja","status":"publish","type":"post","link":"https:\/\/agora.xtec.cat\/insmartidot\/general\/25n-al-marti-dot-pintem-el-mon-de-taronja\/","title":{"rendered":"25N Al Mart\u00ed Dot pintem el m\u00f3n de taronja"},"content":{"rendered":"<p>Aquest \u00e9s el lema de la campanya mundial de la Unesco per a l&#8217;eliminaci\u00f3 de la viol\u00e8ncia envers les dones.<\/p>\n<p>El dia 25N \u00e9s el dia mundial dedicat a aquesta causa i la Campanya internaconal s&#8217;allarga fins al dia 10 de desembre, Dia Internacional dels Drets Humans. A l&#8217;Institut ens sumem a la campanya i volem pintar el m\u00f3n de taronja per tal d&#8217;eradicar aquests fets. Per aquest motiu hem organitzat un seguit d&#8217;actes ia activitats per tal de conscienciar la comunitat educativa de la import\u00e0ncia de la defensa de la igualtat i l&#8217;equitat en tots els \u00e0mbits.<\/p>\n<p><strong>Qu\u00e8 \u00e9s el 25N?<\/strong><\/p>\n<p>El 25 de novembre va ser declarat dia internacional contra la viol\u00e8ncia de g\u00e8nere el juliol de\u00a01981, en el context del primer\u00a0<i>Encuentro Feminista de Latinoam\u00e9rica y del Caribe<\/i>\u00a0celebrat a\u00a0Bogot\u00e0\u00a0(Col\u00f2mbia). En aquesta trobada les dones van denunciar la\u00a0viol\u00e8ncia de g\u00e8nere\u00a0en\u00a0l&#8217;\u00e0mbit dom\u00e8stic\u00a0i la\u00a0violaci\u00f3\u00a0i l&#8217;assetjament sexual\u00a0en l&#8217;\u00e0mbit dels governs, incloent-hi la\u00a0tortura\u00a0i els\u00a0abusos\u00a0que patien moltes presoneres pol\u00edtiques.<\/p>\n<p>Es va escollir aquest dia per commemorar el violent\u00a0assassinat\u00a0de les\u00a0germanes Mirabal\u00a0(Patria, Minerva i Maria Teresa), tres activistes pol\u00edtiques assassinades el 25 de novembre de\u00a01960\u00a0mentre anaven a\u00a0Puerto Plata\u00a0a visitar els seus marits empresonats, en mans de la policia secreta del dictador\u00a0Rafael Trujillo\u00a0a la\u00a0Rep\u00fablica Dominicana. Ded\u00e9 Mirabal, que viu a\u00a0B\u00e8lgica, \u00e9s l&#8217;\u00fanica germana que ha sobreviscut. Els seus cad\u00e0vers destrossats van apar\u00e8ixer al fons d&#8217;un barranc. Per al moviment popular i\u00a0feminista\u00a0de la Rep\u00fablica Dominicana, hist\u00f2ricament, aquestes dones han simbolitzat la lluita i la resist\u00e8ncia. El 1999, l&#8217;ONU va donar car\u00e0cter oficial a aquesta data.<\/p>\n<p>El 1993, l&#8217;Assemblea General de les Nacions Unides\u00a0va aprovar la Declaraci\u00f3 sobre l&#8217;Eliminaci\u00f3 de la\u00a0viol\u00e8ncia contra la dona, en la qual es va definir el terme\u00a0<i>viol\u00e8ncia contra la dona\u00a0<\/i>com: &#8220;Tot acte de viol\u00e8ncia basat en el g\u00e8nere que t\u00e9 com a resultat possible o real un dany f\u00edsic, sexual o psicol\u00f2gic, incloses les amenaces, la coerci\u00f3 o la prohibici\u00f3 arbitr\u00e0ria de la llibertat, ja sigui que ocorri en la vida p\u00fablica o en la vida privada.&#8221; En aquesta Assemblea es va recon\u00e8ixer que eren necessaris &#8220;una clara declaraci\u00f3 dels drets que s&#8217;han d&#8217;aplicar per assegurar l&#8217;eliminaci\u00f3 de tota viol\u00e8ncia contra la dona en totes les seves formes, i un comprom\u00eds dels Estats i de la comunitat internacional en general per eliminar la viol\u00e8ncia contra la dona\u00a0\u00bb.<sup id=\"cite_ref-5\" class=\"reference\">[5]<\/sup><\/p>\n<p>El 17 de desembre de 1999, l&#8217;Assemblea General de les Nacions Unides va designar el 25 de novembre com el Dia Internacional de l&#8217;Eliminaci\u00f3 de la Viol\u00e8ncia contra la Dona . L&#8217;ONU va convidar a governs, organitzacions internacionals i organitzacions no governamentals a organitzar activitats dirigides a sensibilitzar el p\u00fablic respecte del problema en aquest dia com una celebraci\u00f3 internacional . El Fons de Desenvolupament de les Nacions Unides per a la Dona (United Nations Development Fund for Women o Unifem, en angl\u00e8s) tamb\u00e9 observa regularment la jornada, i ofereix suggeriments perqu\u00e8 altres les observin.<\/p>\n<p>A l&#8217;octubre de 2006 es va presentar el\u00a0<i>Estudi a fons sobre totes les formes de viol\u00e8ncia contra la dona<\/i>, que demostra que hi ha obligacions concretes dels Estats per prevenir aquesta viol\u00e8ncia, per tractar les seves causes (la desigualtat hist\u00f2rica i la discriminaci\u00f3 generalitzada), aix\u00ed com per investigar, jutjar i castigar els agressors. La viol\u00e8ncia contra la dona segueix sent una pand\u00e8mia global. Fins a un 70% de les dones pateixen viol\u00e8ncia en la seva vida. La campanya \u00ab<i>16 dies d&#8217;activisme contra la viol\u00e8ncia de g\u00e8nere\u00a0<\/i>\u00bbcomen\u00e7a el 25 de novembre, Dia Internacional de l&#8217;Eliminaci\u00f3 de la Viol\u00e8ncia contra la Dona, i acaba el 10 de desembre, Dia dels Drets Humans. Aquesta campanya t\u00e9 com a objectiu cridar a l&#8217;acci\u00f3 per posar fi a la viol\u00e8ncia contra les dones i les nenes a tot el m\u00f3n.<\/p>\n<p id=\"firstHeading\" class=\"firstHeading\" lang=\"ca\" style=\"text-align: right;\">Dia internacional per a l&#8217;eliminaci\u00f3 de la viol\u00e8ncia contra les dones. (s.d.). A V<i>iquipedia<\/i>. Recuperat el 24 de novembre de 2019 de <a href=\"https:\/\/ca.wikipedia.org\/wiki\/Dia_internacional_per_a_l%27eliminaci%C3%B3_de_la_viol%C3%A8ncia_contra_les_dones\">https:\/\/ca.wikipedia.org\/wiki\/Dia_internacional_per_a_l%27eliminaci%C3%B3_de_la_viol%C3%A8ncia_contra_les_dones<\/a><\/p>\n<div id='gallery-1' class='gallery galleryid-5524 gallery-columns-3 gallery-size-thumbnail'><figure class='gallery-item'>\n\t\t\t<div class='gallery-icon landscape'>\n\t\t\t\t<a href='https:\/\/agora.xtec.cat\/insmartidot\/sexual_harassment\/'><img loading=\"lazy\" decoding=\"async\" width=\"150\" height=\"150\" src=\"https:\/\/agora.xtec.cat\/insmartidot\/wp-content\/uploads\/usu476\/2019\/11\/Sexual_harassment-150x150.png\" class=\"attachment-thumbnail size-thumbnail\" alt=\"\" \/><\/a>\n\t\t\t<\/div><\/figure><figure class='gallery-item'>\n\t\t\t<div class='gallery-icon landscape'>\n\t\t\t\t<a href='https:\/\/agora.xtec.cat\/insmartidot\/reporting\/'><img loading=\"lazy\" decoding=\"async\" width=\"150\" height=\"150\" src=\"https:\/\/agora.xtec.cat\/insmartidot\/wp-content\/uploads\/usu476\/2019\/11\/Reporting-150x150.png\" class=\"attachment-thumbnail size-thumbnail\" alt=\"\" \/><\/a>\n\t\t\t<\/div><\/figure><figure class='gallery-item'>\n\t\t\t<div class='gallery-icon landscape'>\n\t\t\t\t<a href='https:\/\/agora.xtec.cat\/insmartidot\/marital_rape\/'><img loading=\"lazy\" decoding=\"async\" width=\"150\" height=\"150\" src=\"https:\/\/agora.xtec.cat\/insmartidot\/wp-content\/uploads\/usu476\/2019\/11\/Marital_rape-150x150.png\" class=\"attachment-thumbnail size-thumbnail\" alt=\"\" \/><\/a>\n\t\t\t<\/div><\/figure><figure class='gallery-item'>\n\t\t\t<div class='gallery-icon landscape'>\n\t\t\t\t<a href='https:\/\/agora.xtec.cat\/insmartidot\/forms_of_violence\/'><img loading=\"lazy\" decoding=\"async\" width=\"150\" height=\"150\" src=\"https:\/\/agora.xtec.cat\/insmartidot\/wp-content\/uploads\/usu476\/2019\/11\/Forms_of_violence-150x150.png\" class=\"attachment-thumbnail size-thumbnail\" alt=\"\" \/><\/a>\n\t\t\t<\/div><\/figure><figure class='gallery-item'>\n\t\t\t<div class='gallery-icon landscape'>\n\t\t\t\t<a href='https:\/\/agora.xtec.cat\/insmartidot\/law\/'><img loading=\"lazy\" decoding=\"async\" width=\"150\" height=\"150\" src=\"https:\/\/agora.xtec.cat\/insmartidot\/wp-content\/uploads\/usu476\/2019\/11\/Law-150x150.png\" class=\"attachment-thumbnail size-thumbnail\" alt=\"\" \/><\/a>\n\t\t\t<\/div><\/figure><figure class='gallery-item'>\n\t\t\t<div class='gallery-icon landscape'>\n\t\t\t\t<a href='https:\/\/agora.xtec.cat\/insmartidot\/fear\/'><img loading=\"lazy\" decoding=\"async\" width=\"150\" height=\"150\" src=\"https:\/\/agora.xtec.cat\/insmartidot\/wp-content\/uploads\/usu476\/2019\/11\/Fear-150x150.png\" class=\"attachment-thumbnail size-thumbnail\" alt=\"\" \/><\/a>\n\t\t\t<\/div><\/figure><figure class='gallery-item'>\n\t\t\t<div class='gallery-icon landscape'>\n\t\t\t\t<a href='https:\/\/agora.xtec.cat\/insmartidot\/adolescence\/'><img loading=\"lazy\" decoding=\"async\" width=\"150\" height=\"150\" src=\"https:\/\/agora.xtec.cat\/insmartidot\/wp-content\/uploads\/usu476\/2019\/11\/Adolescence-150x150.png\" class=\"attachment-thumbnail size-thumbnail\" alt=\"\" \/><\/a>\n\t\t\t<\/div><\/figure>\n\t\t<\/div>\n\n<p>&nbsp;<\/p>\n","protected":false},"excerpt":{"rendered":"<p>Aquest \u00e9s el lema de la campanya mundial de la Unesco per a l&#8217;eliminaci\u00f3 de la viol\u00e8ncia envers les dones. El dia 25N \u00e9s el dia mundial dedicat a aquesta causa i la Campanya internaconal s&#8217;allarga fins al dia 10 de desembre, Dia Internacional dels Drets Humans. A l&#8217;Institut ens sumem a la campanya i [&hellip;]<\/p>\n","protected":false},"author":1,"featured_media":5529,"comment_status":"open","ping_status":"closed","sticky":false,"template":"","format":"standard","meta":{"_bbp_topic_count":0,"_bbp_reply_count":0,"_bbp_total_topic_count":0,"_bbp_total_reply_count":0,"_bbp_voice_count":0,"_bbp_anonymous_reply_count":0,"_bbp_topic_count_hidden":0,"_bbp_reply_count_hidden":0,"_bbp_forum_subforum_count":0,"site-sidebar-layout":"default","site-content-layout":"","ast-site-content-layout":"","site-content-style":"default","site-sidebar-style":"default","ast-global-header-display":"","ast-banner-title-visibility":"","ast-main-header-display":"","ast-hfb-above-header-display":"","ast-hfb-below-header-display":"","ast-hfb-mobile-header-display":"","site-post-title":"","ast-breadcrumbs-content":"","ast-featured-img":"","footer-sml-layout":"","theme-transparent-header-meta":"","adv-header-id-meta":"","stick-header-meta":"","header-above-stick-meta":"","header-main-stick-meta":"","header-below-stick-meta":"","astra-migrate-meta-layouts":"default","ast-page-background-enabled":"default","ast-page-background-meta":{"desktop":{"background-color":"var(--ast-global-color-4)","background-image":"","background-repeat":"repeat","background-position":"center center","background-size":"auto","background-attachment":"scroll","background-type":"","background-media":"","overlay-type":"","overlay-color":"","overlay-opacity":"","overlay-gradient":""},"tablet":{"background-color":"","background-image":"","background-repeat":"repeat","background-position":"center center","background-size":"auto","background-attachment":"scroll","background-type":"","background-media":"","overlay-type":"","overlay-color":"","overlay-opacity":"","overlay-gradient":""},"mobile":{"background-color":"","background-image":"","background-repeat":"repeat","background-position":"center center","background-size":"auto","background-attachment":"scroll","background-type":"","background-media":"","overlay-type":"","overlay-color":"","overlay-opacity":"","overlay-gradient":""}},"ast-content-background-meta":{"desktop":{"background-color":"var(--ast-global-color-5)","background-image":"","background-repeat":"repeat","background-position":"center center","background-size":"auto","background-attachment":"scroll","background-type":"","background-media":"","overlay-type":"","overlay-color":"","overlay-opacity":"","overlay-gradient":""},"tablet":{"background-color":"var(--ast-global-color-5)","background-image":"","background-repeat":"repeat","background-position":"center center","background-size":"auto","background-attachment":"scroll","background-type":"","background-media":"","overlay-type":"","overlay-color":"","overlay-opacity":"","overlay-gradient":""},"mobile":{"background-color":"var(--ast-global-color-5)","background-image":"","background-repeat":"repeat","background-position":"center center","background-size":"auto","background-attachment":"scroll","background-type":"","background-media":"","overlay-type":"","overlay-color":"","overlay-opacity":"","overlay-gradient":""}},"footnotes":""},"categories":[1],"tags":[],"class_list":["post-5524","post","type-post","status-publish","format-standard","has-post-thumbnail","hentry","category-general"],"post_mailing_queue_ids":[],"_links":{"self":[{"href":"https:\/\/agora.xtec.cat\/insmartidot\/wp-json\/wp\/v2\/posts\/5524","targetHints":{"allow":["GET"]}}],"collection":[{"href":"https:\/\/agora.xtec.cat\/insmartidot\/wp-json\/wp\/v2\/posts"}],"about":[{"href":"https:\/\/agora.xtec.cat\/insmartidot\/wp-json\/wp\/v2\/types\/post"}],"author":[{"embeddable":true,"href":"https:\/\/agora.xtec.cat\/insmartidot\/wp-json\/wp\/v2\/users\/1"}],"replies":[{"embeddable":true,"href":"https:\/\/agora.xtec.cat\/insmartidot\/wp-json\/wp\/v2\/comments?post=5524"}],"version-history":[{"count":3,"href":"https:\/\/agora.xtec.cat\/insmartidot\/wp-json\/wp\/v2\/posts\/5524\/revisions"}],"predecessor-version":[{"id":5537,"href":"https:\/\/agora.xtec.cat\/insmartidot\/wp-json\/wp\/v2\/posts\/5524\/revisions\/5537"}],"wp:featuredmedia":[{"embeddable":true,"href":"https:\/\/agora.xtec.cat\/insmartidot\/wp-json\/wp\/v2\/media\/5529"}],"wp:attachment":[{"href":"https:\/\/agora.xtec.cat\/insmartidot\/wp-json\/wp\/v2\/media?parent=5524"}],"wp:term":[{"taxonomy":"category","embeddable":true,"href":"https:\/\/agora.xtec.cat\/insmartidot\/wp-json\/wp\/v2\/categories?post=5524"},{"taxonomy":"post_tag","embeddable":true,"href":"https:\/\/agora.xtec.cat\/insmartidot\/wp-json\/wp\/v2\/tags?post=5524"}],"curies":[{"name":"wp","href":"https:\/\/api.w.org\/{rel}","templated":true}]}}