{"id":4808,"date":"2019-03-18T15:57:55","date_gmt":"2019-03-18T14:57:55","guid":{"rendered":"http:\/\/agora.xtec.cat\/insmartidot\/?p=4808"},"modified":"2019-03-25T19:49:02","modified_gmt":"2019-03-25T18:49:02","slug":"viatge-a-montpellier-18-22-de-marc","status":"publish","type":"post","link":"https:\/\/agora.xtec.cat\/insmartidot\/general\/viatge-a-montpellier-18-22-de-marc\/","title":{"rendered":"Viatge a Montpellier (18-22 de mar\u00e7)"},"content":{"rendered":"<div style=\"width: 480px;\" class=\"wp-video\"><!--[if lt IE 9]><script>document.createElement('video');<\/script><![endif]-->\n<video class=\"wp-video-shortcode\" id=\"video-4808-1\" width=\"480\" height=\"480\" preload=\"metadata\" controls=\"controls\"><source type=\"video\/mp4\" src=\"https:\/\/agora.xtec.cat\/insmartidot\/wp-content\/uploads\/usu476\/2019\/03\/joined_video_d733514c2ce146239c8a14dbe52424fa.mp4?_=1\" \/><a href=\"https:\/\/agora.xtec.cat\/insmartidot\/wp-content\/uploads\/usu476\/2019\/03\/joined_video_d733514c2ce146239c8a14dbe52424fa.mp4\">https:\/\/agora.xtec.cat\/insmartidot\/wp-content\/uploads\/usu476\/2019\/03\/joined_video_d733514c2ce146239c8a14dbe52424fa.mp4<\/a><\/video><\/div>\n<p>&nbsp;<\/p>\n<p>Els alumnes ja han arribat a Montpellier i ja han comen\u00e7at les classes de franc\u00e8s sense gaireb\u00e9 temps per a aclimatar-se. Seran uns dies de molta activitat, immersos en la cultura francesa. Fins divendres vinent, els nostres alumnes assistiran a classes intensives de franc\u00e8s. Aquests alumnes de 2n d&#8217;ESO i 2n de Servei de Sala estan acompanyats pels professors, Joan Quintana, tutor de 2n de Servei de Sala i Daniel Lanaspa, professor de franc\u00e8s. Segur que aprofiten aquesta estada a l&#8217;Institut Linguistique du Peyrou de Montpellier, una de les institucions d&#8217;idiomes m\u00e9s prestigioses del sud de Fran\u00e7a.<\/p>\n<p>A continuaci\u00f3 podeu veure algunes imatges d&#8217;aquesta profitosa estada ling\u00fc\u00edstica. En aquest enlla\u00e7 teniu un segon video del viatge:\u00a0\u00a0https:\/\/gopro.com\/v\/nrV53nmbWR6QG<\/p>\n<p><img loading=\"lazy\" decoding=\"async\" class=\"alignnone size-large wp-image-4810\" src=\"https:\/\/agora.xtec.cat\/insmartidot\/wp-content\/uploads\/usu476\/2019\/03\/IMG-20190318-WA0016-768x1024.jpg\" alt=\"\" width=\"768\" height=\"1024\" srcset=\"https:\/\/agora.xtec.cat\/insmartidot\/wp-content\/uploads\/usu476\/2019\/03\/IMG-20190318-WA0016-768x1024.jpg 768w, https:\/\/agora.xtec.cat\/insmartidot\/wp-content\/uploads\/usu476\/2019\/03\/IMG-20190318-WA0016-225x300.jpg 225w, https:\/\/agora.xtec.cat\/insmartidot\/wp-content\/uploads\/usu476\/2019\/03\/IMG-20190318-WA0016.jpg 1200w\" sizes=\"auto, (max-width: 768px) 100vw, 768px\" \/><\/p>\n<p><img loading=\"lazy\" decoding=\"async\" class=\"alignnone size-large wp-image-4812\" src=\"https:\/\/agora.xtec.cat\/insmartidot\/wp-content\/uploads\/usu476\/2019\/03\/IMG-20190319-WA0004-768x1024.jpg\" alt=\"\" width=\"768\" height=\"1024\" srcset=\"https:\/\/agora.xtec.cat\/insmartidot\/wp-content\/uploads\/usu476\/2019\/03\/IMG-20190319-WA0004-768x1024.jpg 768w, https:\/\/agora.xtec.cat\/insmartidot\/wp-content\/uploads\/usu476\/2019\/03\/IMG-20190319-WA0004-225x300.jpg 225w, https:\/\/agora.xtec.cat\/insmartidot\/wp-content\/uploads\/usu476\/2019\/03\/IMG-20190319-WA0004.jpg 1200w\" sizes=\"auto, (max-width: 768px) 100vw, 768px\" \/><\/p>\n<p>Els alumnes de 2n d&#8217;ESO amb el seu professor de franc\u00e8s, en Daniel Lanaspa<img loading=\"lazy\" decoding=\"async\" class=\"alignnone size-large wp-image-4813\" src=\"https:\/\/agora.xtec.cat\/insmartidot\/wp-content\/uploads\/usu476\/2019\/03\/IMG-20190319-WA0005-1024x768.jpg\" alt=\"\" width=\"1024\" height=\"768\" srcset=\"https:\/\/agora.xtec.cat\/insmartidot\/wp-content\/uploads\/usu476\/2019\/03\/IMG-20190319-WA0005-1024x768.jpg 1024w, https:\/\/agora.xtec.cat\/insmartidot\/wp-content\/uploads\/usu476\/2019\/03\/IMG-20190319-WA0005-300x225.jpg 300w, https:\/\/agora.xtec.cat\/insmartidot\/wp-content\/uploads\/usu476\/2019\/03\/IMG-20190319-WA0005-768x576.jpg 768w, https:\/\/agora.xtec.cat\/insmartidot\/wp-content\/uploads\/usu476\/2019\/03\/IMG-20190319-WA0005-200x150.jpg 200w, https:\/\/agora.xtec.cat\/insmartidot\/wp-content\/uploads\/usu476\/2019\/03\/IMG-20190319-WA0005.jpg 1600w\" sizes=\"auto, (max-width: 1024px) 100vw, 1024px\" \/><\/p>\n<p>El tutor Joan Quintana amb els alumnes de 2n de Servei de Sala\u00a0<img loading=\"lazy\" decoding=\"async\" class=\"alignnone size-large wp-image-4809\" src=\"https:\/\/agora.xtec.cat\/insmartidot\/wp-content\/uploads\/usu476\/2019\/03\/IMG-20190318-WA0014-1024x768.jpg\" alt=\"\" width=\"1024\" height=\"768\" srcset=\"https:\/\/agora.xtec.cat\/insmartidot\/wp-content\/uploads\/usu476\/2019\/03\/IMG-20190318-WA0014-1024x768.jpg 1024w, https:\/\/agora.xtec.cat\/insmartidot\/wp-content\/uploads\/usu476\/2019\/03\/IMG-20190318-WA0014-300x225.jpg 300w, https:\/\/agora.xtec.cat\/insmartidot\/wp-content\/uploads\/usu476\/2019\/03\/IMG-20190318-WA0014-768x576.jpg 768w, https:\/\/agora.xtec.cat\/insmartidot\/wp-content\/uploads\/usu476\/2019\/03\/IMG-20190318-WA0014-200x150.jpg 200w, https:\/\/agora.xtec.cat\/insmartidot\/wp-content\/uploads\/usu476\/2019\/03\/IMG-20190318-WA0014.jpg 1599w\" sizes=\"auto, (max-width: 1024px) 100vw, 1024px\" \/><\/p>\n<p>Primer dia de classes a ILP abans de realitzar les profes de nivell<\/p>\n<p><img loading=\"lazy\" decoding=\"async\" class=\"alignnone size-large wp-image-4818\" src=\"https:\/\/agora.xtec.cat\/insmartidot\/wp-content\/uploads\/usu476\/2019\/03\/IMG-20190319-WA0021-1024x768.jpg\" alt=\"\" width=\"1024\" height=\"768\" srcset=\"https:\/\/agora.xtec.cat\/insmartidot\/wp-content\/uploads\/usu476\/2019\/03\/IMG-20190319-WA0021-1024x768.jpg 1024w, https:\/\/agora.xtec.cat\/insmartidot\/wp-content\/uploads\/usu476\/2019\/03\/IMG-20190319-WA0021-300x225.jpg 300w, https:\/\/agora.xtec.cat\/insmartidot\/wp-content\/uploads\/usu476\/2019\/03\/IMG-20190319-WA0021-768x576.jpg 768w, https:\/\/agora.xtec.cat\/insmartidot\/wp-content\/uploads\/usu476\/2019\/03\/IMG-20190319-WA0021-200x150.jpg 200w, https:\/\/agora.xtec.cat\/insmartidot\/wp-content\/uploads\/usu476\/2019\/03\/IMG-20190319-WA0021.jpg 1599w\" sizes=\"auto, (max-width: 1024px) 100vw, 1024px\" \/><\/p>\n<p>Joc de pistes per Montpellier\u00a0<img loading=\"lazy\" decoding=\"async\" class=\"alignnone size-large wp-image-4819\" src=\"https:\/\/agora.xtec.cat\/insmartidot\/wp-content\/uploads\/usu476\/2019\/03\/IMG-20190319-WA0023-1024x768.jpg\" alt=\"\" width=\"1024\" height=\"768\" srcset=\"https:\/\/agora.xtec.cat\/insmartidot\/wp-content\/uploads\/usu476\/2019\/03\/IMG-20190319-WA0023-1024x768.jpg 1024w, https:\/\/agora.xtec.cat\/insmartidot\/wp-content\/uploads\/usu476\/2019\/03\/IMG-20190319-WA0023-300x225.jpg 300w, https:\/\/agora.xtec.cat\/insmartidot\/wp-content\/uploads\/usu476\/2019\/03\/IMG-20190319-WA0023-768x576.jpg 768w, https:\/\/agora.xtec.cat\/insmartidot\/wp-content\/uploads\/usu476\/2019\/03\/IMG-20190319-WA0023-200x150.jpg 200w, https:\/\/agora.xtec.cat\/insmartidot\/wp-content\/uploads\/usu476\/2019\/03\/IMG-20190319-WA0023.jpg 1599w\" sizes=\"auto, (max-width: 1024px) 100vw, 1024px\" \/> <img loading=\"lazy\" decoding=\"async\" class=\"alignnone size-large wp-image-4820\" src=\"https:\/\/agora.xtec.cat\/insmartidot\/wp-content\/uploads\/usu476\/2019\/03\/IMG-20190319-WA0025-1024x768.jpg\" alt=\"\" width=\"1024\" height=\"768\" srcset=\"https:\/\/agora.xtec.cat\/insmartidot\/wp-content\/uploads\/usu476\/2019\/03\/IMG-20190319-WA0025-1024x768.jpg 1024w, https:\/\/agora.xtec.cat\/insmartidot\/wp-content\/uploads\/usu476\/2019\/03\/IMG-20190319-WA0025-300x225.jpg 300w, https:\/\/agora.xtec.cat\/insmartidot\/wp-content\/uploads\/usu476\/2019\/03\/IMG-20190319-WA0025-768x576.jpg 768w, https:\/\/agora.xtec.cat\/insmartidot\/wp-content\/uploads\/usu476\/2019\/03\/IMG-20190319-WA0025-200x150.jpg 200w, https:\/\/agora.xtec.cat\/insmartidot\/wp-content\/uploads\/usu476\/2019\/03\/IMG-20190319-WA0025.jpg 1599w\" sizes=\"auto, (max-width: 1024px) 100vw, 1024px\" \/> <img loading=\"lazy\" decoding=\"async\" class=\"alignnone size-large wp-image-4821\" src=\"https:\/\/agora.xtec.cat\/insmartidot\/wp-content\/uploads\/usu476\/2019\/03\/IMG-20190319-WA0028-1024x768.jpg\" alt=\"\" width=\"1024\" height=\"768\" srcset=\"https:\/\/agora.xtec.cat\/insmartidot\/wp-content\/uploads\/usu476\/2019\/03\/IMG-20190319-WA0028-1024x768.jpg 1024w, https:\/\/agora.xtec.cat\/insmartidot\/wp-content\/uploads\/usu476\/2019\/03\/IMG-20190319-WA0028-300x225.jpg 300w, https:\/\/agora.xtec.cat\/insmartidot\/wp-content\/uploads\/usu476\/2019\/03\/IMG-20190319-WA0028-768x576.jpg 768w, https:\/\/agora.xtec.cat\/insmartidot\/wp-content\/uploads\/usu476\/2019\/03\/IMG-20190319-WA0028-200x150.jpg 200w, https:\/\/agora.xtec.cat\/insmartidot\/wp-content\/uploads\/usu476\/2019\/03\/IMG-20190319-WA0028.jpg 1599w\" sizes=\"auto, (max-width: 1024px) 100vw, 1024px\" \/><\/p>\n<p>Un petit descans per agafar forces despr\u00e9s de la ruta tur\u00edstica<\/p>\n<p><img loading=\"lazy\" decoding=\"async\" class=\"alignnone size-large wp-image-4823\" src=\"https:\/\/agora.xtec.cat\/insmartidot\/wp-content\/uploads\/usu476\/2019\/03\/IMG-20190319-WA0029-1024x768.jpg\" alt=\"\" width=\"1024\" height=\"768\" srcset=\"https:\/\/agora.xtec.cat\/insmartidot\/wp-content\/uploads\/usu476\/2019\/03\/IMG-20190319-WA0029-1024x768.jpg 1024w, https:\/\/agora.xtec.cat\/insmartidot\/wp-content\/uploads\/usu476\/2019\/03\/IMG-20190319-WA0029-300x225.jpg 300w, https:\/\/agora.xtec.cat\/insmartidot\/wp-content\/uploads\/usu476\/2019\/03\/IMG-20190319-WA0029-768x576.jpg 768w, https:\/\/agora.xtec.cat\/insmartidot\/wp-content\/uploads\/usu476\/2019\/03\/IMG-20190319-WA0029-200x150.jpg 200w, https:\/\/agora.xtec.cat\/insmartidot\/wp-content\/uploads\/usu476\/2019\/03\/IMG-20190319-WA0029.jpg 1600w\" sizes=\"auto, (max-width: 1024px) 100vw, 1024px\" \/> <img loading=\"lazy\" decoding=\"async\" class=\"alignnone size-large wp-image-4824\" src=\"https:\/\/agora.xtec.cat\/insmartidot\/wp-content\/uploads\/usu476\/2019\/03\/IMG-20190319-WA0030-768x1024.jpg\" alt=\"\" width=\"768\" height=\"1024\" srcset=\"https:\/\/agora.xtec.cat\/insmartidot\/wp-content\/uploads\/usu476\/2019\/03\/IMG-20190319-WA0030-768x1024.jpg 768w, https:\/\/agora.xtec.cat\/insmartidot\/wp-content\/uploads\/usu476\/2019\/03\/IMG-20190319-WA0030-225x300.jpg 225w, https:\/\/agora.xtec.cat\/insmartidot\/wp-content\/uploads\/usu476\/2019\/03\/IMG-20190319-WA0030.jpg 1200w\" sizes=\"auto, (max-width: 768px) 100vw, 768px\" \/><\/p>\n<p>El professor Joan Quintana disfruta fent fotos art\u00edstiques dels seus alumnes<\/p>\n","protected":false},"excerpt":{"rendered":"<p>&nbsp; Els alumnes ja han arribat a Montpellier i ja han comen\u00e7at les classes de franc\u00e8s sense gaireb\u00e9 temps per a aclimatar-se. Seran uns dies de molta activitat, immersos en la cultura francesa. Fins divendres vinent, els nostres alumnes assistiran a classes intensives de franc\u00e8s. Aquests alumnes de 2n d&#8217;ESO i 2n de Servei de [&hellip;]<\/p>\n","protected":false},"author":1,"featured_media":4809,"comment_status":"closed","ping_status":"closed","sticky":false,"template":"","format":"standard","meta":{"_bbp_topic_count":0,"_bbp_reply_count":0,"_bbp_total_topic_count":0,"_bbp_total_reply_count":0,"_bbp_voice_count":0,"_bbp_anonymous_reply_count":0,"_bbp_topic_count_hidden":0,"_bbp_reply_count_hidden":0,"_bbp_forum_subforum_count":0,"site-sidebar-layout":"default","site-content-layout":"","ast-site-content-layout":"","site-content-style":"default","site-sidebar-style":"default","ast-global-header-display":"","ast-banner-title-visibility":"","ast-main-header-display":"","ast-hfb-above-header-display":"","ast-hfb-below-header-display":"","ast-hfb-mobile-header-display":"","site-post-title":"","ast-breadcrumbs-content":"","ast-featured-img":"","footer-sml-layout":"","theme-transparent-header-meta":"","adv-header-id-meta":"","stick-header-meta":"","header-above-stick-meta":"","header-main-stick-meta":"","header-below-stick-meta":"","astra-migrate-meta-layouts":"default","ast-page-background-enabled":"default","ast-page-background-meta":{"desktop":{"background-color":"var(--ast-global-color-4)","background-image":"","background-repeat":"repeat","background-position":"center center","background-size":"auto","background-attachment":"scroll","background-type":"","background-media":"","overlay-type":"","overlay-color":"","overlay-opacity":"","overlay-gradient":""},"tablet":{"background-color":"","background-image":"","background-repeat":"repeat","background-position":"center center","background-size":"auto","background-attachment":"scroll","background-type":"","background-media":"","overlay-type":"","overlay-color":"","overlay-opacity":"","overlay-gradient":""},"mobile":{"background-color":"","background-image":"","background-repeat":"repeat","background-position":"center center","background-size":"auto","background-attachment":"scroll","background-type":"","background-media":"","overlay-type":"","overlay-color":"","overlay-opacity":"","overlay-gradient":""}},"ast-content-background-meta":{"desktop":{"background-color":"var(--ast-global-color-5)","background-image":"","background-repeat":"repeat","background-position":"center center","background-size":"auto","background-attachment":"scroll","background-type":"","background-media":"","overlay-type":"","overlay-color":"","overlay-opacity":"","overlay-gradient":""},"tablet":{"background-color":"var(--ast-global-color-5)","background-image":"","background-repeat":"repeat","background-position":"center center","background-size":"auto","background-attachment":"scroll","background-type":"","background-media":"","overlay-type":"","overlay-color":"","overlay-opacity":"","overlay-gradient":""},"mobile":{"background-color":"var(--ast-global-color-5)","background-image":"","background-repeat":"repeat","background-position":"center center","background-size":"auto","background-attachment":"scroll","background-type":"","background-media":"","overlay-type":"","overlay-color":"","overlay-opacity":"","overlay-gradient":""}},"footnotes":""},"categories":[8,30,3,1],"tags":[],"class_list":["post-4808","post","type-post","status-publish","format-standard","has-post-thumbnail","hentry","category-batxillerat","category-cf-pfi-ife","category-eso","category-general"],"post_mailing_queue_ids":[],"_links":{"self":[{"href":"https:\/\/agora.xtec.cat\/insmartidot\/wp-json\/wp\/v2\/posts\/4808","targetHints":{"allow":["GET"]}}],"collection":[{"href":"https:\/\/agora.xtec.cat\/insmartidot\/wp-json\/wp\/v2\/posts"}],"about":[{"href":"https:\/\/agora.xtec.cat\/insmartidot\/wp-json\/wp\/v2\/types\/post"}],"author":[{"embeddable":true,"href":"https:\/\/agora.xtec.cat\/insmartidot\/wp-json\/wp\/v2\/users\/1"}],"replies":[{"embeddable":true,"href":"https:\/\/agora.xtec.cat\/insmartidot\/wp-json\/wp\/v2\/comments?post=4808"}],"version-history":[{"count":4,"href":"https:\/\/agora.xtec.cat\/insmartidot\/wp-json\/wp\/v2\/posts\/4808\/revisions"}],"predecessor-version":[{"id":4854,"href":"https:\/\/agora.xtec.cat\/insmartidot\/wp-json\/wp\/v2\/posts\/4808\/revisions\/4854"}],"wp:featuredmedia":[{"embeddable":true,"href":"https:\/\/agora.xtec.cat\/insmartidot\/wp-json\/wp\/v2\/media\/4809"}],"wp:attachment":[{"href":"https:\/\/agora.xtec.cat\/insmartidot\/wp-json\/wp\/v2\/media?parent=4808"}],"wp:term":[{"taxonomy":"category","embeddable":true,"href":"https:\/\/agora.xtec.cat\/insmartidot\/wp-json\/wp\/v2\/categories?post=4808"},{"taxonomy":"post_tag","embeddable":true,"href":"https:\/\/agora.xtec.cat\/insmartidot\/wp-json\/wp\/v2\/tags?post=4808"}],"curies":[{"name":"wp","href":"https:\/\/api.w.org\/{rel}","templated":true}]}}