{"id":4764,"date":"2019-03-07T21:33:38","date_gmt":"2019-03-07T20:33:38","guid":{"rendered":"http:\/\/agora.xtec.cat\/insmartidot\/?p=4764"},"modified":"2019-03-08T10:21:27","modified_gmt":"2019-03-08T09:21:27","slug":"8-de-marc-dia-internacional-de-les-dones","status":"publish","type":"post","link":"https:\/\/agora.xtec.cat\/insmartidot\/general\/8-de-marc-dia-internacional-de-les-dones\/","title":{"rendered":"8 de mar\u00e7. Dia internacional de les dones"},"content":{"rendered":"<p>Al Mart\u00ed Dot s&#8217;han realitzat diferents accions durant la setmana per promoure la igualtat de g\u00e8nere:<\/p>\n<p>-Al SIEI (suport intensiu d&#8217;educaci\u00f3 inclusiva)\u00a0 han creat el biombo &#8220;Adona&#8217;t&#8221; on han ressaltat el llegat de grans dones de la hist\u00f2ria.<\/p>\n<p>-Des d&#8217;orientaci\u00f3 han proporcionat a tot l&#8217;alumnat unes polseres liles on han pogut escriure lemes relacionats amb els drets de la dona.<\/p>\n<p>-Les representants de l&#8217;alumnat al consell escolar, la J\u00falia Lucas i l&#8217;Alba Mu\u00f1oz, han preparat per als alumnes de 1r i 2n d&#8217;ESO unes jornades de conscienciaci\u00f3 sobre la desigualtat de g\u00e8nere actual i la necessitat de canvi.<\/p>\n<p>-A m\u00e9s a m\u00e9s, sempre amb l&#8217;objectiu de conscienciaci\u00f3 en ment, les representants del consell escolar han creat tamb\u00e9\u00a0 &#8220;el punt lila&#8221;, una b\u00fastia situada al passad\u00eds de direcci\u00f3 on els estudiants podran denunciar conductes masclistes i elles, juntament amb el departament d&#8217;orientaci\u00f3, actuaran com a mediadores.<\/p>\n<p>-En Benjo Podlech, psic\u00f2leg transpersonal i coach, va impartir un taller anomenat &#8220;mascul\u00ed i femen\u00ed conscient&#8221; als alumnes de 1r de Batxillerat. L&#8217;objectiu \u00e9s recon\u00e8ixer els models de ser home i dona que hem heretat de la societat i la fam\u00edlia i que ens limiten per ser vertaderament aut\u00e8ntics. Es van organitzar unes petites experi\u00e8ncies per trobar una manera de ser lliures com homes i dones i \u00a0entendre que all\u00f2 mascul\u00ed i femen\u00ed es caracteritza en tots nosaltres per: l\u2019escolta, el sentir, \u00a0el donar i \u00a0el rebre.<\/p>\n<p>-A m\u00e9s a m\u00e9s, a moltes classes s&#8217;han realitzat murals a les tutories -i alguns espontanis- per lluitar per la igualtat de g\u00e8nere; alguns d&#8217;aquests murals han protagonitzat la portada del n\u00famero de mar\u00e7 de la revista &#8220;On Anem&#8221; de Sant Feliu de Llobregat!<\/p>\n<p>-Per \u00faltim, des de diferents assignatures s&#8217;ha tractat el dia internacional de la dona amb activitats molt variades. Una mostra s\u00f3n els cartells que podem veure aqu\u00ed abaix creats a l&#8217;optativa d&#8217;audiovisual de 3r d&#8217;ESO.<\/p>\n<p>Endavant!!<\/p>\n<p><img loading=\"lazy\" decoding=\"async\" class=\"alignnone size-large wp-image-4775\" src=\"https:\/\/agora.xtec.cat\/insmartidot\/wp-content\/uploads\/usu476\/2019\/03\/adonat-1024x768.jpg\" alt=\"\" width=\"1024\" height=\"768\" srcset=\"https:\/\/agora.xtec.cat\/insmartidot\/wp-content\/uploads\/usu476\/2019\/03\/adonat-1024x768.jpg 1024w, https:\/\/agora.xtec.cat\/insmartidot\/wp-content\/uploads\/usu476\/2019\/03\/adonat-300x225.jpg 300w, https:\/\/agora.xtec.cat\/insmartidot\/wp-content\/uploads\/usu476\/2019\/03\/adonat-768x576.jpg 768w, https:\/\/agora.xtec.cat\/insmartidot\/wp-content\/uploads\/usu476\/2019\/03\/adonat-200x150.jpg 200w, https:\/\/agora.xtec.cat\/insmartidot\/wp-content\/uploads\/usu476\/2019\/03\/adonat.jpg 1599w\" sizes=\"auto, (max-width: 1024px) 100vw, 1024px\" \/><\/p>\n<p>Biombo elaborat pels alumnes SIEI<\/p>\n<p><img loading=\"lazy\" decoding=\"async\" class=\"alignnone size-full wp-image-4765\" src=\"https:\/\/agora.xtec.cat\/insmartidot\/wp-content\/uploads\/usu476\/2019\/03\/Screenshot-2019-03-07-at-21.39.11.png\" alt=\"\" width=\"531\" height=\"659\" srcset=\"https:\/\/agora.xtec.cat\/insmartidot\/wp-content\/uploads\/usu476\/2019\/03\/Screenshot-2019-03-07-at-21.39.11.png 531w, https:\/\/agora.xtec.cat\/insmartidot\/wp-content\/uploads\/usu476\/2019\/03\/Screenshot-2019-03-07-at-21.39.11-242x300.png 242w\" sizes=\"auto, (max-width: 531px) 100vw, 531px\" \/><\/p>\n<p>Portada del n\u00famero de mar\u00e7 de la revista On Anem amb fotografies extretes del mural espontani de 2n A<\/p>\n<p><img loading=\"lazy\" decoding=\"async\" class=\"alignnone size-large wp-image-4766\" src=\"https:\/\/agora.xtec.cat\/insmartidot\/wp-content\/uploads\/usu476\/2019\/03\/sketch-1551956763311-623x1024.jpg\" alt=\"\" width=\"623\" height=\"1024\" srcset=\"https:\/\/agora.xtec.cat\/insmartidot\/wp-content\/uploads\/usu476\/2019\/03\/sketch-1551956763311-623x1024.jpg 623w, https:\/\/agora.xtec.cat\/insmartidot\/wp-content\/uploads\/usu476\/2019\/03\/sketch-1551956763311-182x300.jpg 182w, https:\/\/agora.xtec.cat\/insmartidot\/wp-content\/uploads\/usu476\/2019\/03\/sketch-1551956763311-768x1263.jpg 768w, https:\/\/agora.xtec.cat\/insmartidot\/wp-content\/uploads\/usu476\/2019\/03\/sketch-1551956763311.jpg 1080w\" sizes=\"auto, (max-width: 623px) 100vw, 623px\" \/><\/p>\n<p>Actuaci\u00f3 &#8220;No \u00e9s no&#8221; a la tutoria de 4t A<\/p>\n<p><img loading=\"lazy\" decoding=\"async\" class=\"alignnone size-large wp-image-4767\" src=\"https:\/\/agora.xtec.cat\/insmartidot\/wp-content\/uploads\/usu476\/2019\/03\/8M-HAFSA-1024x724.jpg\" alt=\"\" width=\"1024\" height=\"724\" srcset=\"https:\/\/agora.xtec.cat\/insmartidot\/wp-content\/uploads\/usu476\/2019\/03\/8M-HAFSA-1024x724.jpg 1024w, https:\/\/agora.xtec.cat\/insmartidot\/wp-content\/uploads\/usu476\/2019\/03\/8M-HAFSA-300x212.jpg 300w, https:\/\/agora.xtec.cat\/insmartidot\/wp-content\/uploads\/usu476\/2019\/03\/8M-HAFSA-768x543.jpg 768w\" sizes=\"auto, (max-width: 1024px) 100vw, 1024px\" \/><\/p>\n<p>Cartell creat per la Hafsa Jebari (3r A)<\/p>\n<p><img loading=\"lazy\" decoding=\"async\" class=\"alignnone size-large wp-image-4769\" src=\"https:\/\/agora.xtec.cat\/insmartidot\/wp-content\/uploads\/usu476\/2019\/03\/Cartell-8-de-Marc\u0327-Na\u0300dia-Rosdevall-724x1024.jpg\" alt=\"\" width=\"724\" height=\"1024\" srcset=\"https:\/\/agora.xtec.cat\/insmartidot\/wp-content\/uploads\/usu476\/2019\/03\/Cartell-8-de-Marc\u0327-Na\u0300dia-Rosdevall-724x1024.jpg 724w, https:\/\/agora.xtec.cat\/insmartidot\/wp-content\/uploads\/usu476\/2019\/03\/Cartell-8-de-Marc\u0327-Na\u0300dia-Rosdevall-212x300.jpg 212w, https:\/\/agora.xtec.cat\/insmartidot\/wp-content\/uploads\/usu476\/2019\/03\/Cartell-8-de-Marc\u0327-Na\u0300dia-Rosdevall-768x1086.jpg 768w\" sizes=\"auto, (max-width: 724px) 100vw, 724px\" \/><\/p>\n<p>Cartell creat per la N\u00e0dia Rosdevall (3r B)<\/p>\n<p><img loading=\"lazy\" decoding=\"async\" class=\"alignnone size-full wp-image-4770\" src=\"https:\/\/agora.xtec.cat\/insmartidot\/wp-content\/uploads\/usu476\/2019\/03\/Feliu.png\" alt=\"\" width=\"500\" height=\"888\" srcset=\"https:\/\/agora.xtec.cat\/insmartidot\/wp-content\/uploads\/usu476\/2019\/03\/Feliu.png 500w, https:\/\/agora.xtec.cat\/insmartidot\/wp-content\/uploads\/usu476\/2019\/03\/Feliu-169x300.png 169w\" sizes=\"auto, (max-width: 500px) 100vw, 500px\" \/><\/p>\n<p>Cartell creat pel Feliu Alberti (3r C)<\/p>\n<p><img loading=\"lazy\" decoding=\"async\" class=\"alignnone size-large wp-image-4768\" src=\"https:\/\/agora.xtec.cat\/insmartidot\/wp-content\/uploads\/usu476\/2019\/03\/8M-Nerea-Oyola-1005x1024.jpg\" alt=\"\" width=\"1005\" height=\"1024\" srcset=\"https:\/\/agora.xtec.cat\/insmartidot\/wp-content\/uploads\/usu476\/2019\/03\/8M-Nerea-Oyola-1005x1024.jpg 1005w, https:\/\/agora.xtec.cat\/insmartidot\/wp-content\/uploads\/usu476\/2019\/03\/8M-Nerea-Oyola-294x300.jpg 294w, https:\/\/agora.xtec.cat\/insmartidot\/wp-content\/uploads\/usu476\/2019\/03\/8M-Nerea-Oyola-768x782.jpg 768w, https:\/\/agora.xtec.cat\/insmartidot\/wp-content\/uploads\/usu476\/2019\/03\/8M-Nerea-Oyola.jpg 1276w\" sizes=\"auto, (max-width: 1005px) 100vw, 1005px\" \/><\/p>\n<p>Cartell creat per la Nerea Oyola (3r B)<\/p>\n<p><img loading=\"lazy\" decoding=\"async\" class=\"alignnone size-large wp-image-4771\" src=\"https:\/\/agora.xtec.cat\/insmartidot\/wp-content\/uploads\/usu476\/2019\/03\/8-M-Clara-Chicote-724x1024.jpg\" alt=\"\" width=\"724\" height=\"1024\" srcset=\"https:\/\/agora.xtec.cat\/insmartidot\/wp-content\/uploads\/usu476\/2019\/03\/8-M-Clara-Chicote-724x1024.jpg 724w, https:\/\/agora.xtec.cat\/insmartidot\/wp-content\/uploads\/usu476\/2019\/03\/8-M-Clara-Chicote-212x300.jpg 212w, https:\/\/agora.xtec.cat\/insmartidot\/wp-content\/uploads\/usu476\/2019\/03\/8-M-Clara-Chicote-768x1086.jpg 768w\" sizes=\"auto, (max-width: 724px) 100vw, 724px\" \/><\/p>\n<p>Cartell creat per la Clara Chicote (3r B)<\/p>\n<p>&nbsp;<\/p>\n<p>&nbsp;<\/p>\n","protected":false},"excerpt":{"rendered":"<p>Al Mart\u00ed Dot s&#8217;han realitzat diferents accions durant la setmana per promoure la igualtat de g\u00e8nere: -Al SIEI (suport intensiu d&#8217;educaci\u00f3 inclusiva)\u00a0 han creat el biombo &#8220;Adona&#8217;t&#8221; on han ressaltat el llegat de grans dones de la hist\u00f2ria. -Des d&#8217;orientaci\u00f3 han proporcionat a tot l&#8217;alumnat unes polseres liles on han pogut escriure lemes relacionats amb [&hellip;]<\/p>\n","protected":false},"author":1,"featured_media":4766,"comment_status":"open","ping_status":"closed","sticky":false,"template":"","format":"standard","meta":{"_bbp_topic_count":0,"_bbp_reply_count":0,"_bbp_total_topic_count":0,"_bbp_total_reply_count":0,"_bbp_voice_count":0,"_bbp_anonymous_reply_count":0,"_bbp_topic_count_hidden":0,"_bbp_reply_count_hidden":0,"_bbp_forum_subforum_count":0,"site-sidebar-layout":"default","site-content-layout":"","ast-site-content-layout":"","site-content-style":"default","site-sidebar-style":"default","ast-global-header-display":"","ast-banner-title-visibility":"","ast-main-header-display":"","ast-hfb-above-header-display":"","ast-hfb-below-header-display":"","ast-hfb-mobile-header-display":"","site-post-title":"","ast-breadcrumbs-content":"","ast-featured-img":"","footer-sml-layout":"","theme-transparent-header-meta":"","adv-header-id-meta":"","stick-header-meta":"","header-above-stick-meta":"","header-main-stick-meta":"","header-below-stick-meta":"","astra-migrate-meta-layouts":"default","ast-page-background-enabled":"default","ast-page-background-meta":{"desktop":{"background-color":"var(--ast-global-color-4)","background-image":"","background-repeat":"repeat","background-position":"center center","background-size":"auto","background-attachment":"scroll","background-type":"","background-media":"","overlay-type":"","overlay-color":"","overlay-opacity":"","overlay-gradient":""},"tablet":{"background-color":"","background-image":"","background-repeat":"repeat","background-position":"center center","background-size":"auto","background-attachment":"scroll","background-type":"","background-media":"","overlay-type":"","overlay-color":"","overlay-opacity":"","overlay-gradient":""},"mobile":{"background-color":"","background-image":"","background-repeat":"repeat","background-position":"center center","background-size":"auto","background-attachment":"scroll","background-type":"","background-media":"","overlay-type":"","overlay-color":"","overlay-opacity":"","overlay-gradient":""}},"ast-content-background-meta":{"desktop":{"background-color":"var(--ast-global-color-5)","background-image":"","background-repeat":"repeat","background-position":"center center","background-size":"auto","background-attachment":"scroll","background-type":"","background-media":"","overlay-type":"","overlay-color":"","overlay-opacity":"","overlay-gradient":""},"tablet":{"background-color":"var(--ast-global-color-5)","background-image":"","background-repeat":"repeat","background-position":"center center","background-size":"auto","background-attachment":"scroll","background-type":"","background-media":"","overlay-type":"","overlay-color":"","overlay-opacity":"","overlay-gradient":""},"mobile":{"background-color":"var(--ast-global-color-5)","background-image":"","background-repeat":"repeat","background-position":"center center","background-size":"auto","background-attachment":"scroll","background-type":"","background-media":"","overlay-type":"","overlay-color":"","overlay-opacity":"","overlay-gradient":""}},"footnotes":""},"categories":[8,30,3,1],"tags":[],"class_list":["post-4764","post","type-post","status-publish","format-standard","has-post-thumbnail","hentry","category-batxillerat","category-cf-pfi-ife","category-eso","category-general"],"post_mailing_queue_ids":[],"_links":{"self":[{"href":"https:\/\/agora.xtec.cat\/insmartidot\/wp-json\/wp\/v2\/posts\/4764","targetHints":{"allow":["GET"]}}],"collection":[{"href":"https:\/\/agora.xtec.cat\/insmartidot\/wp-json\/wp\/v2\/posts"}],"about":[{"href":"https:\/\/agora.xtec.cat\/insmartidot\/wp-json\/wp\/v2\/types\/post"}],"author":[{"embeddable":true,"href":"https:\/\/agora.xtec.cat\/insmartidot\/wp-json\/wp\/v2\/users\/1"}],"replies":[{"embeddable":true,"href":"https:\/\/agora.xtec.cat\/insmartidot\/wp-json\/wp\/v2\/comments?post=4764"}],"version-history":[{"count":3,"href":"https:\/\/agora.xtec.cat\/insmartidot\/wp-json\/wp\/v2\/posts\/4764\/revisions"}],"predecessor-version":[{"id":4778,"href":"https:\/\/agora.xtec.cat\/insmartidot\/wp-json\/wp\/v2\/posts\/4764\/revisions\/4778"}],"wp:featuredmedia":[{"embeddable":true,"href":"https:\/\/agora.xtec.cat\/insmartidot\/wp-json\/wp\/v2\/media\/4766"}],"wp:attachment":[{"href":"https:\/\/agora.xtec.cat\/insmartidot\/wp-json\/wp\/v2\/media?parent=4764"}],"wp:term":[{"taxonomy":"category","embeddable":true,"href":"https:\/\/agora.xtec.cat\/insmartidot\/wp-json\/wp\/v2\/categories?post=4764"},{"taxonomy":"post_tag","embeddable":true,"href":"https:\/\/agora.xtec.cat\/insmartidot\/wp-json\/wp\/v2\/tags?post=4764"}],"curies":[{"name":"wp","href":"https:\/\/api.w.org\/{rel}","templated":true}]}}