{"id":4464,"date":"2019-01-31T15:42:42","date_gmt":"2019-01-31T14:42:42","guid":{"rendered":"http:\/\/agora.xtec.cat\/insmartidot\/?p=4464"},"modified":"2019-01-31T16:36:59","modified_gmt":"2019-01-31T15:36:59","slug":"cicles-formatius-jornades-pedagogiques-de-gastronomia","status":"publish","type":"post","link":"https:\/\/agora.xtec.cat\/insmartidot\/general\/cicles-formatius-jornades-pedagogiques-de-gastronomia\/","title":{"rendered":"Cicles formatius. Jornades pedag\u00f2giques de gastronomia."},"content":{"rendered":"<p>Seguint l&#8217;\u00e8xit dels darrers anys, del dilluns 4 al dimecres 6 de febrer, durant tot el mat\u00ed, celebrem un altre cop, les Jornades pedag\u00f2giques de gastronomia. Estan obertes als nostres estudiants de segon curs dels cicles formatius. En elles, els posem en contacte directe amb els restaurants i prove\u00efdors de refer\u00e8ncia en el sector.<\/p>\n<p>Enguany consolidem les jornades, ja son les terceres, amb una molt bona acollida per part de l&#8217;alumnat. Costa molt superar-se, per\u00f2 any rere any ho estem aconseguint.<\/p>\n<p><img loading=\"lazy\" decoding=\"async\" class=\"alignnone size-large wp-image-4471\" src=\"https:\/\/agora.xtec.cat\/insmartidot\/wp-content\/uploads\/usu476\/2019\/01\/Jornades-Gastronomiques-614x1024.jpg\" alt=\"\" width=\"614\" height=\"1024\" srcset=\"https:\/\/agora.xtec.cat\/insmartidot\/wp-content\/uploads\/usu476\/2019\/01\/Jornades-Gastronomiques-614x1024.jpg 614w, https:\/\/agora.xtec.cat\/insmartidot\/wp-content\/uploads\/usu476\/2019\/01\/Jornades-Gastronomiques-180x300.jpg 180w, https:\/\/agora.xtec.cat\/insmartidot\/wp-content\/uploads\/usu476\/2019\/01\/Jornades-Gastronomiques-768x1280.jpg 768w, https:\/\/agora.xtec.cat\/insmartidot\/wp-content\/uploads\/usu476\/2019\/01\/Jornades-Gastronomiques.jpg 1536w\" sizes=\"auto, (max-width: 614px) 100vw, 614px\" \/><\/p>\n","protected":false},"excerpt":{"rendered":"<p>Seguint l&#8217;\u00e8xit dels darrers anys, del dilluns 4 al dimecres 6 de febrer, durant tot el mat\u00ed, celebrem un altre cop, les Jornades pedag\u00f2giques de gastronomia. Estan obertes als nostres estudiants de segon curs dels cicles formatius. En elles, els posem en contacte directe amb els restaurants i prove\u00efdors de refer\u00e8ncia en el sector. Enguany [&hellip;]<\/p>\n","protected":false},"author":1,"featured_media":4471,"comment_status":"open","ping_status":"closed","sticky":false,"template":"","format":"standard","meta":{"_bbp_topic_count":0,"_bbp_reply_count":0,"_bbp_total_topic_count":0,"_bbp_total_reply_count":0,"_bbp_voice_count":0,"_bbp_anonymous_reply_count":0,"_bbp_topic_count_hidden":0,"_bbp_reply_count_hidden":0,"_bbp_forum_subforum_count":0,"site-sidebar-layout":"default","site-content-layout":"","ast-site-content-layout":"","site-content-style":"default","site-sidebar-style":"default","ast-global-header-display":"","ast-banner-title-visibility":"","ast-main-header-display":"","ast-hfb-above-header-display":"","ast-hfb-below-header-display":"","ast-hfb-mobile-header-display":"","site-post-title":"","ast-breadcrumbs-content":"","ast-featured-img":"","footer-sml-layout":"","theme-transparent-header-meta":"","adv-header-id-meta":"","stick-header-meta":"","header-above-stick-meta":"","header-main-stick-meta":"","header-below-stick-meta":"","astra-migrate-meta-layouts":"default","ast-page-background-enabled":"default","ast-page-background-meta":{"desktop":{"background-color":"var(--ast-global-color-4)","background-image":"","background-repeat":"repeat","background-position":"center center","background-size":"auto","background-attachment":"scroll","background-type":"","background-media":"","overlay-type":"","overlay-color":"","overlay-opacity":"","overlay-gradient":""},"tablet":{"background-color":"","background-image":"","background-repeat":"repeat","background-position":"center center","background-size":"auto","background-attachment":"scroll","background-type":"","background-media":"","overlay-type":"","overlay-color":"","overlay-opacity":"","overlay-gradient":""},"mobile":{"background-color":"","background-image":"","background-repeat":"repeat","background-position":"center center","background-size":"auto","background-attachment":"scroll","background-type":"","background-media":"","overlay-type":"","overlay-color":"","overlay-opacity":"","overlay-gradient":""}},"ast-content-background-meta":{"desktop":{"background-color":"var(--ast-global-color-5)","background-image":"","background-repeat":"repeat","background-position":"center center","background-size":"auto","background-attachment":"scroll","background-type":"","background-media":"","overlay-type":"","overlay-color":"","overlay-opacity":"","overlay-gradient":""},"tablet":{"background-color":"var(--ast-global-color-5)","background-image":"","background-repeat":"repeat","background-position":"center center","background-size":"auto","background-attachment":"scroll","background-type":"","background-media":"","overlay-type":"","overlay-color":"","overlay-opacity":"","overlay-gradient":""},"mobile":{"background-color":"var(--ast-global-color-5)","background-image":"","background-repeat":"repeat","background-position":"center center","background-size":"auto","background-attachment":"scroll","background-type":"","background-media":"","overlay-type":"","overlay-color":"","overlay-opacity":"","overlay-gradient":""}},"footnotes":""},"categories":[30,1],"tags":[],"class_list":["post-4464","post","type-post","status-publish","format-standard","has-post-thumbnail","hentry","category-cf-pfi-ife","category-general"],"post_mailing_queue_ids":[],"_links":{"self":[{"href":"https:\/\/agora.xtec.cat\/insmartidot\/wp-json\/wp\/v2\/posts\/4464","targetHints":{"allow":["GET"]}}],"collection":[{"href":"https:\/\/agora.xtec.cat\/insmartidot\/wp-json\/wp\/v2\/posts"}],"about":[{"href":"https:\/\/agora.xtec.cat\/insmartidot\/wp-json\/wp\/v2\/types\/post"}],"author":[{"embeddable":true,"href":"https:\/\/agora.xtec.cat\/insmartidot\/wp-json\/wp\/v2\/users\/1"}],"replies":[{"embeddable":true,"href":"https:\/\/agora.xtec.cat\/insmartidot\/wp-json\/wp\/v2\/comments?post=4464"}],"version-history":[{"count":2,"href":"https:\/\/agora.xtec.cat\/insmartidot\/wp-json\/wp\/v2\/posts\/4464\/revisions"}],"predecessor-version":[{"id":4475,"href":"https:\/\/agora.xtec.cat\/insmartidot\/wp-json\/wp\/v2\/posts\/4464\/revisions\/4475"}],"wp:featuredmedia":[{"embeddable":true,"href":"https:\/\/agora.xtec.cat\/insmartidot\/wp-json\/wp\/v2\/media\/4471"}],"wp:attachment":[{"href":"https:\/\/agora.xtec.cat\/insmartidot\/wp-json\/wp\/v2\/media?parent=4464"}],"wp:term":[{"taxonomy":"category","embeddable":true,"href":"https:\/\/agora.xtec.cat\/insmartidot\/wp-json\/wp\/v2\/categories?post=4464"},{"taxonomy":"post_tag","embeddable":true,"href":"https:\/\/agora.xtec.cat\/insmartidot\/wp-json\/wp\/v2\/tags?post=4464"}],"curies":[{"name":"wp","href":"https:\/\/api.w.org\/{rel}","templated":true}]}}