{"id":892,"date":"2020-07-01T16:05:00","date_gmt":"2020-07-01T14:05:00","guid":{"rendered":"https:\/\/agora.xtec.cat\/inslopladurgell-bellpuig\/?p=892"},"modified":"2020-07-08T11:15:37","modified_gmt":"2020-07-08T09:15:37","slug":"preinscripcio-i-matricula-eso-curs-2020-21","status":"publish","type":"post","link":"https:\/\/agora.xtec.cat\/inslopladurgell-bellpuig\/general\/preinscripcio-i-matricula-eso-curs-2020-21\/","title":{"rendered":"MATR\u00cdCULA ESO CURS 2020-21"},"content":{"rendered":"<h2 class=\"entry-header\" style=\"position: relative; color: #444444; font-family: 'Open Sans', Arial, Helvetica, sans-serif;\"><span style=\"color: #ff6600;\"><strong>MATR\u00cdCULA PER FER 1r ESO i ALUMNAT NOU<\/strong><\/span><strong style=\"font-family: inherit; font-size: 1em; color: #444444;\">:<\/strong><\/h2>\n<div class=\"entry-content\" style=\"color: #444444; font-family: 'Open Sans', Arial, Helvetica, sans-serif;\">\n<p>La matr\u00edcula ser\u00e0 presencial, del <strong>13 al 17 de juliol, <\/strong>en l&#8217;horari compres entre les <strong>8:00\u202fh. i les 13:30\u202fh.<\/strong><\/p>\n<p>Cal portar el resguard del pagament de la quota de material (40\u20ac), i en cas de no haver lliurat algun document necessari per a la preinscripci\u00f3 (fotografia alumne,&#8230;.) tamb\u00e9 caldr\u00e0 adjuntar-lo. <a href=\"https:\/\/agora.xtec.cat\/inslopladurgell-bellpuig\/wp-content\/uploads\/usu2019\/2020\/06\/PAGAMENT-QUOTA-MATERIAL-BANC-SABADELL.pdf\">(Enlla\u00e7 a la informaci\u00f3 pagament quota material)<\/a><\/p>\n<p><span style=\"color: #ff6600;\"><strong>CONSULTES I ACLARIMENTS<\/strong><\/span><\/p>\n<p>Podeu fer consultes a la direcci\u00f3 sobre el proc\u00e9s de matr\u00edcula al correu mail del centre:\u00a0<a style=\"color: #087eb6; background: transparent; font-family: 'Open Sans', sans-serif;\" href=\"mailto:inslopladurgell-bellpuig@xtec.cat\" target=\"_blank\" rel=\"noopener noreferrer\">inslopladurgell-bellpuig@xtec.cat<\/a>\u00a0 (o b\u00e9 per l\u2019Aplicatiu del Centre aquells qui ja hi tingueu germans).<\/p>\n<\/div>\n","protected":false},"excerpt":{"rendered":"<p>MATR\u00cdCULA PER FER 1r ESO i ALUMNAT NOU:<\/p>\n<p>La matr\u00edcula ser\u00e0 presencial, del 13 al 17 de juliol, en l&#8217;horari compres entre les 8:00\u202fh. i les 13:30\u202fh.<br \/>\nCal portar el resguard del pagament de la quota de material (40\u20ac), i en cas de no haver lliurat algun&hellip;  <a href=\"https:\/\/agora.xtec.cat\/inslopladurgell-bellpuig\/general\/preinscripcio-i-matricula-eso-curs-2020-21\/\" title=\"Read MATR\u00cdCULA ESO CURS 2020-21\">Llegeix m\u00e9s\u00bb<\/a><\/p>\n","protected":false},"author":7,"featured_media":0,"comment_status":"closed","ping_status":"closed","sticky":false,"template":"","format":"standard","meta":{"_bbp_topic_count":0,"_bbp_reply_count":0,"_bbp_total_topic_count":0,"_bbp_total_reply_count":0,"_bbp_voice_count":0,"_bbp_anonymous_reply_count":0,"_bbp_topic_count_hidden":0,"_bbp_reply_count_hidden":0,"_bbp_forum_subforum_count":0,"footnotes":""},"categories":[31,3,1,29],"tags":[],"class_list":["post-892","post","type-post","status-publish","format-standard","hentry","category-ampa","category-eso","category-general","category-portada"],"post_mailing_queue_ids":[],"_links":{"self":[{"href":"https:\/\/agora.xtec.cat\/inslopladurgell-bellpuig\/wp-json\/wp\/v2\/posts\/892","targetHints":{"allow":["GET"]}}],"collection":[{"href":"https:\/\/agora.xtec.cat\/inslopladurgell-bellpuig\/wp-json\/wp\/v2\/posts"}],"about":[{"href":"https:\/\/agora.xtec.cat\/inslopladurgell-bellpuig\/wp-json\/wp\/v2\/types\/post"}],"author":[{"embeddable":true,"href":"https:\/\/agora.xtec.cat\/inslopladurgell-bellpuig\/wp-json\/wp\/v2\/users\/7"}],"replies":[{"embeddable":true,"href":"https:\/\/agora.xtec.cat\/inslopladurgell-bellpuig\/wp-json\/wp\/v2\/comments?post=892"}],"version-history":[{"count":2,"href":"https:\/\/agora.xtec.cat\/inslopladurgell-bellpuig\/wp-json\/wp\/v2\/posts\/892\/revisions"}],"predecessor-version":[{"id":931,"href":"https:\/\/agora.xtec.cat\/inslopladurgell-bellpuig\/wp-json\/wp\/v2\/posts\/892\/revisions\/931"}],"wp:attachment":[{"href":"https:\/\/agora.xtec.cat\/inslopladurgell-bellpuig\/wp-json\/wp\/v2\/media?parent=892"}],"wp:term":[{"taxonomy":"category","embeddable":true,"href":"https:\/\/agora.xtec.cat\/inslopladurgell-bellpuig\/wp-json\/wp\/v2\/categories?post=892"},{"taxonomy":"post_tag","embeddable":true,"href":"https:\/\/agora.xtec.cat\/inslopladurgell-bellpuig\/wp-json\/wp\/v2\/tags?post=892"}],"curies":[{"name":"wp","href":"https:\/\/api.w.org\/{rel}","templated":true}]}}