{"id":5497,"date":"2026-04-17T08:42:45","date_gmt":"2026-04-17T06:42:45","guid":{"rendered":"https:\/\/agora.xtec.cat\/inslopladurgell-bellpuig\/?p=5497"},"modified":"2026-04-17T08:42:58","modified_gmt":"2026-04-17T06:42:58","slug":"viatge-a-italia-de-1r-de-batx","status":"publish","type":"post","link":"https:\/\/agora.xtec.cat\/inslopladurgell-bellpuig\/general\/viatge-a-italia-de-1r-de-batx\/","title":{"rendered":"Viatge a It\u00e0lia de 1r de Batxillerat"},"content":{"rendered":"\n<p>Del 21 al 26 de mar\u00e7 els i les alumnes de 1r de batxillerat de l\u2019institut Lo Pla d\u2019Urgell van viatjar a It\u00e0lia. Durant l\u2019estada al pa\u00eds, els nois i noies van poder gaudir de l\u2019art, l\u2019arquitectura, el paisatge i la gastronomia de ciutats com Tor\u00ed, Ven\u00e8cia, Flor\u00e8ncia, Verona i Pisa, entre altres.<\/p>\n\n\n\n<p>Estem segurs que totes les hores compartides a la carretera entre ciutat i ciutat i les passejades per aquests paratges incomparables hauran conformat el record d\u2019una bonica experi\u00e8ncia que tots ells duran al cor per sempre m\u00e9s.&nbsp;<\/p>\n\n\n\n<p>Gr\u00e0cies, noies i nois per deixar-nos compartir aquest viatge amb vosaltres i a les fam\u00edlies, per fer-nos confian\u00e7a.<\/p>\n\n\n\n<p><em>Arrivederci, Italia!<\/em><\/p>\n\n\n\n<p><\/p>\n","protected":false},"excerpt":{"rendered":"<p>Del 21 al 26 de mar\u00e7 els i les alumnes de 1r de batxillerat de l\u2019institut Lo Pla d\u2019Urgell van viatjar a It\u00e0lia. Durant l\u2019estada al pa\u00eds, els nois i noies van poder gaudir de l\u2019art, l\u2019arquitectura, el paisatge i la gastronomia de ciutats com&hellip;  <a href=\"https:\/\/agora.xtec.cat\/inslopladurgell-bellpuig\/general\/viatge-a-italia-de-1r-de-batx\/\" title=\"Read Viatge a It\u00e0lia de 1r de Batxillerat\">Llegeix m\u00e9s\u00bb<\/a><\/p>\n","protected":false},"author":7,"featured_media":5498,"comment_status":"closed","ping_status":"closed","sticky":false,"template":"","format":"standard","meta":{"_bbp_topic_count":0,"_bbp_reply_count":0,"_bbp_total_topic_count":0,"_bbp_total_reply_count":0,"_bbp_voice_count":0,"_bbp_anonymous_reply_count":0,"_bbp_topic_count_hidden":0,"_bbp_reply_count_hidden":0,"_bbp_forum_subforum_count":0,"footnotes":""},"categories":[8,1,29],"tags":[],"class_list":["post-5497","post","type-post","status-publish","format-standard","has-post-thumbnail","hentry","category-batxillerat","category-general","category-portada"],"post_mailing_queue_ids":[],"_links":{"self":[{"href":"https:\/\/agora.xtec.cat\/inslopladurgell-bellpuig\/wp-json\/wp\/v2\/posts\/5497","targetHints":{"allow":["GET"]}}],"collection":[{"href":"https:\/\/agora.xtec.cat\/inslopladurgell-bellpuig\/wp-json\/wp\/v2\/posts"}],"about":[{"href":"https:\/\/agora.xtec.cat\/inslopladurgell-bellpuig\/wp-json\/wp\/v2\/types\/post"}],"author":[{"embeddable":true,"href":"https:\/\/agora.xtec.cat\/inslopladurgell-bellpuig\/wp-json\/wp\/v2\/users\/7"}],"replies":[{"embeddable":true,"href":"https:\/\/agora.xtec.cat\/inslopladurgell-bellpuig\/wp-json\/wp\/v2\/comments?post=5497"}],"version-history":[{"count":2,"href":"https:\/\/agora.xtec.cat\/inslopladurgell-bellpuig\/wp-json\/wp\/v2\/posts\/5497\/revisions"}],"predecessor-version":[{"id":5500,"href":"https:\/\/agora.xtec.cat\/inslopladurgell-bellpuig\/wp-json\/wp\/v2\/posts\/5497\/revisions\/5500"}],"wp:featuredmedia":[{"embeddable":true,"href":"https:\/\/agora.xtec.cat\/inslopladurgell-bellpuig\/wp-json\/wp\/v2\/media\/5498"}],"wp:attachment":[{"href":"https:\/\/agora.xtec.cat\/inslopladurgell-bellpuig\/wp-json\/wp\/v2\/media?parent=5497"}],"wp:term":[{"taxonomy":"category","embeddable":true,"href":"https:\/\/agora.xtec.cat\/inslopladurgell-bellpuig\/wp-json\/wp\/v2\/categories?post=5497"},{"taxonomy":"post_tag","embeddable":true,"href":"https:\/\/agora.xtec.cat\/inslopladurgell-bellpuig\/wp-json\/wp\/v2\/tags?post=5497"}],"curies":[{"name":"wp","href":"https:\/\/api.w.org\/{rel}","templated":true}]}}