{"id":5485,"date":"2026-04-16T12:32:08","date_gmt":"2026-04-16T10:32:08","guid":{"rendered":"https:\/\/agora.xtec.cat\/inslopladurgell-bellpuig\/?p=5485"},"modified":"2026-04-16T12:32:42","modified_gmt":"2026-04-16T10:32:42","slug":"matematiques-a-la-tarraco-romana","status":"publish","type":"post","link":"https:\/\/agora.xtec.cat\/inslopladurgell-bellpuig\/general\/matematiques-a-la-tarraco-romana\/","title":{"rendered":"Matem\u00e0tiques a la T\u00e0rraco romana"},"content":{"rendered":"\n<p>Dimarts 14 d\u2019abril l\u2019alumnat de 3r ESO va anar a Tarragona per descobrir la part m\u00e9s matem\u00e0tica d\u2019aquesta ciutat!\u00a0<\/p>\n\n\n\n<p>Amb l\u2019ajuda d\u2019un dossier did\u00e0ctic, es va treballar la geometria i la mesura, a m\u00e9s de con\u00e8ixer la cultura romana i els principals monuments romans de la ciutat.<\/p>\n\n\n\n<p>Es va fer activitats com ara: identificar les dimensions de les grades de l\u2019amfiteatre i esbrinar quants espectadors hi cabien, recrear el F\u00f2rum Provincial i calcular les seves dimensions o mesurar l&#8217;al\u00e7ada de les muralles.<\/p>\n\n\n\n<p>Aquesta experi\u00e8ncia ha contribu\u00eft a refor\u00e7ar els aprenentatges treballats a l\u2019aula i ha perm\u00e8s a l\u2019alumnat comprendre la utilitat de les matem\u00e0tiques en contextos reals.<\/p>\n","protected":false},"excerpt":{"rendered":"<p>Dimarts 14 d\u2019abril l\u2019alumnat de 3r ESO va anar a Tarragona per descobrir la part m\u00e9s matem\u00e0tica d\u2019aquesta ciutat!\u00a0<\/p>\n<p>Amb l\u2019ajuda d\u2019un dossier did\u00e0ctic, es va treballar la geometria i la mesura, a m\u00e9s de con\u00e8ixer la cultura romana i els principals monuments romans de la&hellip;  <a href=\"https:\/\/agora.xtec.cat\/inslopladurgell-bellpuig\/general\/matematiques-a-la-tarraco-romana\/\" title=\"Read Matem\u00e0tiques a la T\u00e0rraco romana\">Llegeix m\u00e9s\u00bb<\/a><\/p>\n","protected":false},"author":7,"featured_media":5486,"comment_status":"closed","ping_status":"closed","sticky":false,"template":"","format":"standard","meta":{"_bbp_topic_count":0,"_bbp_reply_count":0,"_bbp_total_topic_count":0,"_bbp_total_reply_count":0,"_bbp_voice_count":0,"_bbp_anonymous_reply_count":0,"_bbp_topic_count_hidden":0,"_bbp_reply_count_hidden":0,"_bbp_forum_subforum_count":0,"footnotes":""},"categories":[6,1,29],"tags":[],"class_list":["post-5485","post","type-post","status-publish","format-standard","has-post-thumbnail","hentry","category-eso-3","category-general","category-portada"],"post_mailing_queue_ids":[],"_links":{"self":[{"href":"https:\/\/agora.xtec.cat\/inslopladurgell-bellpuig\/wp-json\/wp\/v2\/posts\/5485","targetHints":{"allow":["GET"]}}],"collection":[{"href":"https:\/\/agora.xtec.cat\/inslopladurgell-bellpuig\/wp-json\/wp\/v2\/posts"}],"about":[{"href":"https:\/\/agora.xtec.cat\/inslopladurgell-bellpuig\/wp-json\/wp\/v2\/types\/post"}],"author":[{"embeddable":true,"href":"https:\/\/agora.xtec.cat\/inslopladurgell-bellpuig\/wp-json\/wp\/v2\/users\/7"}],"replies":[{"embeddable":true,"href":"https:\/\/agora.xtec.cat\/inslopladurgell-bellpuig\/wp-json\/wp\/v2\/comments?post=5485"}],"version-history":[{"count":2,"href":"https:\/\/agora.xtec.cat\/inslopladurgell-bellpuig\/wp-json\/wp\/v2\/posts\/5485\/revisions"}],"predecessor-version":[{"id":5488,"href":"https:\/\/agora.xtec.cat\/inslopladurgell-bellpuig\/wp-json\/wp\/v2\/posts\/5485\/revisions\/5488"}],"wp:featuredmedia":[{"embeddable":true,"href":"https:\/\/agora.xtec.cat\/inslopladurgell-bellpuig\/wp-json\/wp\/v2\/media\/5486"}],"wp:attachment":[{"href":"https:\/\/agora.xtec.cat\/inslopladurgell-bellpuig\/wp-json\/wp\/v2\/media?parent=5485"}],"wp:term":[{"taxonomy":"category","embeddable":true,"href":"https:\/\/agora.xtec.cat\/inslopladurgell-bellpuig\/wp-json\/wp\/v2\/categories?post=5485"},{"taxonomy":"post_tag","embeddable":true,"href":"https:\/\/agora.xtec.cat\/inslopladurgell-bellpuig\/wp-json\/wp\/v2\/tags?post=5485"}],"curies":[{"name":"wp","href":"https:\/\/api.w.org\/{rel}","templated":true}]}}