{"id":3850,"date":"2025-01-10T09:57:07","date_gmt":"2025-01-10T08:57:07","guid":{"rendered":"https:\/\/agora.xtec.cat\/inslopladurgell-bellpuig\/?p=3850"},"modified":"2025-04-04T09:42:30","modified_gmt":"2025-04-04T07:42:30","slug":"viatge-a-paris-24-25","status":"publish","type":"post","link":"https:\/\/agora.xtec.cat\/inslopladurgell-bellpuig\/general\/viatge-a-paris-24-25\/","title":{"rendered":"Viatge a Par\u00eds 24\/25"},"content":{"rendered":"<p><strong><a href=\"https:\/\/agora.xtec.cat\/inslopladurgell-bellpuig\/wp-content\/uploads\/usu2019\/2024\/12\/IMG-20241213-WA0006.jpg\"><img loading=\"lazy\" decoding=\"async\" class=\" wp-image-3852 alignleft\" src=\"https:\/\/agora.xtec.cat\/inslopladurgell-bellpuig\/wp-content\/uploads\/usu2019\/2024\/12\/IMG-20241213-WA0006-225x300.jpg\" alt=\"\" width=\"258\" height=\"344\" srcset=\"https:\/\/agora.xtec.cat\/inslopladurgell-bellpuig\/wp-content\/uploads\/usu2019\/2024\/12\/IMG-20241213-WA0006-225x300.jpg 225w, https:\/\/agora.xtec.cat\/inslopladurgell-bellpuig\/wp-content\/uploads\/usu2019\/2024\/12\/IMG-20241213-WA0006-768x1024.jpg 768w, https:\/\/agora.xtec.cat\/inslopladurgell-bellpuig\/wp-content\/uploads\/usu2019\/2024\/12\/IMG-20241213-WA0006-1152x1536.jpg 1152w, https:\/\/agora.xtec.cat\/inslopladurgell-bellpuig\/wp-content\/uploads\/usu2019\/2024\/12\/IMG-20241213-WA0006.jpg 1500w\" sizes=\"auto, (max-width: 258px) 100vw, 258px\" \/><\/a>Viatge dels alumnes de franc\u00e8s a Par\u00eds<\/strong><\/p>\n<p>Els alumnes de franc\u00e8s de l\u2019INS Lo Pla d\u2019Urgell han viscut una experi\u00e8ncia plena de cultura i aprenentatges a <strong>Par\u00eds<\/strong>. Durant uns dies, han tingut l\u2019oportunitat de descobrir alguns dels indrets m\u00e9s emblem\u00e0tics de la ciutat de la llum.<\/p>\n<p>Entre les visites destacades, han explorat la m\u00e0gia art\u00edstica i bohemia de <strong>Montmartre<\/strong>, on van poder con\u00e8ixer l\u2019ambient que va inspirar tants artistes al llarg de la hist\u00f2ria. Tamb\u00e9 van admirar la bellesa i la hist\u00f2ria de la catedral de <strong>Notre-Dame<\/strong>, un dels monuments m\u00e9s ic\u00f2nics de Par\u00eds.<\/p>\n<p>Els alumnes van gaudir d\u2019un passeig relaxant pel <strong>riu Sena<\/strong>, que els va permetre contemplar alguns dels racons m\u00e9s bonics de la ciutat des d\u2019una altra perspectiva. Per arrodonir el viatge, van visitar el majestu\u00f3s <strong>Palau de Versalles<\/strong>, s\u00edmbol del luxe i el poder de la monarquia francesa.<\/p>\n<p><a href=\"https:\/\/agora.xtec.cat\/inslopladurgell-bellpuig\/wp-content\/uploads\/usu2019\/2024\/12\/IMG-20241213-WA0004.jpg\"><img loading=\"lazy\" decoding=\"async\" class=\" wp-image-3853 alignleft\" src=\"https:\/\/agora.xtec.cat\/inslopladurgell-bellpuig\/wp-content\/uploads\/usu2019\/2024\/12\/IMG-20241213-WA0004-300x225.jpg\" alt=\"\" width=\"263\" height=\"197\" srcset=\"https:\/\/agora.xtec.cat\/inslopladurgell-bellpuig\/wp-content\/uploads\/usu2019\/2024\/12\/IMG-20241213-WA0004-300x225.jpg 300w, https:\/\/agora.xtec.cat\/inslopladurgell-bellpuig\/wp-content\/uploads\/usu2019\/2024\/12\/IMG-20241213-WA0004-1024x768.jpg 1024w, https:\/\/agora.xtec.cat\/inslopladurgell-bellpuig\/wp-content\/uploads\/usu2019\/2024\/12\/IMG-20241213-WA0004-768x576.jpg 768w, https:\/\/agora.xtec.cat\/inslopladurgell-bellpuig\/wp-content\/uploads\/usu2019\/2024\/12\/IMG-20241213-WA0004-1536x1152.jpg 1536w, https:\/\/agora.xtec.cat\/inslopladurgell-bellpuig\/wp-content\/uploads\/usu2019\/2024\/12\/IMG-20241213-WA0004-200x150.jpg 200w, https:\/\/agora.xtec.cat\/inslopladurgell-bellpuig\/wp-content\/uploads\/usu2019\/2024\/12\/IMG-20241213-WA0004.jpg 2016w\" sizes=\"auto, (max-width: 263px) 100vw, 263px\" \/><\/a>Aquest viatge ha estat una oportunitat \u00fanica per aprendre, compartir moments especials i endinsar-se en la cultura francesa. Sens dubte, una experi\u00e8ncia que recordaran durant molt de temps.<\/p>\n<p><strong>Merci, Par\u00eds!<\/strong><\/p>\n<p>Totes les fotos<a href=\"https:\/\/flic.kr\/s\/aHBqjBUZub\"> aqu\u00ed\u00a0<\/a><\/p>\n<p>&nbsp;<\/p>\n<p><a href=\"https:\/\/agora.xtec.cat\/inslopladurgell-bellpuig\/wp-content\/uploads\/usu2019\/2024\/12\/IMG-20241213-WA0008.jpg\"><img loading=\"lazy\" decoding=\"async\" class=\" wp-image-3856 alignleft\" src=\"https:\/\/agora.xtec.cat\/inslopladurgell-bellpuig\/wp-content\/uploads\/usu2019\/2024\/12\/IMG-20241213-WA0008-295x300.jpg\" alt=\"\" width=\"197\" height=\"201\" srcset=\"https:\/\/agora.xtec.cat\/inslopladurgell-bellpuig\/wp-content\/uploads\/usu2019\/2024\/12\/IMG-20241213-WA0008-295x300.jpg 295w, https:\/\/agora.xtec.cat\/inslopladurgell-bellpuig\/wp-content\/uploads\/usu2019\/2024\/12\/IMG-20241213-WA0008-1006x1024.jpg 1006w, https:\/\/agora.xtec.cat\/inslopladurgell-bellpuig\/wp-content\/uploads\/usu2019\/2024\/12\/IMG-20241213-WA0008-768x782.jpg 768w, https:\/\/agora.xtec.cat\/inslopladurgell-bellpuig\/wp-content\/uploads\/usu2019\/2024\/12\/IMG-20241213-WA0008-1509x1536.jpg 1509w, https:\/\/agora.xtec.cat\/inslopladurgell-bellpuig\/wp-content\/uploads\/usu2019\/2024\/12\/IMG-20241213-WA0008.jpg 2012w\" sizes=\"auto, (max-width: 197px) 100vw, 197px\" \/><\/a><a href=\"https:\/\/agora.xtec.cat\/inslopladurgell-bellpuig\/wp-content\/uploads\/usu2019\/2024\/12\/IMG-20241213-WA0005.jpg\"><img loading=\"lazy\" decoding=\"async\" class=\" wp-image-3857 alignleft\" src=\"https:\/\/agora.xtec.cat\/inslopladurgell-bellpuig\/wp-content\/uploads\/usu2019\/2024\/12\/IMG-20241213-WA0005-300x225.jpg\" alt=\"\" width=\"269\" height=\"202\" srcset=\"https:\/\/agora.xtec.cat\/inslopladurgell-bellpuig\/wp-content\/uploads\/usu2019\/2024\/12\/IMG-20241213-WA0005-300x225.jpg 300w, https:\/\/agora.xtec.cat\/inslopladurgell-bellpuig\/wp-content\/uploads\/usu2019\/2024\/12\/IMG-20241213-WA0005-1024x768.jpg 1024w, https:\/\/agora.xtec.cat\/inslopladurgell-bellpuig\/wp-content\/uploads\/usu2019\/2024\/12\/IMG-20241213-WA0005-768x576.jpg 768w, https:\/\/agora.xtec.cat\/inslopladurgell-bellpuig\/wp-content\/uploads\/usu2019\/2024\/12\/IMG-20241213-WA0005-1536x1152.jpg 1536w, https:\/\/agora.xtec.cat\/inslopladurgell-bellpuig\/wp-content\/uploads\/usu2019\/2024\/12\/IMG-20241213-WA0005-200x150.jpg 200w, https:\/\/agora.xtec.cat\/inslopladurgell-bellpuig\/wp-content\/uploads\/usu2019\/2024\/12\/IMG-20241213-WA0005.jpg 2016w\" sizes=\"auto, (max-width: 269px) 100vw, 269px\" \/><\/a><a href=\"https:\/\/agora.xtec.cat\/inslopladurgell-bellpuig\/wp-content\/uploads\/usu2019\/2024\/12\/0.jpg\"><img loading=\"lazy\" decoding=\"async\" class=\" wp-image-3854 alignleft\" src=\"https:\/\/agora.xtec.cat\/inslopladurgell-bellpuig\/wp-content\/uploads\/usu2019\/2024\/12\/0-300x225.jpg\" alt=\"\" width=\"268\" height=\"201\" srcset=\"https:\/\/agora.xtec.cat\/inslopladurgell-bellpuig\/wp-content\/uploads\/usu2019\/2024\/12\/0-300x225.jpg 300w, https:\/\/agora.xtec.cat\/inslopladurgell-bellpuig\/wp-content\/uploads\/usu2019\/2024\/12\/0-1024x768.jpg 1024w, https:\/\/agora.xtec.cat\/inslopladurgell-bellpuig\/wp-content\/uploads\/usu2019\/2024\/12\/0-768x576.jpg 768w, https:\/\/agora.xtec.cat\/inslopladurgell-bellpuig\/wp-content\/uploads\/usu2019\/2024\/12\/0-1536x1152.jpg 1536w, https:\/\/agora.xtec.cat\/inslopladurgell-bellpuig\/wp-content\/uploads\/usu2019\/2024\/12\/0-200x150.jpg 200w, https:\/\/agora.xtec.cat\/inslopladurgell-bellpuig\/wp-content\/uploads\/usu2019\/2024\/12\/0.jpg 2016w\" sizes=\"auto, (max-width: 268px) 100vw, 268px\" \/><\/a><\/p>\n","protected":false},"excerpt":{"rendered":"<p><a href=\"https:\/\/agora.xtec.cat\/inslopladurgell-bellpuig\/wp-content\/uploads\/usu2019\/2024\/12\/IMG-20241213-WA0006.jpg\"><\/a>Viatge dels alumnes de franc\u00e8s a Par\u00eds<br \/>\nEls alumnes de franc\u00e8s de l\u2019INS Lo Pla d\u2019Urgell han viscut una experi\u00e8ncia plena de cultura i aprenentatges a Par\u00eds. Durant uns dies, han tingut l\u2019oportunitat de descobrir alguns dels indrets m\u00e9s emblem\u00e0tics de la ciutat de la&hellip;  <a href=\"https:\/\/agora.xtec.cat\/inslopladurgell-bellpuig\/general\/viatge-a-paris-24-25\/\" title=\"Read Viatge a Par\u00eds 24\/25\">Llegeix m\u00e9s\u00bb<\/a><\/p>\n","protected":false},"author":7,"featured_media":3852,"comment_status":"closed","ping_status":"closed","sticky":false,"template":"","format":"standard","meta":{"_bbp_topic_count":0,"_bbp_reply_count":0,"_bbp_total_topic_count":0,"_bbp_total_reply_count":0,"_bbp_voice_count":0,"_bbp_anonymous_reply_count":0,"_bbp_topic_count_hidden":0,"_bbp_reply_count_hidden":0,"_bbp_forum_subforum_count":0,"footnotes":""},"categories":[8,3,147,1,29],"tags":[],"class_list":["post-3850","post","type-post","status-publish","format-standard","has-post-thumbnail","hentry","category-batxillerat","category-eso","category-eso-i-batxillerat","category-general","category-portada"],"post_mailing_queue_ids":[],"_links":{"self":[{"href":"https:\/\/agora.xtec.cat\/inslopladurgell-bellpuig\/wp-json\/wp\/v2\/posts\/3850","targetHints":{"allow":["GET"]}}],"collection":[{"href":"https:\/\/agora.xtec.cat\/inslopladurgell-bellpuig\/wp-json\/wp\/v2\/posts"}],"about":[{"href":"https:\/\/agora.xtec.cat\/inslopladurgell-bellpuig\/wp-json\/wp\/v2\/types\/post"}],"author":[{"embeddable":true,"href":"https:\/\/agora.xtec.cat\/inslopladurgell-bellpuig\/wp-json\/wp\/v2\/users\/7"}],"replies":[{"embeddable":true,"href":"https:\/\/agora.xtec.cat\/inslopladurgell-bellpuig\/wp-json\/wp\/v2\/comments?post=3850"}],"version-history":[{"count":1,"href":"https:\/\/agora.xtec.cat\/inslopladurgell-bellpuig\/wp-json\/wp\/v2\/posts\/3850\/revisions"}],"predecessor-version":[{"id":3858,"href":"https:\/\/agora.xtec.cat\/inslopladurgell-bellpuig\/wp-json\/wp\/v2\/posts\/3850\/revisions\/3858"}],"wp:featuredmedia":[{"embeddable":true,"href":"https:\/\/agora.xtec.cat\/inslopladurgell-bellpuig\/wp-json\/wp\/v2\/media\/3852"}],"wp:attachment":[{"href":"https:\/\/agora.xtec.cat\/inslopladurgell-bellpuig\/wp-json\/wp\/v2\/media?parent=3850"}],"wp:term":[{"taxonomy":"category","embeddable":true,"href":"https:\/\/agora.xtec.cat\/inslopladurgell-bellpuig\/wp-json\/wp\/v2\/categories?post=3850"},{"taxonomy":"post_tag","embeddable":true,"href":"https:\/\/agora.xtec.cat\/inslopladurgell-bellpuig\/wp-json\/wp\/v2\/tags?post=3850"}],"curies":[{"name":"wp","href":"https:\/\/api.w.org\/{rel}","templated":true}]}}