{"id":3802,"date":"2024-11-23T16:01:59","date_gmt":"2024-11-23T15:01:59","guid":{"rendered":"https:\/\/agora.xtec.cat\/inslopladurgell-bellpuig\/?p=3802"},"modified":"2025-04-04T09:44:04","modified_gmt":"2025-04-04T07:44:04","slug":"collaborem-amb-el-rebost-solidari-de-caritas","status":"publish","type":"post","link":"https:\/\/agora.xtec.cat\/inslopladurgell-bellpuig\/general\/collaborem-amb-el-rebost-solidari-de-caritas\/","title":{"rendered":"Col\u00b7laborem amb el rebost solidari de C\u00e0ritas"},"content":{"rendered":"<p>L\u2019alumnat d\u2019ESO de l\u2019Institut Lo Pla d\u2019Urgell ha participat en el rebost solidari de C\u00e0ritas, una iniciativa que busca donar suport a les persones que m\u00e9s ho necessiten.<\/p>\n<p>Aquesta experi\u00e8ncia no nom\u00e9s fomenta valors com la solidaritat i el treball en equip, sin\u00f3 que tamb\u00e9 ajuda a conscienciar l\u2019alumnat sobre la import\u00e0ncia de contribuir al benestar de la comunitat. Des de l\u2019Institut, agra\u00efm la seva implicaci\u00f3 i la col\u00b7laboraci\u00f3 de totes les persones que han fet possible aquesta acci\u00f3.<\/p>\n<p>Gr\u00e0cies per ser part del canvi!<\/p>\n<p><a href=\"https:\/\/agora.xtec.cat\/inslopladurgell-bellpuig\/wp-content\/uploads\/usu2019\/2024\/11\/IMG-20241123-WA0005-1.jpg\"><img loading=\"lazy\" decoding=\"async\" class=\" wp-image-3813 alignleft\" src=\"https:\/\/agora.xtec.cat\/inslopladurgell-bellpuig\/wp-content\/uploads\/usu2019\/2024\/11\/IMG-20241123-WA0005-1-246x300.jpg\" alt=\"\" width=\"209\" height=\"255\" srcset=\"https:\/\/agora.xtec.cat\/inslopladurgell-bellpuig\/wp-content\/uploads\/usu2019\/2024\/11\/IMG-20241123-WA0005-1-246x300.jpg 246w, https:\/\/agora.xtec.cat\/inslopladurgell-bellpuig\/wp-content\/uploads\/usu2019\/2024\/11\/IMG-20241123-WA0005-1.jpg 719w\" sizes=\"auto, (max-width: 209px) 100vw, 209px\" \/><\/a><a href=\"https:\/\/agora.xtec.cat\/inslopladurgell-bellpuig\/wp-content\/uploads\/usu2019\/2024\/11\/IMG-20241123-WA0009-2.jpg\"><img loading=\"lazy\" decoding=\"async\" class=\"wp-image-3817 alignleft\" src=\"https:\/\/agora.xtec.cat\/inslopladurgell-bellpuig\/wp-content\/uploads\/usu2019\/2024\/11\/IMG-20241123-WA0009-2-287x300.jpg\" alt=\"\" width=\"242\" height=\"253\" srcset=\"https:\/\/agora.xtec.cat\/inslopladurgell-bellpuig\/wp-content\/uploads\/usu2019\/2024\/11\/IMG-20241123-WA0009-2-287x300.jpg 287w, https:\/\/agora.xtec.cat\/inslopladurgell-bellpuig\/wp-content\/uploads\/usu2019\/2024\/11\/IMG-20241123-WA0009-2.jpg 719w\" sizes=\"auto, (max-width: 242px) 100vw, 242px\" \/><\/a><a href=\"https:\/\/agora.xtec.cat\/inslopladurgell-bellpuig\/wp-content\/uploads\/usu2019\/2024\/11\/IMG-20241123-WA0006-1.jpg\"><img loading=\"lazy\" decoding=\"async\" class=\" wp-image-3814 alignleft\" src=\"https:\/\/agora.xtec.cat\/inslopladurgell-bellpuig\/wp-content\/uploads\/usu2019\/2024\/11\/IMG-20241123-WA0006-1-201x300.jpg\" alt=\"\" width=\"168\" height=\"251\" srcset=\"https:\/\/agora.xtec.cat\/inslopladurgell-bellpuig\/wp-content\/uploads\/usu2019\/2024\/11\/IMG-20241123-WA0006-1-201x300.jpg 201w, https:\/\/agora.xtec.cat\/inslopladurgell-bellpuig\/wp-content\/uploads\/usu2019\/2024\/11\/IMG-20241123-WA0006-1-685x1024.jpg 685w, https:\/\/agora.xtec.cat\/inslopladurgell-bellpuig\/wp-content\/uploads\/usu2019\/2024\/11\/IMG-20241123-WA0006-1.jpg 719w\" sizes=\"auto, (max-width: 168px) 100vw, 168px\" \/><\/a><a href=\"https:\/\/agora.xtec.cat\/inslopladurgell-bellpuig\/wp-content\/uploads\/usu2019\/2024\/11\/IMG-20241123-WA0007-1.jpg\"><img loading=\"lazy\" decoding=\"async\" class=\" wp-image-3815 alignleft\" src=\"https:\/\/agora.xtec.cat\/inslopladurgell-bellpuig\/wp-content\/uploads\/usu2019\/2024\/11\/IMG-20241123-WA0007-1-229x300.jpg\" alt=\"\" width=\"192\" height=\"251\" srcset=\"https:\/\/agora.xtec.cat\/inslopladurgell-bellpuig\/wp-content\/uploads\/usu2019\/2024\/11\/IMG-20241123-WA0007-1-229x300.jpg 229w, https:\/\/agora.xtec.cat\/inslopladurgell-bellpuig\/wp-content\/uploads\/usu2019\/2024\/11\/IMG-20241123-WA0007-1.jpg 719w\" sizes=\"auto, (max-width: 192px) 100vw, 192px\" \/><\/a><\/p>\n<p>&nbsp;<\/p>\n<p>&nbsp;<\/p>\n<p>&nbsp;<\/p>\n<p>&nbsp;<\/p>\n<p>&nbsp;<\/p>\n<p>&nbsp;<\/p>\n<p><a href=\"https:\/\/agora.xtec.cat\/inslopladurgell-bellpuig\/wp-content\/uploads\/usu2019\/2024\/11\/IMG-20241123-WA0010-1.jpg\"><img loading=\"lazy\" decoding=\"async\" class=\" wp-image-3818 alignleft\" src=\"https:\/\/agora.xtec.cat\/inslopladurgell-bellpuig\/wp-content\/uploads\/usu2019\/2024\/11\/IMG-20241123-WA0010-1-289x300.jpg\" alt=\"\" width=\"234\" height=\"243\" srcset=\"https:\/\/agora.xtec.cat\/inslopladurgell-bellpuig\/wp-content\/uploads\/usu2019\/2024\/11\/IMG-20241123-WA0010-1-289x300.jpg 289w, https:\/\/agora.xtec.cat\/inslopladurgell-bellpuig\/wp-content\/uploads\/usu2019\/2024\/11\/IMG-20241123-WA0010-1.jpg 719w\" sizes=\"auto, (max-width: 234px) 100vw, 234px\" \/><\/a><a href=\"https:\/\/agora.xtec.cat\/inslopladurgell-bellpuig\/wp-content\/uploads\/usu2019\/2024\/11\/IMG-20241123-WA0012-1.jpg\"><img loading=\"lazy\" decoding=\"async\" class=\" wp-image-3820 alignleft\" src=\"https:\/\/agora.xtec.cat\/inslopladurgell-bellpuig\/wp-content\/uploads\/usu2019\/2024\/11\/IMG-20241123-WA0012-1-276x300.jpg\" alt=\"\" width=\"224\" height=\"243\" srcset=\"https:\/\/agora.xtec.cat\/inslopladurgell-bellpuig\/wp-content\/uploads\/usu2019\/2024\/11\/IMG-20241123-WA0012-1-276x300.jpg 276w, https:\/\/agora.xtec.cat\/inslopladurgell-bellpuig\/wp-content\/uploads\/usu2019\/2024\/11\/IMG-20241123-WA0012-1.jpg 720w\" sizes=\"auto, (max-width: 224px) 100vw, 224px\" \/><\/a><a href=\"https:\/\/agora.xtec.cat\/inslopladurgell-bellpuig\/wp-content\/uploads\/usu2019\/2024\/11\/IMG-20241123-WA0011-1.jpg\"><img loading=\"lazy\" decoding=\"async\" class=\" wp-image-3819 alignleft\" src=\"https:\/\/agora.xtec.cat\/inslopladurgell-bellpuig\/wp-content\/uploads\/usu2019\/2024\/11\/IMG-20241123-WA0011-1-189x300.jpg\" alt=\"\" width=\"154\" height=\"244\" srcset=\"https:\/\/agora.xtec.cat\/inslopladurgell-bellpuig\/wp-content\/uploads\/usu2019\/2024\/11\/IMG-20241123-WA0011-1-189x300.jpg 189w, https:\/\/agora.xtec.cat\/inslopladurgell-bellpuig\/wp-content\/uploads\/usu2019\/2024\/11\/IMG-20241123-WA0011-1-647x1024.jpg 647w, https:\/\/agora.xtec.cat\/inslopladurgell-bellpuig\/wp-content\/uploads\/usu2019\/2024\/11\/IMG-20241123-WA0011-1.jpg 720w\" sizes=\"auto, (max-width: 154px) 100vw, 154px\" \/><\/a><a href=\"https:\/\/agora.xtec.cat\/inslopladurgell-bellpuig\/wp-content\/uploads\/usu2019\/2024\/11\/IMG-20241123-WA0008-1.jpg\"><img loading=\"lazy\" decoding=\"async\" class=\" wp-image-3816 alignleft\" src=\"https:\/\/agora.xtec.cat\/inslopladurgell-bellpuig\/wp-content\/uploads\/usu2019\/2024\/11\/IMG-20241123-WA0008-1-256x300.jpg\" alt=\"\" width=\"207\" height=\"243\" srcset=\"https:\/\/agora.xtec.cat\/inslopladurgell-bellpuig\/wp-content\/uploads\/usu2019\/2024\/11\/IMG-20241123-WA0008-1-256x300.jpg 256w, https:\/\/agora.xtec.cat\/inslopladurgell-bellpuig\/wp-content\/uploads\/usu2019\/2024\/11\/IMG-20241123-WA0008-1.jpg 719w\" sizes=\"auto, (max-width: 207px) 100vw, 207px\" \/><\/a><\/p>\n","protected":false},"excerpt":{"rendered":"<p>L\u2019alumnat d\u2019ESO de l\u2019Institut Lo Pla d\u2019Urgell ha participat en el rebost solidari de C\u00e0ritas, una iniciativa que busca donar suport a les persones que m\u00e9s ho necessiten.<br \/>\nAquesta experi\u00e8ncia no nom\u00e9s fomenta valors com la solidaritat i el treball en equip, sin\u00f3 que tamb\u00e9 ajuda&hellip;  <a href=\"https:\/\/agora.xtec.cat\/inslopladurgell-bellpuig\/general\/collaborem-amb-el-rebost-solidari-de-caritas\/\" title=\"Read Col\u00b7laborem amb el rebost solidari de C\u00e0ritas\">Llegeix m\u00e9s\u00bb<\/a><\/p>\n","protected":false},"author":7,"featured_media":3818,"comment_status":"open","ping_status":"closed","sticky":false,"template":"","format":"standard","meta":{"_bbp_topic_count":0,"_bbp_reply_count":0,"_bbp_total_topic_count":0,"_bbp_total_reply_count":0,"_bbp_voice_count":0,"_bbp_anonymous_reply_count":0,"_bbp_topic_count_hidden":0,"_bbp_reply_count_hidden":0,"_bbp_forum_subforum_count":0,"footnotes":""},"categories":[6,7,3,147,1,29],"tags":[],"class_list":["post-3802","post","type-post","status-publish","format-standard","has-post-thumbnail","hentry","category-eso-3","category-eso-4","category-eso","category-eso-i-batxillerat","category-general","category-portada"],"post_mailing_queue_ids":[],"_links":{"self":[{"href":"https:\/\/agora.xtec.cat\/inslopladurgell-bellpuig\/wp-json\/wp\/v2\/posts\/3802","targetHints":{"allow":["GET"]}}],"collection":[{"href":"https:\/\/agora.xtec.cat\/inslopladurgell-bellpuig\/wp-json\/wp\/v2\/posts"}],"about":[{"href":"https:\/\/agora.xtec.cat\/inslopladurgell-bellpuig\/wp-json\/wp\/v2\/types\/post"}],"author":[{"embeddable":true,"href":"https:\/\/agora.xtec.cat\/inslopladurgell-bellpuig\/wp-json\/wp\/v2\/users\/7"}],"replies":[{"embeddable":true,"href":"https:\/\/agora.xtec.cat\/inslopladurgell-bellpuig\/wp-json\/wp\/v2\/comments?post=3802"}],"version-history":[{"count":4,"href":"https:\/\/agora.xtec.cat\/inslopladurgell-bellpuig\/wp-json\/wp\/v2\/posts\/3802\/revisions"}],"predecessor-version":[{"id":3823,"href":"https:\/\/agora.xtec.cat\/inslopladurgell-bellpuig\/wp-json\/wp\/v2\/posts\/3802\/revisions\/3823"}],"wp:featuredmedia":[{"embeddable":true,"href":"https:\/\/agora.xtec.cat\/inslopladurgell-bellpuig\/wp-json\/wp\/v2\/media\/3818"}],"wp:attachment":[{"href":"https:\/\/agora.xtec.cat\/inslopladurgell-bellpuig\/wp-json\/wp\/v2\/media?parent=3802"}],"wp:term":[{"taxonomy":"category","embeddable":true,"href":"https:\/\/agora.xtec.cat\/inslopladurgell-bellpuig\/wp-json\/wp\/v2\/categories?post=3802"},{"taxonomy":"post_tag","embeddable":true,"href":"https:\/\/agora.xtec.cat\/inslopladurgell-bellpuig\/wp-json\/wp\/v2\/tags?post=3802"}],"curies":[{"name":"wp","href":"https:\/\/api.w.org\/{rel}","templated":true}]}}