{"id":3462,"date":"2024-06-11T20:19:46","date_gmt":"2024-06-11T18:19:46","guid":{"rendered":"https:\/\/agora.xtec.cat\/inslopladurgell-bellpuig\/?p=3462"},"modified":"2024-06-12T20:56:01","modified_gmt":"2024-06-12T18:56:01","slug":"projecte-gep-curs-2023-2024-brushes-for-change","status":"publish","type":"post","link":"https:\/\/agora.xtec.cat\/inslopladurgell-bellpuig\/general\/projecte-gep-curs-2023-2024-brushes-for-change\/","title":{"rendered":"PROJECTE GEP CURS 2023-2024. BRUSHES FOR CHANGE"},"content":{"rendered":"<p><a href=\"https:\/\/agora.xtec.cat\/inslopladurgell-bellpuig\/wp-content\/uploads\/usu2019\/2024\/06\/Logo-1-1.jpg\"><img loading=\"lazy\" decoding=\"async\" class=\"size-full wp-image-3463 aligncenter\" src=\"https:\/\/agora.xtec.cat\/inslopladurgell-bellpuig\/wp-content\/uploads\/usu2019\/2024\/06\/Logo-1-1.jpg\" alt=\"\" width=\"534\" height=\"296\" srcset=\"https:\/\/agora.xtec.cat\/inslopladurgell-bellpuig\/wp-content\/uploads\/usu2019\/2024\/06\/Logo-1-1.jpg 534w, https:\/\/agora.xtec.cat\/inslopladurgell-bellpuig\/wp-content\/uploads\/usu2019\/2024\/06\/Logo-1-1-300x166.jpg 300w\" sizes=\"auto, (max-width: 534px) 100vw, 534px\" \/><\/a><\/p>\n<p><span style=\"font-weight: 400;\">Aquest curs 2023-2024 hem implementat el projecte a l\u2019assignatura d&#8217;Arts Visuals i Pl\u00e0stiques de segon de l&#8217;ESO, on els estudiants han utilitzat l&#8217;angl\u00e8s com a mitj\u00e0 d&#8217;instrucci\u00f3 per a dissenyar un mural que reflecteixi la necessitat de cuidar el medi ambient i l\u2019entorn, i que alhora sigui representatiu d\u2019un estil art\u00edstic espec\u00edfic. Els grups han pogut escollir entre <\/span><i><span style=\"font-weight: 400;\">realisme, impressionisme, pop art, art abstracte <\/span><\/i><span style=\"font-weight: 400;\">o <\/span><i><span style=\"font-weight: 400;\">graffiti<\/span><\/i><span style=\"font-weight: 400;\"> per a portar a terme les seves propostes. Han fet una petita recerca sobre cada un d\u2019aquests estils i han preparat una presentaci\u00f3 en angl\u00e8s descrivint-ne els trets generals, per a continuaci\u00f3 dissenyar una proposta de mural en grup.\u00a0<\/span><\/p>\n<p><span style=\"font-weight: 400;\">Un dels trets diferencials d\u2019aquest any de <\/span><i><span style=\"font-weight: 400;\">GEP <\/span><\/i><span style=\"font-weight: 400;\">ha estat, a m\u00e9s, fer una introducci\u00f3 al <\/span><i><span style=\"font-weight: 400;\">PBL <\/span><\/i><span style=\"font-weight: 400;\">o <\/span><i><span style=\"font-weight: 400;\">Project Based Learning, <\/span><\/i><span style=\"font-weight: 400;\">una metodologia que proposa la realitzaci\u00f3 de tasques grupals ambicioses per part de l\u2019alumnat i que tinguin una repercussi\u00f3 efectiva en el seu entorn m\u00e9s immediat. Segons l\u2019aproximaci\u00f3 <\/span><i><span style=\"font-weight: 400;\">PBL<\/span><\/i><span style=\"font-weight: 400;\">, aquestes tasques han estat exposades i visibles per al claustre i per a la comunitat educativa. Tothom que ha volgut, ha pogut participar en la votaci\u00f3 per escollir el disseny m\u00e9s popular, i que pr\u00f2ximament acabar\u00e0 convertint-se en un dels pr\u00f2xims murals del centre.\u00a0<\/span><\/p>\n<p><a href=\"https:\/\/agora.xtec.cat\/inslopladurgell-bellpuig\/wp-content\/uploads\/usu2019\/2024\/06\/Imatge-2.jpg\"><img loading=\"lazy\" decoding=\"async\" class=\"size-full wp-image-3465 aligncenter\" src=\"https:\/\/agora.xtec.cat\/inslopladurgell-bellpuig\/wp-content\/uploads\/usu2019\/2024\/06\/Imatge-2.jpg\" alt=\"\" width=\"551\" height=\"284\" srcset=\"https:\/\/agora.xtec.cat\/inslopladurgell-bellpuig\/wp-content\/uploads\/usu2019\/2024\/06\/Imatge-2.jpg 551w, https:\/\/agora.xtec.cat\/inslopladurgell-bellpuig\/wp-content\/uploads\/usu2019\/2024\/06\/Imatge-2-300x155.jpg 300w\" sizes=\"auto, (max-width: 551px) 100vw, 551px\" \/><\/a><\/p>\n","protected":false},"excerpt":{"rendered":"<p><a href=\"https:\/\/agora.xtec.cat\/inslopladurgell-bellpuig\/wp-content\/uploads\/usu2019\/2024\/06\/Logo-1-1.jpg\"><\/a><br \/>\nAquest curs 2023-2024 hem implementat el projecte a l\u2019assignatura d&#8217;Arts Visuals i Pl\u00e0stiques de segon de l&#8217;ESO, on els estudiants han utilitzat l&#8217;angl\u00e8s com a mitj\u00e0 d&#8217;instrucci\u00f3 per a dissenyar un mural que reflecteixi la necessitat de cuidar el medi ambient i l\u2019entorn, i&hellip;  <a href=\"https:\/\/agora.xtec.cat\/inslopladurgell-bellpuig\/general\/projecte-gep-curs-2023-2024-brushes-for-change\/\" title=\"Read PROJECTE GEP CURS 2023-2024. BRUSHES FOR CHANGE\">Llegeix m\u00e9s\u00bb<\/a><\/p>\n","protected":false},"author":7,"featured_media":3463,"comment_status":"closed","ping_status":"closed","sticky":false,"template":"","format":"standard","meta":{"_bbp_topic_count":0,"_bbp_reply_count":0,"_bbp_total_topic_count":0,"_bbp_total_reply_count":0,"_bbp_voice_count":0,"_bbp_anonymous_reply_count":0,"_bbp_topic_count_hidden":0,"_bbp_reply_count_hidden":0,"_bbp_forum_subforum_count":0,"footnotes":""},"categories":[5,3,1,108,29],"tags":[],"class_list":["post-3462","post","type-post","status-publish","format-standard","has-post-thumbnail","hentry","category-eso-2","category-eso","category-general","category-multilin","category-portada"],"post_mailing_queue_ids":[],"_links":{"self":[{"href":"https:\/\/agora.xtec.cat\/inslopladurgell-bellpuig\/wp-json\/wp\/v2\/posts\/3462","targetHints":{"allow":["GET"]}}],"collection":[{"href":"https:\/\/agora.xtec.cat\/inslopladurgell-bellpuig\/wp-json\/wp\/v2\/posts"}],"about":[{"href":"https:\/\/agora.xtec.cat\/inslopladurgell-bellpuig\/wp-json\/wp\/v2\/types\/post"}],"author":[{"embeddable":true,"href":"https:\/\/agora.xtec.cat\/inslopladurgell-bellpuig\/wp-json\/wp\/v2\/users\/7"}],"replies":[{"embeddable":true,"href":"https:\/\/agora.xtec.cat\/inslopladurgell-bellpuig\/wp-json\/wp\/v2\/comments?post=3462"}],"version-history":[{"count":4,"href":"https:\/\/agora.xtec.cat\/inslopladurgell-bellpuig\/wp-json\/wp\/v2\/posts\/3462\/revisions"}],"predecessor-version":[{"id":3470,"href":"https:\/\/agora.xtec.cat\/inslopladurgell-bellpuig\/wp-json\/wp\/v2\/posts\/3462\/revisions\/3470"}],"wp:featuredmedia":[{"embeddable":true,"href":"https:\/\/agora.xtec.cat\/inslopladurgell-bellpuig\/wp-json\/wp\/v2\/media\/3463"}],"wp:attachment":[{"href":"https:\/\/agora.xtec.cat\/inslopladurgell-bellpuig\/wp-json\/wp\/v2\/media?parent=3462"}],"wp:term":[{"taxonomy":"category","embeddable":true,"href":"https:\/\/agora.xtec.cat\/inslopladurgell-bellpuig\/wp-json\/wp\/v2\/categories?post=3462"},{"taxonomy":"post_tag","embeddable":true,"href":"https:\/\/agora.xtec.cat\/inslopladurgell-bellpuig\/wp-json\/wp\/v2\/tags?post=3462"}],"curies":[{"name":"wp","href":"https:\/\/api.w.org\/{rel}","templated":true}]}}