{"id":3194,"date":"2023-11-27T17:11:53","date_gmt":"2023-11-27T16:11:53","guid":{"rendered":"https:\/\/agora.xtec.cat\/inslopladurgell-bellpuig\/?p=3194"},"modified":"2023-11-27T17:12:57","modified_gmt":"2023-11-27T16:12:57","slug":"jornada-atletica-2023","status":"publish","type":"post","link":"https:\/\/agora.xtec.cat\/inslopladurgell-bellpuig\/general\/jornada-atletica-2023\/","title":{"rendered":"JORNADA ATL\u00c8TICA 2023"},"content":{"rendered":"<p><iframe loading=\"lazy\" title=\"JORNADA ATL\u00c8TICA ARBECA. CURS 2023-24\" width=\"500\" height=\"281\" src=\"https:\/\/www.youtube.com\/embed\/x4OvBcArQRM?feature=oembed\" frameborder=\"0\" allow=\"accelerometer; autoplay; clipboard-write; encrypted-media; gyroscope; picture-in-picture; web-share\" referrerpolicy=\"strict-origin-when-cross-origin\" allowfullscreen><\/iframe><\/p>\n<p><span style=\"font-weight: 400;\">El passat dijous dia 9 de novembre, es va dur a terme la Jornada Atl\u00e8tica de l\u2019Institut amb tots els alumnes del centre, a excepci\u00f3 dels de 2n de batxillerat, enguany despr\u00e9s de dos cursos anant\u00a0 a les pistes de Mollerussa hem tornat a les noves pistes d\u2019atletisme d\u2019Arbeca.\u00a0<\/span><\/p>\n<p><span style=\"font-weight: 400;\">La Jornada pret\u00e9n, per una banda, que tots els alumnes de l\u2019ESO trepitgin unes pistes d\u2019atletisme i realitzin activitat f\u00edsica tot practicant algunes proves atl\u00e8tiques, i per una altra banda, que l&#8217;alumnat de 1r de batxillerat dugui a terme un projecte curricular d\u2019organitzaci\u00f3 d\u2019un esdeveniment esportiu. Tamb\u00e9\u00a0 busca ser una activitat inclusiva i de conviv\u00e8ncia entre tots l\u2019alumnat, tot gaudint de la sortida.<\/span><\/p>\n<p><span style=\"font-weight: 400;\">Cal felicitar a l\u2019alumnat de 1r de Batxillerat pel seu treball, implicaci\u00f3 i entusiasme durant tota la Jornada, la qual cosa va fer que es desenvolup\u00e9s d\u2019all\u00f2 m\u00e9s b\u00e9 i que fos tot un \u00e8xit. Tamb\u00e9 voldr\u00edem agrair a l\u2019empresa \u201c<strong>pOmOna fruits<\/strong>\u201d per la donaci\u00f3 de caixes de pomes per l\u2019esmorzar.<\/span><\/p>\n","protected":false},"excerpt":{"rendered":"<p>El passat dijous dia 9 de novembre, es va dur a terme la Jornada Atl\u00e8tica de l\u2019Institut amb tots els alumnes del centre, a excepci\u00f3 dels de 2n de batxillerat, enguany despr\u00e9s de dos cursos anant\u00a0 a les pistes de Mollerussa hem tornat a les&hellip;  <a href=\"https:\/\/agora.xtec.cat\/inslopladurgell-bellpuig\/general\/jornada-atletica-2023\/\" title=\"Read JORNADA ATL\u00c8TICA 2023\">Llegeix m\u00e9s\u00bb<\/a><\/p>\n","protected":false},"author":7,"featured_media":3195,"comment_status":"closed","ping_status":"closed","sticky":false,"template":"","format":"standard","meta":{"_bbp_topic_count":0,"_bbp_reply_count":0,"_bbp_total_topic_count":0,"_bbp_total_reply_count":0,"_bbp_voice_count":0,"_bbp_anonymous_reply_count":0,"_bbp_topic_count_hidden":0,"_bbp_reply_count_hidden":0,"_bbp_forum_subforum_count":0,"footnotes":""},"categories":[8,3,1,29],"tags":[],"class_list":["post-3194","post","type-post","status-publish","format-standard","has-post-thumbnail","hentry","category-batxillerat","category-eso","category-general","category-portada"],"post_mailing_queue_ids":[],"_links":{"self":[{"href":"https:\/\/agora.xtec.cat\/inslopladurgell-bellpuig\/wp-json\/wp\/v2\/posts\/3194","targetHints":{"allow":["GET"]}}],"collection":[{"href":"https:\/\/agora.xtec.cat\/inslopladurgell-bellpuig\/wp-json\/wp\/v2\/posts"}],"about":[{"href":"https:\/\/agora.xtec.cat\/inslopladurgell-bellpuig\/wp-json\/wp\/v2\/types\/post"}],"author":[{"embeddable":true,"href":"https:\/\/agora.xtec.cat\/inslopladurgell-bellpuig\/wp-json\/wp\/v2\/users\/7"}],"replies":[{"embeddable":true,"href":"https:\/\/agora.xtec.cat\/inslopladurgell-bellpuig\/wp-json\/wp\/v2\/comments?post=3194"}],"version-history":[{"count":2,"href":"https:\/\/agora.xtec.cat\/inslopladurgell-bellpuig\/wp-json\/wp\/v2\/posts\/3194\/revisions"}],"predecessor-version":[{"id":3197,"href":"https:\/\/agora.xtec.cat\/inslopladurgell-bellpuig\/wp-json\/wp\/v2\/posts\/3194\/revisions\/3197"}],"wp:featuredmedia":[{"embeddable":true,"href":"https:\/\/agora.xtec.cat\/inslopladurgell-bellpuig\/wp-json\/wp\/v2\/media\/3195"}],"wp:attachment":[{"href":"https:\/\/agora.xtec.cat\/inslopladurgell-bellpuig\/wp-json\/wp\/v2\/media?parent=3194"}],"wp:term":[{"taxonomy":"category","embeddable":true,"href":"https:\/\/agora.xtec.cat\/inslopladurgell-bellpuig\/wp-json\/wp\/v2\/categories?post=3194"},{"taxonomy":"post_tag","embeddable":true,"href":"https:\/\/agora.xtec.cat\/inslopladurgell-bellpuig\/wp-json\/wp\/v2\/tags?post=3194"}],"curies":[{"name":"wp","href":"https:\/\/api.w.org\/{rel}","templated":true}]}}