{"id":2871,"date":"2023-05-04T20:40:44","date_gmt":"2023-05-04T18:40:44","guid":{"rendered":"https:\/\/agora.xtec.cat\/inslopladurgell-bellpuig\/?p=2871"},"modified":"2023-05-12T11:15:53","modified_gmt":"2023-05-12T09:15:53","slug":"via-verda-amb-bicicleta-2023","status":"publish","type":"post","link":"https:\/\/agora.xtec.cat\/inslopladurgell-bellpuig\/general\/via-verda-amb-bicicleta-2023\/","title":{"rendered":"VIA VERDA AMB BICICLETA 2023"},"content":{"rendered":"<p><iframe loading=\"lazy\" title=\"VIA VERDA .CURS 2022-2023\" width=\"500\" height=\"281\" src=\"https:\/\/www.youtube.com\/embed\/oHmYR1Hs-EU?feature=oembed\" frameborder=\"0\" allow=\"accelerometer; autoplay; clipboard-write; encrypted-media; gyroscope; picture-in-picture; web-share\" referrerpolicy=\"strict-origin-when-cross-origin\" allowfullscreen><\/iframe><\/p>\n<p><span style=\"font-weight: 400;\">El passat 25 d\u2019abril, 52 alumnes de 3r d&#8217;ESO varen realitzar una sortida al Parc Natural del Ports, per tal de practicar i gaudir d&#8217;un dia amb bicicleta a la natura per una de les vies verdes m\u00e9s boniques de Catalunya, la Via Verda del Baix Ebre, la qual recorre l&#8217;antiga l\u00ednia de tren que anava d&#8217;Alca\u00f1iz a Tortosa operativa fins al 1973. Ara sense les vies del tren \u00e9s una pista semi-asfaltada que t\u00e9 un tra\u00e7at majorit\u00e0riament recte i en baixada quan es va direcci\u00f3 Tortosa, la qual cosa fa que no presenti cap dificultat.<\/span><\/p>\n<p><span style=\"font-weight: 400;\">L&#8217;activitat comen\u00e7a a l&#8217;antiga Estaci\u00f3 d&#8217;Horta de Sant Joan, a la Terra Alta, on ens espera l&#8217;empresa contractada amb totes les bicicletes preparades. Abans de comen\u00e7ar se&#8217;ns dona algunes normes i consells per gaudir al m\u00e0xim de la ruta i no patir cap accident, aix\u00ed i tot, alguna caiguda van patir per\u00f2 sense massa conseq\u00fc\u00e8ncies. Un cop tots damunt la bicicleta i amb el casc posat iniciem la pedalada seguint el cam\u00ed fins a l&#8217;estaci\u00f3 de Xerta, travessarem fins a 5 viaductes, 20 t\u00fanels i les antigues estacions abandonades i ara algunes rehabilitades en bars i restaurants com la de Bot, Prat de Comte, Pinell de Brai i Benifallet. A mig cam\u00ed, a l\u2019al\u00e7ada del Santuari de la Fontcalda es va realitzar una parada llarga per descansar, dinar, i sobretot, gaudir del riu <\/span><span style=\"font-weight: 400;\">que s\u2019obre pas entre immenses parets de pedra, formant enormes tolls i piscines naturals que al fer un dia calor\u00f3s molts alumnes no van resistir la temptaci\u00f3 de banyar-se a les seves fredes aig\u00fces.<\/span><\/p>\n","protected":false},"excerpt":{"rendered":"<p>El passat 25 d\u2019abril, 52 alumnes de 3r d&#8217;ESO varen realitzar una sortida al Parc Natural del Ports, per tal de practicar i gaudir d&#8217;un dia amb bicicleta a la natura per una de les vies verdes m\u00e9s boniques de Catalunya, la Via Verda del&hellip;  <a href=\"https:\/\/agora.xtec.cat\/inslopladurgell-bellpuig\/general\/via-verda-amb-bicicleta-2023\/\" title=\"Read VIA VERDA AMB BICICLETA 2023\">Llegeix m\u00e9s\u00bb<\/a><\/p>\n","protected":false},"author":7,"featured_media":2881,"comment_status":"closed","ping_status":"closed","sticky":false,"template":"","format":"standard","meta":{"_bbp_topic_count":0,"_bbp_reply_count":0,"_bbp_total_topic_count":0,"_bbp_total_reply_count":0,"_bbp_voice_count":0,"_bbp_anonymous_reply_count":0,"_bbp_topic_count_hidden":0,"_bbp_reply_count_hidden":0,"_bbp_forum_subforum_count":0,"footnotes":""},"categories":[6,3,1,29],"tags":[],"class_list":["post-2871","post","type-post","status-publish","format-standard","has-post-thumbnail","hentry","category-eso-3","category-eso","category-general","category-portada"],"post_mailing_queue_ids":[],"_links":{"self":[{"href":"https:\/\/agora.xtec.cat\/inslopladurgell-bellpuig\/wp-json\/wp\/v2\/posts\/2871","targetHints":{"allow":["GET"]}}],"collection":[{"href":"https:\/\/agora.xtec.cat\/inslopladurgell-bellpuig\/wp-json\/wp\/v2\/posts"}],"about":[{"href":"https:\/\/agora.xtec.cat\/inslopladurgell-bellpuig\/wp-json\/wp\/v2\/types\/post"}],"author":[{"embeddable":true,"href":"https:\/\/agora.xtec.cat\/inslopladurgell-bellpuig\/wp-json\/wp\/v2\/users\/7"}],"replies":[{"embeddable":true,"href":"https:\/\/agora.xtec.cat\/inslopladurgell-bellpuig\/wp-json\/wp\/v2\/comments?post=2871"}],"version-history":[{"count":1,"href":"https:\/\/agora.xtec.cat\/inslopladurgell-bellpuig\/wp-json\/wp\/v2\/posts\/2871\/revisions"}],"predecessor-version":[{"id":2882,"href":"https:\/\/agora.xtec.cat\/inslopladurgell-bellpuig\/wp-json\/wp\/v2\/posts\/2871\/revisions\/2882"}],"wp:featuredmedia":[{"embeddable":true,"href":"https:\/\/agora.xtec.cat\/inslopladurgell-bellpuig\/wp-json\/wp\/v2\/media\/2881"}],"wp:attachment":[{"href":"https:\/\/agora.xtec.cat\/inslopladurgell-bellpuig\/wp-json\/wp\/v2\/media?parent=2871"}],"wp:term":[{"taxonomy":"category","embeddable":true,"href":"https:\/\/agora.xtec.cat\/inslopladurgell-bellpuig\/wp-json\/wp\/v2\/categories?post=2871"},{"taxonomy":"post_tag","embeddable":true,"href":"https:\/\/agora.xtec.cat\/inslopladurgell-bellpuig\/wp-json\/wp\/v2\/tags?post=2871"}],"curies":[{"name":"wp","href":"https:\/\/api.w.org\/{rel}","templated":true}]}}