{"id":2297,"date":"2022-06-02T16:44:03","date_gmt":"2022-06-02T14:44:03","guid":{"rendered":"https:\/\/agora.xtec.cat\/inslopladurgell-bellpuig\/?p=2297"},"modified":"2022-06-20T07:59:48","modified_gmt":"2022-06-20T05:59:48","slug":"taller-de-contes-1r-eso","status":"publish","type":"post","link":"https:\/\/agora.xtec.cat\/inslopladurgell-bellpuig\/general\/taller-de-contes-1r-eso\/","title":{"rendered":"Taller de contes. 1r ESO."},"content":{"rendered":"<table style=\"border-collapse: collapse; width: 100%;\">\n<tbody>\n<tr>\n<td style=\"width: 33.3333%;\"><a href=\"https:\/\/agora.xtec.cat\/inslopladurgell-bellpuig\/eso\/taller-de-contes-1r-eso\/attachment\/1-2\/\" rel=\"attachment wp-att-2298\"><img loading=\"lazy\" decoding=\"async\" class=\"alignnone size-large wp-image-2298\" src=\"https:\/\/agora.xtec.cat\/inslopladurgell-bellpuig\/wp-content\/uploads\/usu2019\/2022\/06\/1-1024x768.jpg\" alt=\"\" width=\"1024\" height=\"768\" srcset=\"https:\/\/agora.xtec.cat\/inslopladurgell-bellpuig\/wp-content\/uploads\/usu2019\/2022\/06\/1-1024x768.jpg 1024w, https:\/\/agora.xtec.cat\/inslopladurgell-bellpuig\/wp-content\/uploads\/usu2019\/2022\/06\/1-300x225.jpg 300w, https:\/\/agora.xtec.cat\/inslopladurgell-bellpuig\/wp-content\/uploads\/usu2019\/2022\/06\/1-768x576.jpg 768w, https:\/\/agora.xtec.cat\/inslopladurgell-bellpuig\/wp-content\/uploads\/usu2019\/2022\/06\/1-1536x1152.jpg 1536w, https:\/\/agora.xtec.cat\/inslopladurgell-bellpuig\/wp-content\/uploads\/usu2019\/2022\/06\/1-200x150.jpg 200w, https:\/\/agora.xtec.cat\/inslopladurgell-bellpuig\/wp-content\/uploads\/usu2019\/2022\/06\/1.jpg 2000w\" sizes=\"auto, (max-width: 1024px) 100vw, 1024px\" \/><\/a><\/td>\n<td style=\"width: 33.3333%;\"><a href=\"https:\/\/agora.xtec.cat\/inslopladurgell-bellpuig\/eso\/taller-de-contes-1r-eso\/attachment\/3-2\/\" rel=\"attachment wp-att-2300\"><img loading=\"lazy\" decoding=\"async\" class=\"alignnone size-large wp-image-2300\" src=\"https:\/\/agora.xtec.cat\/inslopladurgell-bellpuig\/wp-content\/uploads\/usu2019\/2022\/06\/3-1024x768.jpg\" alt=\"\" width=\"1024\" height=\"768\" srcset=\"https:\/\/agora.xtec.cat\/inslopladurgell-bellpuig\/wp-content\/uploads\/usu2019\/2022\/06\/3-1024x768.jpg 1024w, https:\/\/agora.xtec.cat\/inslopladurgell-bellpuig\/wp-content\/uploads\/usu2019\/2022\/06\/3-300x225.jpg 300w, https:\/\/agora.xtec.cat\/inslopladurgell-bellpuig\/wp-content\/uploads\/usu2019\/2022\/06\/3-768x576.jpg 768w, https:\/\/agora.xtec.cat\/inslopladurgell-bellpuig\/wp-content\/uploads\/usu2019\/2022\/06\/3-1536x1152.jpg 1536w, https:\/\/agora.xtec.cat\/inslopladurgell-bellpuig\/wp-content\/uploads\/usu2019\/2022\/06\/3-200x150.jpg 200w, https:\/\/agora.xtec.cat\/inslopladurgell-bellpuig\/wp-content\/uploads\/usu2019\/2022\/06\/3.jpg 2000w\" sizes=\"auto, (max-width: 1024px) 100vw, 1024px\" \/><\/a><\/td>\n<td style=\"width: 33.3333%;\"><a href=\"https:\/\/agora.xtec.cat\/inslopladurgell-bellpuig\/eso\/taller-de-contes-1r-eso\/attachment\/5-2\/\" rel=\"attachment wp-att-2302\"><img loading=\"lazy\" decoding=\"async\" class=\"alignnone size-large wp-image-2302\" src=\"https:\/\/agora.xtec.cat\/inslopladurgell-bellpuig\/wp-content\/uploads\/usu2019\/2022\/06\/5-1024x768.jpg\" alt=\"\" width=\"1024\" height=\"768\" srcset=\"https:\/\/agora.xtec.cat\/inslopladurgell-bellpuig\/wp-content\/uploads\/usu2019\/2022\/06\/5-1024x768.jpg 1024w, https:\/\/agora.xtec.cat\/inslopladurgell-bellpuig\/wp-content\/uploads\/usu2019\/2022\/06\/5-300x225.jpg 300w, https:\/\/agora.xtec.cat\/inslopladurgell-bellpuig\/wp-content\/uploads\/usu2019\/2022\/06\/5-768x576.jpg 768w, https:\/\/agora.xtec.cat\/inslopladurgell-bellpuig\/wp-content\/uploads\/usu2019\/2022\/06\/5-1536x1152.jpg 1536w, https:\/\/agora.xtec.cat\/inslopladurgell-bellpuig\/wp-content\/uploads\/usu2019\/2022\/06\/5-200x150.jpg 200w, https:\/\/agora.xtec.cat\/inslopladurgell-bellpuig\/wp-content\/uploads\/usu2019\/2022\/06\/5.jpg 2000w\" sizes=\"auto, (max-width: 1024px) 100vw, 1024px\" \/><\/a><\/td>\n<\/tr>\n<tr>\n<td style=\"width: 33.3333%;\"><a href=\"https:\/\/agora.xtec.cat\/inslopladurgell-bellpuig\/eso\/taller-de-contes-1r-eso\/attachment\/6-2\/\" rel=\"attachment wp-att-2303\"><img loading=\"lazy\" decoding=\"async\" class=\"wp-image-2303 aligncenter\" src=\"https:\/\/agora.xtec.cat\/inslopladurgell-bellpuig\/wp-content\/uploads\/usu2019\/2022\/06\/6-768x1024.jpg\" alt=\"\" width=\"185\" height=\"247\" srcset=\"https:\/\/agora.xtec.cat\/inslopladurgell-bellpuig\/wp-content\/uploads\/usu2019\/2022\/06\/6-768x1024.jpg 768w, https:\/\/agora.xtec.cat\/inslopladurgell-bellpuig\/wp-content\/uploads\/usu2019\/2022\/06\/6-225x300.jpg 225w, https:\/\/agora.xtec.cat\/inslopladurgell-bellpuig\/wp-content\/uploads\/usu2019\/2022\/06\/6-1152x1536.jpg 1152w, https:\/\/agora.xtec.cat\/inslopladurgell-bellpuig\/wp-content\/uploads\/usu2019\/2022\/06\/6.jpg 1500w\" sizes=\"auto, (max-width: 185px) 100vw, 185px\" \/><\/a><\/td>\n<td style=\"width: 33.3333%;\"><a href=\"https:\/\/agora.xtec.cat\/inslopladurgell-bellpuig\/eso\/taller-de-contes-1r-eso\/attachment\/2-3\/\" rel=\"attachment wp-att-2299\"><img loading=\"lazy\" decoding=\"async\" class=\"alignnone size-large wp-image-2299\" src=\"https:\/\/agora.xtec.cat\/inslopladurgell-bellpuig\/wp-content\/uploads\/usu2019\/2022\/06\/2-1024x768.jpg\" alt=\"\" width=\"1024\" height=\"768\" srcset=\"https:\/\/agora.xtec.cat\/inslopladurgell-bellpuig\/wp-content\/uploads\/usu2019\/2022\/06\/2-1024x768.jpg 1024w, https:\/\/agora.xtec.cat\/inslopladurgell-bellpuig\/wp-content\/uploads\/usu2019\/2022\/06\/2-300x225.jpg 300w, https:\/\/agora.xtec.cat\/inslopladurgell-bellpuig\/wp-content\/uploads\/usu2019\/2022\/06\/2-768x576.jpg 768w, https:\/\/agora.xtec.cat\/inslopladurgell-bellpuig\/wp-content\/uploads\/usu2019\/2022\/06\/2-1536x1152.jpg 1536w, https:\/\/agora.xtec.cat\/inslopladurgell-bellpuig\/wp-content\/uploads\/usu2019\/2022\/06\/2-200x150.jpg 200w, https:\/\/agora.xtec.cat\/inslopladurgell-bellpuig\/wp-content\/uploads\/usu2019\/2022\/06\/2.jpg 2000w\" sizes=\"auto, (max-width: 1024px) 100vw, 1024px\" \/><\/a><\/td>\n<td style=\"width: 33.3333%;\"><a href=\"https:\/\/agora.xtec.cat\/inslopladurgell-bellpuig\/eso\/taller-de-contes-1r-eso\/attachment\/4-3\/\" rel=\"attachment wp-att-2301\"><img loading=\"lazy\" decoding=\"async\" class=\"alignnone size-large wp-image-2301\" src=\"https:\/\/agora.xtec.cat\/inslopladurgell-bellpuig\/wp-content\/uploads\/usu2019\/2022\/06\/4-1024x768.jpg\" alt=\"\" width=\"1024\" height=\"768\" srcset=\"https:\/\/agora.xtec.cat\/inslopladurgell-bellpuig\/wp-content\/uploads\/usu2019\/2022\/06\/4-1024x768.jpg 1024w, https:\/\/agora.xtec.cat\/inslopladurgell-bellpuig\/wp-content\/uploads\/usu2019\/2022\/06\/4-300x225.jpg 300w, https:\/\/agora.xtec.cat\/inslopladurgell-bellpuig\/wp-content\/uploads\/usu2019\/2022\/06\/4-768x576.jpg 768w, https:\/\/agora.xtec.cat\/inslopladurgell-bellpuig\/wp-content\/uploads\/usu2019\/2022\/06\/4-1536x1152.jpg 1536w, https:\/\/agora.xtec.cat\/inslopladurgell-bellpuig\/wp-content\/uploads\/usu2019\/2022\/06\/4-200x150.jpg 200w, https:\/\/agora.xtec.cat\/inslopladurgell-bellpuig\/wp-content\/uploads\/usu2019\/2022\/06\/4.jpg 2000w\" sizes=\"auto, (max-width: 1024px) 100vw, 1024px\" \/><\/a><\/td>\n<\/tr>\n<\/tbody>\n<\/table>\n<p><span style=\"font-weight: 400;\">El passat divendres dia 27 de maig, una colla de 24 alumnes de 1r d&#8217;ESO del nostre institut va anar a l&#8217;escola Marinada de Vilanova de Bellpuig per explicar els contes infantils que havien elaborat a classe de catal\u00e0 durant el segon trimestre.<\/span><\/p>\n<p><span style=\"font-weight: 400;\">Amb aquesta activitat acad\u00e8mica, han desenvolupat el gust per llegir i adquirit l\u2019h\u00e0bit lector i la capacitat de comunicar i d\u2019escoltar. Han analitzat els diferents moments i elements d\u2019un conte i, tot seguit, n&#8217;han creat un de forma individual o per parelles, l&#8217;han explicat i dramatitzat a classe abans de fer-ho davant dels infants de P3, P4 i P5 de l&#8217;escola.<\/span><\/p>\n<p><span style=\"font-weight: 400;\">L&#8217;objectiu d&#8217;aquest taller ha estat gaudir de l&#8217;acte de creaci\u00f3 liter\u00e0ria a banda de ser capa\u00e7os d&#8217;explicar contes infantils de creaci\u00f3 pr\u00f2pia o aliena a infants de parvulari.<\/span><\/p>\n<p><span style=\"font-weight: 400;\">El resultat final ha estat fant\u00e0stic! Moltes gr\u00e0cies a tots i a totes!<\/span><\/p>\n","protected":false},"excerpt":{"rendered":"<p><a href=\"https:\/\/agora.xtec.cat\/inslopladurgell-bellpuig\/eso\/taller-de-contes-1r-eso\/attachment\/1-2\/\" rel=\"attachment wp-att-2298\"><\/a><br \/>\n<a href=\"https:\/\/agora.xtec.cat\/inslopladurgell-bellpuig\/eso\/taller-de-contes-1r-eso\/attachment\/3-2\/\" rel=\"attachment wp-att-2300\"><\/a><br \/>\n<a href=\"https:\/\/agora.xtec.cat\/inslopladurgell-bellpuig\/eso\/taller-de-contes-1r-eso\/attachment\/5-2\/\" rel=\"attachment wp-att-2302\"><\/a><\/p>\n<p><a href=\"https:\/\/agora.xtec.cat\/inslopladurgell-bellpuig\/eso\/taller-de-contes-1r-eso\/attachment\/6-2\/\" rel=\"attachment wp-att-2303\"><\/a><br \/>\n<a href=\"https:\/\/agora.xtec.cat\/inslopladurgell-bellpuig\/eso\/taller-de-contes-1r-eso\/attachment\/2-3\/\" rel=\"attachment wp-att-2299\"><\/a><br \/>\n<a href=\"https:\/\/agora.xtec.cat\/inslopladurgell-bellpuig\/eso\/taller-de-contes-1r-eso\/attachment\/4-3\/\" rel=\"attachment wp-att-2301\"><\/a><\/p>\n<p>El passat divendres dia 27 de maig, una colla de 24 alumnes de 1r d&#8217;ESO del nostre institut va anar a l&#8217;escola Marinada de Vilanova de Bellpuig&hellip;  <a href=\"https:\/\/agora.xtec.cat\/inslopladurgell-bellpuig\/general\/taller-de-contes-1r-eso\/\" title=\"Read Taller de contes. 1r ESO.\">Llegeix m\u00e9s\u00bb<\/a><\/p>\n","protected":false},"author":7,"featured_media":2301,"comment_status":"closed","ping_status":"closed","sticky":false,"template":"","format":"standard","meta":{"_bbp_topic_count":0,"_bbp_reply_count":0,"_bbp_total_topic_count":0,"_bbp_total_reply_count":0,"_bbp_voice_count":0,"_bbp_anonymous_reply_count":0,"_bbp_topic_count_hidden":0,"_bbp_reply_count_hidden":0,"_bbp_forum_subforum_count":0,"footnotes":""},"categories":[4,3,1,29],"tags":[],"class_list":["post-2297","post","type-post","status-publish","format-standard","has-post-thumbnail","hentry","category-eso-1","category-eso","category-general","category-portada"],"post_mailing_queue_ids":[],"_links":{"self":[{"href":"https:\/\/agora.xtec.cat\/inslopladurgell-bellpuig\/wp-json\/wp\/v2\/posts\/2297","targetHints":{"allow":["GET"]}}],"collection":[{"href":"https:\/\/agora.xtec.cat\/inslopladurgell-bellpuig\/wp-json\/wp\/v2\/posts"}],"about":[{"href":"https:\/\/agora.xtec.cat\/inslopladurgell-bellpuig\/wp-json\/wp\/v2\/types\/post"}],"author":[{"embeddable":true,"href":"https:\/\/agora.xtec.cat\/inslopladurgell-bellpuig\/wp-json\/wp\/v2\/users\/7"}],"replies":[{"embeddable":true,"href":"https:\/\/agora.xtec.cat\/inslopladurgell-bellpuig\/wp-json\/wp\/v2\/comments?post=2297"}],"version-history":[{"count":3,"href":"https:\/\/agora.xtec.cat\/inslopladurgell-bellpuig\/wp-json\/wp\/v2\/posts\/2297\/revisions"}],"predecessor-version":[{"id":2306,"href":"https:\/\/agora.xtec.cat\/inslopladurgell-bellpuig\/wp-json\/wp\/v2\/posts\/2297\/revisions\/2306"}],"wp:featuredmedia":[{"embeddable":true,"href":"https:\/\/agora.xtec.cat\/inslopladurgell-bellpuig\/wp-json\/wp\/v2\/media\/2301"}],"wp:attachment":[{"href":"https:\/\/agora.xtec.cat\/inslopladurgell-bellpuig\/wp-json\/wp\/v2\/media?parent=2297"}],"wp:term":[{"taxonomy":"category","embeddable":true,"href":"https:\/\/agora.xtec.cat\/inslopladurgell-bellpuig\/wp-json\/wp\/v2\/categories?post=2297"},{"taxonomy":"post_tag","embeddable":true,"href":"https:\/\/agora.xtec.cat\/inslopladurgell-bellpuig\/wp-json\/wp\/v2\/tags?post=2297"}],"curies":[{"name":"wp","href":"https:\/\/api.w.org\/{rel}","templated":true}]}}