{"id":2027,"date":"2022-03-17T17:27:52","date_gmt":"2022-03-17T16:27:52","guid":{"rendered":"https:\/\/agora.xtec.cat\/inslopladurgell-bellpuig\/?p=2027"},"modified":"2022-03-17T17:43:33","modified_gmt":"2022-03-17T16:43:33","slug":"manuel-ballart-ens-parla-sobre-cada-gra-de-raim","status":"publish","type":"post","link":"https:\/\/agora.xtec.cat\/inslopladurgell-bellpuig\/general\/manuel-ballart-ens-parla-sobre-cada-gra-de-raim\/","title":{"rendered":"Manuel Ballart ens parla sobre \u201cCada gra de ra\u00efm\u201d"},"content":{"rendered":"<p>El 28 de febrer Manuel Ballart, l\u2019escriptor tarragon\u00ed, resident a Castellnou de Seana, va parlar sobre el seu llibre \u201cCada gra de ra\u00efm\u201d a l\u2019alumnat de tercer d\u2019ESO. L\u2019obra se centra en una s\u00e8rie de nois i noies que van entrant en el m\u00f3n de l\u2019adolesc\u00e8ncia a trav\u00e9s de diferents hist\u00f2ries. L\u2019any 2016 \u201cCada gra de ra\u00efm\u201d va guanyar el Premi Lazarillo de narrativa juvenil, d\u2019abast estatal.<\/p>\n<p><a href=\"https:\/\/agora.xtec.cat\/inslopladurgell-bellpuig\/general\/manuel-ballart-ens-parla-sobre-cada-gra-de-raim\/attachment\/manuel-ballart-1\/\" rel=\"attachment wp-att-2028\"><img loading=\"lazy\" decoding=\"async\" class=\"alignnone wp-image-2028\" src=\"https:\/\/agora.xtec.cat\/inslopladurgell-bellpuig\/wp-content\/uploads\/usu2019\/2022\/03\/Manuel-Ballart-1-1024x768.jpg\" alt=\"\" width=\"488\" height=\"366\" srcset=\"https:\/\/agora.xtec.cat\/inslopladurgell-bellpuig\/wp-content\/uploads\/usu2019\/2022\/03\/Manuel-Ballart-1-1024x768.jpg 1024w, https:\/\/agora.xtec.cat\/inslopladurgell-bellpuig\/wp-content\/uploads\/usu2019\/2022\/03\/Manuel-Ballart-1-300x225.jpg 300w, https:\/\/agora.xtec.cat\/inslopladurgell-bellpuig\/wp-content\/uploads\/usu2019\/2022\/03\/Manuel-Ballart-1-768x576.jpg 768w, https:\/\/agora.xtec.cat\/inslopladurgell-bellpuig\/wp-content\/uploads\/usu2019\/2022\/03\/Manuel-Ballart-1-1536x1152.jpg 1536w, https:\/\/agora.xtec.cat\/inslopladurgell-bellpuig\/wp-content\/uploads\/usu2019\/2022\/03\/Manuel-Ballart-1-200x150.jpg 200w, https:\/\/agora.xtec.cat\/inslopladurgell-bellpuig\/wp-content\/uploads\/usu2019\/2022\/03\/Manuel-Ballart-1.jpg 2000w\" sizes=\"auto, (max-width: 488px) 100vw, 488px\" \/><\/a> <a href=\"https:\/\/agora.xtec.cat\/inslopladurgell-bellpuig\/general\/manuel-ballart-ens-parla-sobre-cada-gra-de-raim\/attachment\/manuel-ballart-2\/\" rel=\"attachment wp-att-2029\"><img loading=\"lazy\" decoding=\"async\" class=\"alignnone wp-image-2029\" src=\"https:\/\/agora.xtec.cat\/inslopladurgell-bellpuig\/wp-content\/uploads\/usu2019\/2022\/03\/manuel-Ballart-2-1024x768.jpg\" alt=\"\" width=\"489\" height=\"366\" srcset=\"https:\/\/agora.xtec.cat\/inslopladurgell-bellpuig\/wp-content\/uploads\/usu2019\/2022\/03\/manuel-Ballart-2-1024x768.jpg 1024w, https:\/\/agora.xtec.cat\/inslopladurgell-bellpuig\/wp-content\/uploads\/usu2019\/2022\/03\/manuel-Ballart-2-300x225.jpg 300w, https:\/\/agora.xtec.cat\/inslopladurgell-bellpuig\/wp-content\/uploads\/usu2019\/2022\/03\/manuel-Ballart-2-768x576.jpg 768w, https:\/\/agora.xtec.cat\/inslopladurgell-bellpuig\/wp-content\/uploads\/usu2019\/2022\/03\/manuel-Ballart-2-1536x1152.jpg 1536w, https:\/\/agora.xtec.cat\/inslopladurgell-bellpuig\/wp-content\/uploads\/usu2019\/2022\/03\/manuel-Ballart-2-200x150.jpg 200w, https:\/\/agora.xtec.cat\/inslopladurgell-bellpuig\/wp-content\/uploads\/usu2019\/2022\/03\/manuel-Ballart-2.jpg 2000w\" sizes=\"auto, (max-width: 489px) 100vw, 489px\" \/><\/a><\/p>\n","protected":false},"excerpt":{"rendered":"<p>El 28 de febrer Manuel Ballart, l\u2019escriptor tarragon\u00ed, resident a Castellnou de Seana, va parlar sobre el seu llibre \u201cCada gra de ra\u00efm\u201d a l\u2019alumnat de tercer d\u2019ESO. L\u2019obra se centra en una s\u00e8rie de nois i noies que van entrant en el m\u00f3n de&hellip;  <a href=\"https:\/\/agora.xtec.cat\/inslopladurgell-bellpuig\/general\/manuel-ballart-ens-parla-sobre-cada-gra-de-raim\/\" title=\"Read Manuel Ballart ens parla sobre \u201cCada gra de ra\u00efm\u201d\">Llegeix m\u00e9s\u00bb<\/a><\/p>\n","protected":false},"author":7,"featured_media":2039,"comment_status":"closed","ping_status":"closed","sticky":false,"template":"","format":"standard","meta":{"_bbp_topic_count":0,"_bbp_reply_count":0,"_bbp_total_topic_count":0,"_bbp_total_reply_count":0,"_bbp_voice_count":0,"_bbp_anonymous_reply_count":0,"_bbp_topic_count_hidden":0,"_bbp_reply_count_hidden":0,"_bbp_forum_subforum_count":0,"footnotes":""},"categories":[6,3,1,29],"tags":[],"class_list":["post-2027","post","type-post","status-publish","format-standard","has-post-thumbnail","hentry","category-eso-3","category-eso","category-general","category-portada"],"post_mailing_queue_ids":[],"_links":{"self":[{"href":"https:\/\/agora.xtec.cat\/inslopladurgell-bellpuig\/wp-json\/wp\/v2\/posts\/2027","targetHints":{"allow":["GET"]}}],"collection":[{"href":"https:\/\/agora.xtec.cat\/inslopladurgell-bellpuig\/wp-json\/wp\/v2\/posts"}],"about":[{"href":"https:\/\/agora.xtec.cat\/inslopladurgell-bellpuig\/wp-json\/wp\/v2\/types\/post"}],"author":[{"embeddable":true,"href":"https:\/\/agora.xtec.cat\/inslopladurgell-bellpuig\/wp-json\/wp\/v2\/users\/7"}],"replies":[{"embeddable":true,"href":"https:\/\/agora.xtec.cat\/inslopladurgell-bellpuig\/wp-json\/wp\/v2\/comments?post=2027"}],"version-history":[{"count":2,"href":"https:\/\/agora.xtec.cat\/inslopladurgell-bellpuig\/wp-json\/wp\/v2\/posts\/2027\/revisions"}],"predecessor-version":[{"id":2032,"href":"https:\/\/agora.xtec.cat\/inslopladurgell-bellpuig\/wp-json\/wp\/v2\/posts\/2027\/revisions\/2032"}],"wp:featuredmedia":[{"embeddable":true,"href":"https:\/\/agora.xtec.cat\/inslopladurgell-bellpuig\/wp-json\/wp\/v2\/media\/2039"}],"wp:attachment":[{"href":"https:\/\/agora.xtec.cat\/inslopladurgell-bellpuig\/wp-json\/wp\/v2\/media?parent=2027"}],"wp:term":[{"taxonomy":"category","embeddable":true,"href":"https:\/\/agora.xtec.cat\/inslopladurgell-bellpuig\/wp-json\/wp\/v2\/categories?post=2027"},{"taxonomy":"post_tag","embeddable":true,"href":"https:\/\/agora.xtec.cat\/inslopladurgell-bellpuig\/wp-json\/wp\/v2\/tags?post=2027"}],"curies":[{"name":"wp","href":"https:\/\/api.w.org\/{rel}","templated":true}]}}