{"id":1810,"date":"2022-01-20T18:25:14","date_gmt":"2022-01-20T17:25:14","guid":{"rendered":"https:\/\/agora.xtec.cat\/inslopladurgell-bellpuig\/?p=1810"},"modified":"2022-01-20T18:32:18","modified_gmt":"2022-01-20T17:32:18","slug":"dia-europeu-de-la-mediacio","status":"publish","type":"post","link":"https:\/\/agora.xtec.cat\/inslopladurgell-bellpuig\/general\/dia-europeu-de-la-mediacio\/","title":{"rendered":"Dia Europeu de la Mediaci\u00f3"},"content":{"rendered":"<p><span style=\"font-weight: 400;\">El 21 de gener se celebra el dia Europeu de la Mediaci\u00f3, coincidint amb l\u2019aniversari de\u00a0 l&#8217;aprovaci\u00f3 pel Comit\u00e8 de Ministres del Consell d&#8217;Europa de la 1a Recomanaci\u00f3 n\u00fam. R (98) 1, sobre mediaci\u00f3 familiar.<\/span><\/p>\n<p><span style=\"font-weight: 400;\">Per aquest motiu, l\u2019equip de mediadors del centre ha volgut compartir amb tota la comunitat educativa unes reflexions al voltant d\u2019aquest servei per tal que tots coneguem d\u2019una forma m\u00e9s \u00e0mplia en qu\u00e8 consisteix el servei que realitzen i els seus avantatges.\u00a0<\/span><\/p>\n<p><span style=\"font-weight: 400;\">Us deixo amb les seves paraules que de ben segur seran enriquidores per a tots!<\/span><\/p>\n<p style=\"text-align: center;\">Fes un\u00a0clic\u00a0en la imatge per veure el v\u00eddeo.<br \/>\n<a href=\"https:\/\/drive.google.com\/file\/d\/1Qf9Lv4fTfZI6JjUl0dysxYu3-qd8tznX\/view?usp=sharing\"><img loading=\"lazy\" decoding=\"async\" class=\"aligncenter wp-image-1813\" src=\"https:\/\/agora.xtec.cat\/inslopladurgell-bellpuig\/wp-content\/uploads\/usu2019\/2022\/01\/Mediacio-1.png\" alt=\"\" width=\"244\" height=\"365\" srcset=\"https:\/\/agora.xtec.cat\/inslopladurgell-bellpuig\/wp-content\/uploads\/usu2019\/2022\/01\/Mediacio-1.png 362w, https:\/\/agora.xtec.cat\/inslopladurgell-bellpuig\/wp-content\/uploads\/usu2019\/2022\/01\/Mediacio-1-200x300.png 200w\" sizes=\"auto, (max-width: 244px) 100vw, 244px\" \/><\/a><\/p>\n<p><span style=\"font-weight: 400;\">Laura Visa Bagu\u00e9<\/span><\/p>\n<p><span style=\"font-weight: 400;\">Coordinadora del Servei de Mediaci\u00f3 de l\u2019INS Lo Pla d\u2019Urgell<\/span><\/p>\n","protected":false},"excerpt":{"rendered":"<p>El 21 de gener se celebra el dia Europeu de la Mediaci\u00f3, coincidint amb l\u2019aniversari de\u00a0 l&#8217;aprovaci\u00f3 pel Comit\u00e8 de Ministres del Consell d&#8217;Europa de la 1a Recomanaci\u00f3 n\u00fam. R (98) 1, sobre mediaci\u00f3 familiar.<br \/>\nPer aquest motiu, l\u2019equip de mediadors del centre ha volgut compartir&hellip;  <a href=\"https:\/\/agora.xtec.cat\/inslopladurgell-bellpuig\/general\/dia-europeu-de-la-mediacio\/\" title=\"Read Dia Europeu de la Mediaci\u00f3\">Llegeix m\u00e9s\u00bb<\/a><\/p>\n","protected":false},"author":7,"featured_media":1811,"comment_status":"closed","ping_status":"closed","sticky":false,"template":"","format":"standard","meta":{"_bbp_topic_count":0,"_bbp_reply_count":0,"_bbp_total_topic_count":0,"_bbp_total_reply_count":0,"_bbp_voice_count":0,"_bbp_anonymous_reply_count":0,"_bbp_topic_count_hidden":0,"_bbp_reply_count_hidden":0,"_bbp_forum_subforum_count":0,"footnotes":""},"categories":[8,3,1,29],"tags":[],"class_list":["post-1810","post","type-post","status-publish","format-standard","has-post-thumbnail","hentry","category-batxillerat","category-eso","category-general","category-portada"],"post_mailing_queue_ids":[],"_links":{"self":[{"href":"https:\/\/agora.xtec.cat\/inslopladurgell-bellpuig\/wp-json\/wp\/v2\/posts\/1810","targetHints":{"allow":["GET"]}}],"collection":[{"href":"https:\/\/agora.xtec.cat\/inslopladurgell-bellpuig\/wp-json\/wp\/v2\/posts"}],"about":[{"href":"https:\/\/agora.xtec.cat\/inslopladurgell-bellpuig\/wp-json\/wp\/v2\/types\/post"}],"author":[{"embeddable":true,"href":"https:\/\/agora.xtec.cat\/inslopladurgell-bellpuig\/wp-json\/wp\/v2\/users\/7"}],"replies":[{"embeddable":true,"href":"https:\/\/agora.xtec.cat\/inslopladurgell-bellpuig\/wp-json\/wp\/v2\/comments?post=1810"}],"version-history":[{"count":3,"href":"https:\/\/agora.xtec.cat\/inslopladurgell-bellpuig\/wp-json\/wp\/v2\/posts\/1810\/revisions"}],"predecessor-version":[{"id":1815,"href":"https:\/\/agora.xtec.cat\/inslopladurgell-bellpuig\/wp-json\/wp\/v2\/posts\/1810\/revisions\/1815"}],"wp:featuredmedia":[{"embeddable":true,"href":"https:\/\/agora.xtec.cat\/inslopladurgell-bellpuig\/wp-json\/wp\/v2\/media\/1811"}],"wp:attachment":[{"href":"https:\/\/agora.xtec.cat\/inslopladurgell-bellpuig\/wp-json\/wp\/v2\/media?parent=1810"}],"wp:term":[{"taxonomy":"category","embeddable":true,"href":"https:\/\/agora.xtec.cat\/inslopladurgell-bellpuig\/wp-json\/wp\/v2\/categories?post=1810"},{"taxonomy":"post_tag","embeddable":true,"href":"https:\/\/agora.xtec.cat\/inslopladurgell-bellpuig\/wp-json\/wp\/v2\/tags?post=1810"}],"curies":[{"name":"wp","href":"https:\/\/api.w.org\/{rel}","templated":true}]}}