{"id":1686,"date":"2021-11-28T13:01:29","date_gmt":"2021-11-28T12:01:29","guid":{"rendered":"https:\/\/agora.xtec.cat\/inslopladurgell-bellpuig\/?p=1686"},"modified":"2022-02-10T18:57:50","modified_gmt":"2022-02-10T17:57:50","slug":"campanya-de-divulgacio-i-sensibilitzacio-de-la-marato-2021","status":"publish","type":"post","link":"https:\/\/agora.xtec.cat\/inslopladurgell-bellpuig\/general\/campanya-de-divulgacio-i-sensibilitzacio-de-la-marato-2021\/","title":{"rendered":"Campanya de divulgaci\u00f3 i sensibilitzaci\u00f3 de La Marat\u00f3 2021"},"content":{"rendered":"<p><span style=\"font-weight: 400;\">El passat 25 de novembre, els alumnes de l\u2019ESO van ser part\u00edcips d\u2019una de les moltes sessions divulgatives, en<\/span> <span style=\"font-weight: 400;\">format telem\u00e0tic, d\u2019un professional de la salut per informar-los de les malalties tractades aquest any al programa de La Marat\u00f3.\u00a0<\/span><\/p>\n<p><span style=\"font-weight: 400;\">Aquestes sessions formen part de la campanya de divulgaci\u00f3 i sensibilitzaci\u00f3 i tenen com a objectiu acostar els joves a la realitat m\u00e8dica i humana de la salut mental i despertar el seu esperit solidari envers les persones afectades i les seves fam\u00edlies.\u00a0<\/span><\/p>\n<p><span style=\"font-weight: 400;\">Fins al dijous 2 de desembre, es far\u00e0 una recollida d\u2019una donaci\u00f3 de 1 euro solidari per alumne. Aquest donatiu \u00e9s totalment voluntari.\u00a0<\/span><\/p>\n<p><a href=\"https:\/\/agora.xtec.cat\/inslopladurgell-bellpuig\/wp-content\/uploads\/usu2019\/2021\/11\/la-marato.jpg\"><img loading=\"lazy\" decoding=\"async\" class=\"wp-image-1687 aligncenter\" src=\"https:\/\/agora.xtec.cat\/inslopladurgell-bellpuig\/wp-content\/uploads\/usu2019\/2021\/11\/la-marato.jpg\" alt=\"\" width=\"538\" height=\"304\" srcset=\"https:\/\/agora.xtec.cat\/inslopladurgell-bellpuig\/wp-content\/uploads\/usu2019\/2021\/11\/la-marato.jpg 888w, https:\/\/agora.xtec.cat\/inslopladurgell-bellpuig\/wp-content\/uploads\/usu2019\/2021\/11\/la-marato-300x170.jpg 300w, https:\/\/agora.xtec.cat\/inslopladurgell-bellpuig\/wp-content\/uploads\/usu2019\/2021\/11\/la-marato-768x434.jpg 768w\" sizes=\"auto, (max-width: 538px) 100vw, 538px\" \/><\/a><\/p>\n","protected":false},"excerpt":{"rendered":"<p>El passat 25 de novembre, els alumnes de l\u2019ESO van ser part\u00edcips d\u2019una de les moltes sessions divulgatives, en format telem\u00e0tic, d\u2019un professional de la salut per informar-los de les malalties tractades aquest any al programa de La Marat\u00f3.\u00a0<br \/>\nAquestes sessions formen part de la campanya&hellip;  <a href=\"https:\/\/agora.xtec.cat\/inslopladurgell-bellpuig\/general\/campanya-de-divulgacio-i-sensibilitzacio-de-la-marato-2021\/\" title=\"Read Campanya de divulgaci\u00f3 i sensibilitzaci\u00f3 de La Marat\u00f3 2021\">Llegeix m\u00e9s\u00bb<\/a><\/p>\n","protected":false},"author":7,"featured_media":1688,"comment_status":"closed","ping_status":"closed","sticky":false,"template":"","format":"standard","meta":{"_bbp_topic_count":0,"_bbp_reply_count":0,"_bbp_total_topic_count":0,"_bbp_total_reply_count":0,"_bbp_voice_count":0,"_bbp_anonymous_reply_count":0,"_bbp_topic_count_hidden":0,"_bbp_reply_count_hidden":0,"_bbp_forum_subforum_count":0,"footnotes":""},"categories":[3,1,114,29],"tags":[],"class_list":["post-1686","post","type-post","status-publish","format-standard","has-post-thumbnail","hentry","category-eso","category-general","category-tutoria","category-portada"],"post_mailing_queue_ids":[],"_links":{"self":[{"href":"https:\/\/agora.xtec.cat\/inslopladurgell-bellpuig\/wp-json\/wp\/v2\/posts\/1686","targetHints":{"allow":["GET"]}}],"collection":[{"href":"https:\/\/agora.xtec.cat\/inslopladurgell-bellpuig\/wp-json\/wp\/v2\/posts"}],"about":[{"href":"https:\/\/agora.xtec.cat\/inslopladurgell-bellpuig\/wp-json\/wp\/v2\/types\/post"}],"author":[{"embeddable":true,"href":"https:\/\/agora.xtec.cat\/inslopladurgell-bellpuig\/wp-json\/wp\/v2\/users\/7"}],"replies":[{"embeddable":true,"href":"https:\/\/agora.xtec.cat\/inslopladurgell-bellpuig\/wp-json\/wp\/v2\/comments?post=1686"}],"version-history":[{"count":2,"href":"https:\/\/agora.xtec.cat\/inslopladurgell-bellpuig\/wp-json\/wp\/v2\/posts\/1686\/revisions"}],"predecessor-version":[{"id":1690,"href":"https:\/\/agora.xtec.cat\/inslopladurgell-bellpuig\/wp-json\/wp\/v2\/posts\/1686\/revisions\/1690"}],"wp:featuredmedia":[{"embeddable":true,"href":"https:\/\/agora.xtec.cat\/inslopladurgell-bellpuig\/wp-json\/wp\/v2\/media\/1688"}],"wp:attachment":[{"href":"https:\/\/agora.xtec.cat\/inslopladurgell-bellpuig\/wp-json\/wp\/v2\/media?parent=1686"}],"wp:term":[{"taxonomy":"category","embeddable":true,"href":"https:\/\/agora.xtec.cat\/inslopladurgell-bellpuig\/wp-json\/wp\/v2\/categories?post=1686"},{"taxonomy":"post_tag","embeddable":true,"href":"https:\/\/agora.xtec.cat\/inslopladurgell-bellpuig\/wp-json\/wp\/v2\/tags?post=1686"}],"curies":[{"name":"wp","href":"https:\/\/api.w.org\/{rel}","templated":true}]}}