{"id":1406,"date":"2021-06-11T08:39:15","date_gmt":"2021-06-11T06:39:15","guid":{"rendered":"https:\/\/agora.xtec.cat\/inslopladurgell-bellpuig\/?p=1406"},"modified":"2021-09-20T18:46:11","modified_gmt":"2021-09-20T16:46:11","slug":"emocions","status":"publish","type":"post","link":"https:\/\/agora.xtec.cat\/inslopladurgell-bellpuig\/general\/emocions\/","title":{"rendered":"EMOCIONS"},"content":{"rendered":"<p align=\"justify\">&#8220;Un dels objectius del departament pret\u00e9n aconseguir fer visible els treballs de l\u2019alumnat, i aix\u00ed donar-los a con\u00e8ixer el m\u00f3n de les exposicions fent un treball en col\u00b7laboraci\u00f3. En aquest cas hem muntat l\u2019exposici\u00f3 \u00abAbecedari de les emocions\u00bb en qu\u00e8, a partir del significat d\u2019emocions i sentiments que se&#8217;ls han proposat, i despr\u00e9s de reflexionar-hi for\u00e7a, han representat primer sobre el pla i despr\u00e9s en composicions volum\u00e8triques que hem situat a la paret del 3<sup>r<\/sup>\u00a0pis.&#8221;<\/p>\n<p><a href=\"https:\/\/drive.google.com\/file\/d\/1KY2qBZp3dfutVlzFpz4ppeyUDao9Htgh\/view?usp=sharing\" target=\"_blank\" rel=\"noopener\"><img loading=\"lazy\" decoding=\"async\" class=\"wp-image-1407 aligncenter\" src=\"https:\/\/agora.xtec.cat\/inslopladurgell-bellpuig\/wp-content\/uploads\/usu2019\/2021\/06\/0-1.jpg\" alt=\"\" width=\"303\" height=\"227\" srcset=\"https:\/\/agora.xtec.cat\/inslopladurgell-bellpuig\/wp-content\/uploads\/usu2019\/2021\/06\/0-1.jpg 480w, https:\/\/agora.xtec.cat\/inslopladurgell-bellpuig\/wp-content\/uploads\/usu2019\/2021\/06\/0-1-300x225.jpg 300w, https:\/\/agora.xtec.cat\/inslopladurgell-bellpuig\/wp-content\/uploads\/usu2019\/2021\/06\/0-1-200x150.jpg 200w\" sizes=\"auto, (max-width: 303px) 100vw, 303px\" \/><\/a><\/p>\n<p>&nbsp;<\/p>\n","protected":false},"excerpt":{"rendered":"<p>&#8220;Un dels objectius del departament pret\u00e9n aconseguir fer visible els treballs de l\u2019alumnat, i aix\u00ed donar-los a con\u00e8ixer el m\u00f3n de les exposicions fent un treball en col\u00b7laboraci\u00f3. En aquest cas hem muntat l\u2019exposici\u00f3 \u00abAbecedari de les emocions\u00bb en qu\u00e8, a partir del significat d\u2019emocions&hellip;  <a href=\"https:\/\/agora.xtec.cat\/inslopladurgell-bellpuig\/general\/emocions\/\" title=\"Read EMOCIONS\">Llegeix m\u00e9s\u00bb<\/a><\/p>\n","protected":false},"author":7,"featured_media":1407,"comment_status":"closed","ping_status":"closed","sticky":false,"template":"","format":"standard","meta":{"_bbp_topic_count":0,"_bbp_reply_count":0,"_bbp_total_topic_count":0,"_bbp_total_reply_count":0,"_bbp_voice_count":0,"_bbp_anonymous_reply_count":0,"_bbp_topic_count_hidden":0,"_bbp_reply_count_hidden":0,"_bbp_forum_subforum_count":0,"footnotes":""},"categories":[3,1,29],"tags":[],"class_list":["post-1406","post","type-post","status-publish","format-standard","has-post-thumbnail","hentry","category-eso","category-general","category-portada"],"post_mailing_queue_ids":[],"_links":{"self":[{"href":"https:\/\/agora.xtec.cat\/inslopladurgell-bellpuig\/wp-json\/wp\/v2\/posts\/1406","targetHints":{"allow":["GET"]}}],"collection":[{"href":"https:\/\/agora.xtec.cat\/inslopladurgell-bellpuig\/wp-json\/wp\/v2\/posts"}],"about":[{"href":"https:\/\/agora.xtec.cat\/inslopladurgell-bellpuig\/wp-json\/wp\/v2\/types\/post"}],"author":[{"embeddable":true,"href":"https:\/\/agora.xtec.cat\/inslopladurgell-bellpuig\/wp-json\/wp\/v2\/users\/7"}],"replies":[{"embeddable":true,"href":"https:\/\/agora.xtec.cat\/inslopladurgell-bellpuig\/wp-json\/wp\/v2\/comments?post=1406"}],"version-history":[{"count":3,"href":"https:\/\/agora.xtec.cat\/inslopladurgell-bellpuig\/wp-json\/wp\/v2\/posts\/1406\/revisions"}],"predecessor-version":[{"id":1515,"href":"https:\/\/agora.xtec.cat\/inslopladurgell-bellpuig\/wp-json\/wp\/v2\/posts\/1406\/revisions\/1515"}],"wp:featuredmedia":[{"embeddable":true,"href":"https:\/\/agora.xtec.cat\/inslopladurgell-bellpuig\/wp-json\/wp\/v2\/media\/1407"}],"wp:attachment":[{"href":"https:\/\/agora.xtec.cat\/inslopladurgell-bellpuig\/wp-json\/wp\/v2\/media?parent=1406"}],"wp:term":[{"taxonomy":"category","embeddable":true,"href":"https:\/\/agora.xtec.cat\/inslopladurgell-bellpuig\/wp-json\/wp\/v2\/categories?post=1406"},{"taxonomy":"post_tag","embeddable":true,"href":"https:\/\/agora.xtec.cat\/inslopladurgell-bellpuig\/wp-json\/wp\/v2\/tags?post=1406"}],"curies":[{"name":"wp","href":"https:\/\/api.w.org\/{rel}","templated":true}]}}