{"id":9965,"date":"2018-11-26T13:30:35","date_gmt":"2018-11-26T12:30:35","guid":{"rendered":"http:\/\/agora.xtec.cat\/insllicamunt2\/?p=9965"},"modified":"2018-11-26T16:10:01","modified_gmt":"2018-11-26T15:10:01","slug":"practica-dexcellencia-vivim-el-tenes","status":"publish","type":"post","link":"https:\/\/agora.xtec.cat\/insllicamunt2\/el-far-dhipatia\/portada\/practica-dexcellencia-vivim-el-tenes\/","title":{"rendered":"Pr\u00e0ctica d&#8217;excel\u00b7l\u00e8ncia. Vivim el Tenes"},"content":{"rendered":"<p>Els Serveis d&#8217;immersi\u00f3 i Acollida ling\u00fc\u00edstica del Departament d&#8217;Ensenyament ha seleccionat la programaci\u00f3 VIVIM EL TENES com a pr\u00e0ctica d&#8217;excel\u00b7l\u00e8ncia educativa en relaci\u00f3 a l ILEC. Doneu un cop d&#8217;ull a aquesta excel\u00b7lent presentaci\u00f3 i jutgeu vosaltres mateixos com a mostra de feina ben feta.<\/p>\n<p>http:\/\/sho.co\/1B33B<\/p>\n<p>&nbsp;<\/p>\n<p>Enhorabona als docents implicats!<\/p>\n","protected":false},"excerpt":{"rendered":"<p>Els Serveis d immersi\u00f3 i Acollida ling\u00fc\u00edstica del Departament d Ensenyament ha seleccionat la programaci\u00f3 VIVIM EL TENES com a pr\u00e0ctica d excel.l\u00e8ncia educativa en relaci\u00f3 a l ILEC<br \/>\nEnhorabona als docents implicats!&hellip;  <a href=\"https:\/\/agora.xtec.cat\/insllicamunt2\/el-far-dhipatia\/portada\/practica-dexcellencia-vivim-el-tenes\/\" title=\"Read Pr\u00e0ctica d&#8217;excel\u00b7l\u00e8ncia. Vivim el Tenes\">Llegeix m\u00e9s\u00bb<\/a><\/p>\n","protected":false},"author":332,"featured_media":0,"comment_status":"open","ping_status":"closed","sticky":false,"template":"","format":"standard","meta":{"_bbp_topic_count":0,"_bbp_reply_count":0,"_bbp_total_topic_count":0,"_bbp_total_reply_count":0,"_bbp_voice_count":0,"_bbp_anonymous_reply_count":0,"_bbp_topic_count_hidden":0,"_bbp_reply_count_hidden":0,"_bbp_forum_subforum_count":0,"footnotes":""},"categories":[94,800,99,1040,29,399],"tags":[806,389],"class_list":["post-9965","post","type-post","status-publish","format-standard","hentry","category-activitats-fora-del-centre","category-apadrinem-el-riu-tenes","category-articles","category-el-far-dhipatia","category-portada","category-projectes","tag-apadrinem-el-tenes","tag-projecte"],"post_mailing_queue_ids":[],"_links":{"self":[{"href":"https:\/\/agora.xtec.cat\/insllicamunt2\/wp-json\/wp\/v2\/posts\/9965","targetHints":{"allow":["GET"]}}],"collection":[{"href":"https:\/\/agora.xtec.cat\/insllicamunt2\/wp-json\/wp\/v2\/posts"}],"about":[{"href":"https:\/\/agora.xtec.cat\/insllicamunt2\/wp-json\/wp\/v2\/types\/post"}],"author":[{"embeddable":true,"href":"https:\/\/agora.xtec.cat\/insllicamunt2\/wp-json\/wp\/v2\/users\/332"}],"replies":[{"embeddable":true,"href":"https:\/\/agora.xtec.cat\/insllicamunt2\/wp-json\/wp\/v2\/comments?post=9965"}],"version-history":[{"count":2,"href":"https:\/\/agora.xtec.cat\/insllicamunt2\/wp-json\/wp\/v2\/posts\/9965\/revisions"}],"predecessor-version":[{"id":9967,"href":"https:\/\/agora.xtec.cat\/insllicamunt2\/wp-json\/wp\/v2\/posts\/9965\/revisions\/9967"}],"wp:attachment":[{"href":"https:\/\/agora.xtec.cat\/insllicamunt2\/wp-json\/wp\/v2\/media?parent=9965"}],"wp:term":[{"taxonomy":"category","embeddable":true,"href":"https:\/\/agora.xtec.cat\/insllicamunt2\/wp-json\/wp\/v2\/categories?post=9965"},{"taxonomy":"post_tag","embeddable":true,"href":"https:\/\/agora.xtec.cat\/insllicamunt2\/wp-json\/wp\/v2\/tags?post=9965"}],"curies":[{"name":"wp","href":"https:\/\/api.w.org\/{rel}","templated":true}]}}