{"id":9669,"date":"2018-05-22T14:48:02","date_gmt":"2018-05-22T12:48:02","guid":{"rendered":"http:\/\/agora.xtec.cat\/insllicamunt2\/?p=9669"},"modified":"2018-05-28T19:11:56","modified_gmt":"2018-05-28T17:11:56","slug":"el-tenes-torna-a-mobilitzar-lhipatia","status":"publish","type":"post","link":"https:\/\/agora.xtec.cat\/insllicamunt2\/no-classificat\/el-tenes-torna-a-mobilitzar-lhipatia\/","title":{"rendered":"El Tenes torna a mobilitzar l&#8217;Hip\u00e0tia"},"content":{"rendered":"<p>El <em>Vivim el Tenes<\/em> ha estat aquest any el projecte que ha mobilitzat tot l&#8217;institut.<\/p>\n<p><a href=\"http:\/\/agora.xtec.cat\/insllicamunt2\/wp-content\/uploads\/usu1100\/2018\/05\/15.jpg\"><img loading=\"lazy\" decoding=\"async\" class=\"alignnone size-large wp-image-9681\" src=\"http:\/\/agora.xtec.cat\/insllicamunt2\/wp-content\/uploads\/usu1100\/2018\/05\/15-1024x498.jpg\" alt=\"\" width=\"1024\" height=\"498\" srcset=\"https:\/\/agora.xtec.cat\/insllicamunt2\/wp-content\/uploads\/usu1100\/2018\/05\/15-1024x498.jpg 1024w, https:\/\/agora.xtec.cat\/insllicamunt2\/wp-content\/uploads\/usu1100\/2018\/05\/15-300x146.jpg 300w, https:\/\/agora.xtec.cat\/insllicamunt2\/wp-content\/uploads\/usu1100\/2018\/05\/15-768x374.jpg 768w, https:\/\/agora.xtec.cat\/insllicamunt2\/wp-content\/uploads\/usu1100\/2018\/05\/15.jpg 1350w\" sizes=\"auto, (max-width: 1024px) 100vw, 1024px\" \/><\/a><\/p>\n<p>Tot i que algunes mat\u00e8ries ja havien comen\u00e7at abans amb activitats introduct\u00f2ries i de sensibilitzaci\u00f3, el dimecres 16 de maig va comen\u00e7ar\u00a0el projecte amb molta for\u00e7a. Un any m\u00e9s, els alumnes de 1r, 2n i 3r d&#8217;ESO van remuntar riu amunt amb un recorregut total de 18 quil\u00f2metres.<\/p>\n<p><a href=\"http:\/\/agora.xtec.cat\/insllicamunt2\/wp-content\/uploads\/usu1100\/2018\/05\/8.jpg\"><img loading=\"lazy\" decoding=\"async\" class=\"size-full wp-image-9675 aligncenter\" src=\"http:\/\/agora.xtec.cat\/insllicamunt2\/wp-content\/uploads\/usu1100\/2018\/05\/8.jpg\" alt=\"\" width=\"640\" height=\"480\" srcset=\"https:\/\/agora.xtec.cat\/insllicamunt2\/wp-content\/uploads\/usu1100\/2018\/05\/8.jpg 640w, https:\/\/agora.xtec.cat\/insllicamunt2\/wp-content\/uploads\/usu1100\/2018\/05\/8-300x225.jpg 300w, https:\/\/agora.xtec.cat\/insllicamunt2\/wp-content\/uploads\/usu1100\/2018\/05\/8-200x150.jpg 200w\" sizes=\"auto, (max-width: 640px) 100vw, 640px\" \/><\/a><\/p>\n<p><a href=\"http:\/\/agora.xtec.cat\/insllicamunt2\/wp-content\/uploads\/usu1100\/2018\/05\/11.jpg\"><img loading=\"lazy\" decoding=\"async\" class=\"size-full wp-image-9677 aligncenter\" src=\"http:\/\/agora.xtec.cat\/insllicamunt2\/wp-content\/uploads\/usu1100\/2018\/05\/11.jpg\" alt=\"\" width=\"640\" height=\"361\" srcset=\"https:\/\/agora.xtec.cat\/insllicamunt2\/wp-content\/uploads\/usu1100\/2018\/05\/11.jpg 640w, https:\/\/agora.xtec.cat\/insllicamunt2\/wp-content\/uploads\/usu1100\/2018\/05\/11-300x169.jpg 300w\" sizes=\"auto, (max-width: 640px) 100vw, 640px\" \/><\/a><\/p>\n<p>L&#8217;objectiu de la pedalada tornava a ser acostar i fer viure el riu Tenes a partir d&#8217;una activitat f\u00edsica i per a fer possible que m\u00e9s de 140 bicicletes pedalessin cam\u00ed fluvial del Tenes de Lli\u00e7\u00e0 d&#8217;Amunt fins a Bigues, vam comptar una vegada m\u00e9s amb el suport de les policies locals dels dos municipis i de la de Santa Eul\u00e0lia de Ron\u00e7ana. Moltes gr\u00e0cies per la vostra col\u00b7laboraci\u00f3!<\/p>\n<p><a href=\"http:\/\/agora.xtec.cat\/insllicamunt2\/wp-content\/uploads\/usu1100\/2018\/05\/5.jpg\"><img loading=\"lazy\" decoding=\"async\" class=\"size-full wp-image-9672 aligncenter\" src=\"http:\/\/agora.xtec.cat\/insllicamunt2\/wp-content\/uploads\/usu1100\/2018\/05\/5.jpg\" alt=\"\" width=\"640\" height=\"480\" srcset=\"https:\/\/agora.xtec.cat\/insllicamunt2\/wp-content\/uploads\/usu1100\/2018\/05\/5.jpg 640w, https:\/\/agora.xtec.cat\/insllicamunt2\/wp-content\/uploads\/usu1100\/2018\/05\/5-300x225.jpg 300w, https:\/\/agora.xtec.cat\/insllicamunt2\/wp-content\/uploads\/usu1100\/2018\/05\/5-200x150.jpg 200w\" sizes=\"auto, (max-width: 640px) 100vw, 640px\" \/><\/a><\/p>\n<p>Dijous i divendres les activitats entorn del Tenes es van anar succeint. L&#8217;eix va tornar a ser la distribuci\u00f3 per mat\u00e8ries i cursos de la prospecci\u00f3 de primavera del <em>Projecte Rius<\/em> de l&#8217;<em>Associaci\u00f3 H\u00e0bitats<\/em>. I per sort, la meteorologia va permetre que pogu\u00e9ssim fer-ho.<\/p>\n<p><a href=\"http:\/\/agora.xtec.cat\/insllicamunt2\/wp-content\/uploads\/usu1100\/2018\/05\/7.jpg\"><img loading=\"lazy\" decoding=\"async\" class=\"size-full wp-image-9673 aligncenter\" src=\"http:\/\/agora.xtec.cat\/insllicamunt2\/wp-content\/uploads\/usu1100\/2018\/05\/7.jpg\" alt=\"\" width=\"640\" height=\"480\" srcset=\"https:\/\/agora.xtec.cat\/insllicamunt2\/wp-content\/uploads\/usu1100\/2018\/05\/7.jpg 640w, https:\/\/agora.xtec.cat\/insllicamunt2\/wp-content\/uploads\/usu1100\/2018\/05\/7-300x225.jpg 300w, https:\/\/agora.xtec.cat\/insllicamunt2\/wp-content\/uploads\/usu1100\/2018\/05\/7-200x150.jpg 200w\" sizes=\"auto, (max-width: 640px) 100vw, 640px\" \/><\/a><\/p>\n<p><a href=\"http:\/\/agora.xtec.cat\/insllicamunt2\/wp-content\/uploads\/usu1100\/2018\/05\/6.jpg\"><img loading=\"lazy\" decoding=\"async\" class=\"size-full wp-image-9674 aligncenter\" src=\"http:\/\/agora.xtec.cat\/insllicamunt2\/wp-content\/uploads\/usu1100\/2018\/05\/6.jpg\" alt=\"\" width=\"480\" height=\"640\" srcset=\"https:\/\/agora.xtec.cat\/insllicamunt2\/wp-content\/uploads\/usu1100\/2018\/05\/6.jpg 480w, https:\/\/agora.xtec.cat\/insllicamunt2\/wp-content\/uploads\/usu1100\/2018\/05\/6-225x300.jpg 225w\" sizes=\"auto, (max-width: 480px) 100vw, 480px\" \/><\/a><\/p>\n<p><a href=\"http:\/\/agora.xtec.cat\/insllicamunt2\/wp-content\/uploads\/usu1100\/2018\/05\/12.jpg\"><img loading=\"lazy\" decoding=\"async\" class=\"size-full wp-image-9678 aligncenter\" src=\"http:\/\/agora.xtec.cat\/insllicamunt2\/wp-content\/uploads\/usu1100\/2018\/05\/12.jpg\" alt=\"\" width=\"640\" height=\"360\" srcset=\"https:\/\/agora.xtec.cat\/insllicamunt2\/wp-content\/uploads\/usu1100\/2018\/05\/12.jpg 640w, https:\/\/agora.xtec.cat\/insllicamunt2\/wp-content\/uploads\/usu1100\/2018\/05\/12-300x169.jpg 300w\" sizes=\"auto, (max-width: 640px) 100vw, 640px\" \/><\/a><\/p>\n<p>Aquest any, l&#8217;impuls al projecte s&#8217;ha donat amb el disseny d&#8217;un seguit d&#8217;activitats entorn la lectura per la vinculaci\u00f3 del projecte amb la tasca encomanada al claustre per la nostra participaci\u00f3 a la formaci\u00f3 de 3r any del programa ILEC i que presentarem en el marc de la jornada d&#8217;intercanvi d&#8217;experi\u00e8ncies el proper 19 de juny a l&#8217;INS Vil.la Romana de la Garriga.<\/p>\n<p>A m\u00e9s, i com a novetat, el <em>Vivim el Tenes<\/em> ha ofert la creaci\u00f3 d&#8217;un escenari nou al <em>Mobile History Map<\/em>s (<em>MHM<\/em>) anomenat <em>Apadrinem el riu Tenes<\/em> i a 3r s&#8217;ha dissenyat una activitat per crear rutes virtuals per l&#8217;entorn del riu.<\/p>\n<p><a href=\"http:\/\/agora.xtec.cat\/insllicamunt2\/wp-content\/uploads\/usu1100\/2018\/05\/13.jpg\"><img loading=\"lazy\" decoding=\"async\" class=\"size-full wp-image-9679 aligncenter\" src=\"http:\/\/agora.xtec.cat\/insllicamunt2\/wp-content\/uploads\/usu1100\/2018\/05\/13.jpg\" alt=\"\" width=\"480\" height=\"640\" srcset=\"https:\/\/agora.xtec.cat\/insllicamunt2\/wp-content\/uploads\/usu1100\/2018\/05\/13.jpg 480w, https:\/\/agora.xtec.cat\/insllicamunt2\/wp-content\/uploads\/usu1100\/2018\/05\/13-225x300.jpg 225w\" sizes=\"auto, (max-width: 480px) 100vw, 480px\" \/><\/a><\/p>\n<p>La cloenda havia de ser el divendres 18 a la vora del riu on la poesia, la m\u00fasica i el simbolisme havia de tancar un any m\u00e9s el projecte al voltant del Tenes, per\u00f2 la treva\u00a0meteorol\u00f2gica es va acabar, la pluja va fer acte de pres\u00e8ncia i es va haver d&#8217;anul\u00b7lar l&#8217;activitat. S&#8217;ha posposat pel proper divendres 8 de juny.<\/p>\n","protected":false},"excerpt":{"rendered":"<p>El Vivim el Tenes ha estat aquest any el projecte que ha mobilitzat tot l&#8217;institut.<br \/>\n<a href=\"http:\/\/agora.xtec.cat\/insllicamunt2\/wp-content\/uploads\/usu1100\/2018\/05\/15.jpg\"><\/a><br \/>\nTot i que algunes mat\u00e8ries ja havien comen\u00e7at abans amb activitats introduct\u00f2ries i de sensibilitzaci\u00f3, el dimecres 16 de maig va comen\u00e7ar\u00a0el projecte amb molta for\u00e7a. Un any m\u00e9s, els&hellip;  <a href=\"https:\/\/agora.xtec.cat\/insllicamunt2\/no-classificat\/el-tenes-torna-a-mobilitzar-lhipatia\/\" title=\"Read El Tenes torna a mobilitzar l&#8217;Hip\u00e0tia\">Llegeix m\u00e9s\u00bb<\/a><\/p>\n","protected":false},"author":246,"featured_media":9680,"comment_status":"closed","ping_status":"closed","sticky":false,"template":"","format":"standard","meta":{"_bbp_topic_count":0,"_bbp_reply_count":0,"_bbp_total_topic_count":0,"_bbp_total_reply_count":0,"_bbp_voice_count":0,"_bbp_anonymous_reply_count":0,"_bbp_topic_count_hidden":0,"_bbp_reply_count_hidden":0,"_bbp_forum_subforum_count":0,"footnotes":""},"categories":[4,5,6,101,800,99,1040,1,98,29,399],"tags":[193,516,107,1693],"class_list":["post-9669","post","type-post","status-publish","format-standard","has-post-thumbnail","hentry","category-1r-deso","category-2n-deso","category-3r-deso","category-activitats-de-centre","category-apadrinem-el-riu-tenes","category-articles","category-el-far-dhipatia","category-no-classificat","category-noticies-breus","category-portada","category-projectes","tag-bicicletada","tag-ilec","tag-tenes","tag-vivim-el-tenes"],"post_mailing_queue_ids":[],"_links":{"self":[{"href":"https:\/\/agora.xtec.cat\/insllicamunt2\/wp-json\/wp\/v2\/posts\/9669","targetHints":{"allow":["GET"]}}],"collection":[{"href":"https:\/\/agora.xtec.cat\/insllicamunt2\/wp-json\/wp\/v2\/posts"}],"about":[{"href":"https:\/\/agora.xtec.cat\/insllicamunt2\/wp-json\/wp\/v2\/types\/post"}],"author":[{"embeddable":true,"href":"https:\/\/agora.xtec.cat\/insllicamunt2\/wp-json\/wp\/v2\/users\/246"}],"replies":[{"embeddable":true,"href":"https:\/\/agora.xtec.cat\/insllicamunt2\/wp-json\/wp\/v2\/comments?post=9669"}],"version-history":[{"count":3,"href":"https:\/\/agora.xtec.cat\/insllicamunt2\/wp-json\/wp\/v2\/posts\/9669\/revisions"}],"predecessor-version":[{"id":9683,"href":"https:\/\/agora.xtec.cat\/insllicamunt2\/wp-json\/wp\/v2\/posts\/9669\/revisions\/9683"}],"wp:featuredmedia":[{"embeddable":true,"href":"https:\/\/agora.xtec.cat\/insllicamunt2\/wp-json\/wp\/v2\/media\/9680"}],"wp:attachment":[{"href":"https:\/\/agora.xtec.cat\/insllicamunt2\/wp-json\/wp\/v2\/media?parent=9669"}],"wp:term":[{"taxonomy":"category","embeddable":true,"href":"https:\/\/agora.xtec.cat\/insllicamunt2\/wp-json\/wp\/v2\/categories?post=9669"},{"taxonomy":"post_tag","embeddable":true,"href":"https:\/\/agora.xtec.cat\/insllicamunt2\/wp-json\/wp\/v2\/tags?post=9669"}],"curies":[{"name":"wp","href":"https:\/\/api.w.org\/{rel}","templated":true}]}}