{"id":9663,"date":"2018-05-14T02:22:34","date_gmt":"2018-05-14T00:22:34","guid":{"rendered":"http:\/\/agora.xtec.cat\/insllicamunt2\/?p=9663"},"modified":"2018-05-14T02:26:03","modified_gmt":"2018-05-14T00:26:03","slug":"contra-la-violencia-de-genere","status":"publish","type":"post","link":"https:\/\/agora.xtec.cat\/insllicamunt2\/no-classificat\/contra-la-violencia-de-genere\/","title":{"rendered":"Contra la viol\u00e8ncia de G\u00e8nere"},"content":{"rendered":"<p>El passat dijous dia 10 de maig de 2018 l&#8217;alumnat de 3r d&#8217;ESO va voler protestar contra la viol\u00e8ncia de g\u00e8nere. Els dos grups van crear diversos cartells de protesta i una alumna d&#8217;un dels grups, l&#8217;Alba Valderrama, va documentar la creaci\u00f3 amb el v\u00eddeo que podeu veure a continuaci\u00f3:<\/p>\n<p style=\"text-align: center;\"><iframe loading=\"lazy\" src=\"https:\/\/www.youtube.com\/embed\/-OBsmOq-oBA?rel=0\" width=\"560\" height=\"315\" frameborder=\"0\" allowfullscreen=\"allowfullscreen\"><\/iframe><\/p>\n","protected":false},"excerpt":{"rendered":"<p>El passat dijous dia 10 de maig de 2018 l&#8217;alumnat de 3r d&#8217;ESO va voler protestar contra la viol\u00e8ncia de g\u00e8nere. Els dos grups van crear diversos cartells de protesta i una alumna d&#8217;un dels grups, l&#8217;Alba Valderrama, va documentar la creaci\u00f3 amb el v\u00eddeo&hellip;  <a href=\"https:\/\/agora.xtec.cat\/insllicamunt2\/no-classificat\/contra-la-violencia-de-genere\/\" title=\"Read Contra la viol\u00e8ncia de G\u00e8nere\">Llegeix m\u00e9s\u00bb<\/a><\/p>\n","protected":false},"author":1,"featured_media":0,"comment_status":"open","ping_status":"closed","sticky":false,"template":"","format":"standard","meta":{"_bbp_topic_count":0,"_bbp_reply_count":0,"_bbp_total_topic_count":0,"_bbp_total_reply_count":0,"_bbp_voice_count":0,"_bbp_anonymous_reply_count":0,"_bbp_topic_count_hidden":0,"_bbp_reply_count_hidden":0,"_bbp_forum_subforum_count":0,"footnotes":""},"categories":[6,101,99,593,96,1040,3,346,1,98,29,361],"tags":[1692,1375,1689,1467,1690,1687,1688,1691],"class_list":["post-9663","post","type-post","status-publish","format-standard","hentry","category-3r-deso","category-activitats-de-centre","category-articles","category-comunitat-educativa","category-editorial-i-opinio","category-el-far-dhipatia","category-grups","category-materies","category-no-classificat","category-noticies-breus","category-portada","category-tutoria","tag-3r-eso","tag-alumnat","tag-dona","tag-dones","tag-genere","tag-protesta","tag-violencia","tag-violencia-de-genere"],"post_mailing_queue_ids":[],"_links":{"self":[{"href":"https:\/\/agora.xtec.cat\/insllicamunt2\/wp-json\/wp\/v2\/posts\/9663","targetHints":{"allow":["GET"]}}],"collection":[{"href":"https:\/\/agora.xtec.cat\/insllicamunt2\/wp-json\/wp\/v2\/posts"}],"about":[{"href":"https:\/\/agora.xtec.cat\/insllicamunt2\/wp-json\/wp\/v2\/types\/post"}],"author":[{"embeddable":true,"href":"https:\/\/agora.xtec.cat\/insllicamunt2\/wp-json\/wp\/v2\/users\/1"}],"replies":[{"embeddable":true,"href":"https:\/\/agora.xtec.cat\/insllicamunt2\/wp-json\/wp\/v2\/comments?post=9663"}],"version-history":[{"count":3,"href":"https:\/\/agora.xtec.cat\/insllicamunt2\/wp-json\/wp\/v2\/posts\/9663\/revisions"}],"predecessor-version":[{"id":9667,"href":"https:\/\/agora.xtec.cat\/insllicamunt2\/wp-json\/wp\/v2\/posts\/9663\/revisions\/9667"}],"wp:attachment":[{"href":"https:\/\/agora.xtec.cat\/insllicamunt2\/wp-json\/wp\/v2\/media?parent=9663"}],"wp:term":[{"taxonomy":"category","embeddable":true,"href":"https:\/\/agora.xtec.cat\/insllicamunt2\/wp-json\/wp\/v2\/categories?post=9663"},{"taxonomy":"post_tag","embeddable":true,"href":"https:\/\/agora.xtec.cat\/insllicamunt2\/wp-json\/wp\/v2\/tags?post=9663"}],"curies":[{"name":"wp","href":"https:\/\/api.w.org\/{rel}","templated":true}]}}