{"id":965,"date":"2015-10-09T19:03:24","date_gmt":"2015-10-09T18:03:24","guid":{"rendered":"http:\/\/agora.xtec.cat\/insllicamunt2\/?p=965"},"modified":"2016-05-09T09:45:29","modified_gmt":"2016-05-09T08:45:29","slug":"caminada-de-2n-deso-a-santa-justa","status":"publish","type":"post","link":"https:\/\/agora.xtec.cat\/insllicamunt2\/el-far-dhipatia\/grups\/caminada-de-2n-deso-a-santa-justa\/","title":{"rendered":"Caminada de 2n d&#8217;ESO a Santa Justa"},"content":{"rendered":"<p style=\"text-align: center;\">El dimarts dia 6, els alumnes de segon d&#8217;ESO van fer una sortida coordinada des de l&#8217;\u00e0rea de tutoria. Amb l&#8217;objectiu de con\u00e8ixer-nos millor i establir una bona conviv\u00e8ncia des de principi de curs, vam remuntar plegats el riu Tenes fins a l&#8217;ermita de Santa Justa.<\/p>\n<p style=\"text-align: center;\"><img loading=\"lazy\" decoding=\"async\" class=\"aligncenter\" src=\"https:\/\/lh3.googleusercontent.com\/-YMh_bzn3-vo\/Vhd-ZaUGcKI\/AAAAAAAAOcc\/AJThKxA-Ek0\/s800-Ic42\/20151006_011301.jpg\" alt=\"\" width=\"600\" height=\"338\" \/><\/p>\n<p style=\"text-align: center;\">Tot i que cansats, vam acabar for\u00e7a contents.<\/p>\n<p style=\"text-align: center;\"><img loading=\"lazy\" decoding=\"async\" class=\"aligncenter\" src=\"https:\/\/lh3.googleusercontent.com\/-tmBcCvit_-M\/Vhd-ZOI5fvI\/AAAAAAAAOcc\/dv8UVwH8-GU\/s800-Ic42\/20151006_022604.jpg\" alt=\"\" width=\"600\" height=\"338\" \/><\/p>\n<p style=\"text-align: center;\">En breu tindreu m\u00e9s not\u00edcies sobre el concurs fotogr\u00e0fic que hem organitzat al voltant d&#8217;aquesta sortida.<\/p>\n<p style=\"text-align: center;\"><img loading=\"lazy\" decoding=\"async\" class=\"aligncenter\" src=\"https:\/\/lh3.googleusercontent.com\/-yPEwVlFaq9c\/Vhd-ZRtQj9I\/AAAAAAAAOcc\/jiGzY3UnROo\/s800-Ic42\/20151006_042056.jpg\" alt=\"\" width=\"600\" height=\"338\" \/><\/p>\n","protected":false},"excerpt":{"rendered":"<p>El dimarts dia 6, els alumnes de segon d&#8217;ESO van fer una sortida coordinada des de l&#8217;\u00e0rea de tutoria. Amb l&#8217;objectiu de con\u00e8ixer-nos millor i establir una bona conviv\u00e8ncia des de principi de curs, vam remuntar plegats el riu Tenes fins a l&#8217;ermita de Santa&hellip;  <a href=\"https:\/\/agora.xtec.cat\/insllicamunt2\/el-far-dhipatia\/grups\/caminada-de-2n-deso-a-santa-justa\/\" title=\"Read Caminada de 2n d&#8217;ESO a Santa Justa\">Llegeix m\u00e9s\u00bb<\/a><\/p>\n","protected":false},"author":36,"featured_media":958,"comment_status":"open","ping_status":"open","sticky":false,"template":"","format":"standard","meta":{"_bbp_topic_count":0,"_bbp_reply_count":0,"_bbp_total_topic_count":0,"_bbp_total_reply_count":0,"_bbp_voice_count":0,"_bbp_anonymous_reply_count":0,"_bbp_topic_count_hidden":0,"_bbp_reply_count_hidden":0,"_bbp_forum_subforum_count":0,"footnotes":""},"categories":[5,94,800,3,98,29,361],"tags":[284,282,281,280,283],"class_list":["post-965","post","type-post","status-publish","format-standard","has-post-thumbnail","hentry","category-2n-deso","category-activitats-fora-del-centre","category-apadrinem-el-riu-tenes","category-grups","category-noticies-breus","category-portada","category-tutoria","tag-2n-deso","tag-caminada","tag-riu-tenes","tag-santa-justa","tag-tutoria"],"post_mailing_queue_ids":[],"_links":{"self":[{"href":"https:\/\/agora.xtec.cat\/insllicamunt2\/wp-json\/wp\/v2\/posts\/965","targetHints":{"allow":["GET"]}}],"collection":[{"href":"https:\/\/agora.xtec.cat\/insllicamunt2\/wp-json\/wp\/v2\/posts"}],"about":[{"href":"https:\/\/agora.xtec.cat\/insllicamunt2\/wp-json\/wp\/v2\/types\/post"}],"author":[{"embeddable":true,"href":"https:\/\/agora.xtec.cat\/insllicamunt2\/wp-json\/wp\/v2\/users\/36"}],"replies":[{"embeddable":true,"href":"https:\/\/agora.xtec.cat\/insllicamunt2\/wp-json\/wp\/v2\/comments?post=965"}],"version-history":[{"count":2,"href":"https:\/\/agora.xtec.cat\/insllicamunt2\/wp-json\/wp\/v2\/posts\/965\/revisions"}],"predecessor-version":[{"id":967,"href":"https:\/\/agora.xtec.cat\/insllicamunt2\/wp-json\/wp\/v2\/posts\/965\/revisions\/967"}],"wp:featuredmedia":[{"embeddable":true,"href":"https:\/\/agora.xtec.cat\/insllicamunt2\/wp-json\/wp\/v2\/media\/958"}],"wp:attachment":[{"href":"https:\/\/agora.xtec.cat\/insllicamunt2\/wp-json\/wp\/v2\/media?parent=965"}],"wp:term":[{"taxonomy":"category","embeddable":true,"href":"https:\/\/agora.xtec.cat\/insllicamunt2\/wp-json\/wp\/v2\/categories?post=965"},{"taxonomy":"post_tag","embeddable":true,"href":"https:\/\/agora.xtec.cat\/insllicamunt2\/wp-json\/wp\/v2\/tags?post=965"}],"curies":[{"name":"wp","href":"https:\/\/api.w.org\/{rel}","templated":true}]}}