{"id":9477,"date":"2018-03-02T08:55:43","date_gmt":"2018-03-02T07:55:43","guid":{"rendered":"http:\/\/agora.xtec.cat\/insllicamunt2\/?p=9477"},"modified":"2018-03-02T10:11:30","modified_gmt":"2018-03-02T09:11:30","slug":"consolidem-el-nostre-programa-dintercanvis","status":"publish","type":"post","link":"https:\/\/agora.xtec.cat\/insllicamunt2\/el-far-dhipatia\/portada\/consolidem-el-nostre-programa-dintercanvis\/","title":{"rendered":"Consolidem el nostre programa d&#8217;intercanvis"},"content":{"rendered":"<p style=\"text-align: justify\"><span style=\"font-weight: 400\">L\u2019institut Hip\u00e0tia consolida el seu programa d\u2019intercanvis\u00a0<\/span><span style=\"font-weight: 400\">i aposta fermament pel pluriling\u00fcisme. <\/span><\/p>\n<p style=\"text-align: justify\"><span style=\"font-weight: 400\">Abans del Nadal, 12 alumnes de 3r i 4t d\u2019ESO van participar en una setmana d\u2019intercanvi amb l\u2019escola <\/span><i><span style=\"font-weight: 400\">Deutsch-Skandinavische Gemeinschaftsschule<\/span><\/i><span style=\"font-weight: 400\"> de Berl\u00edn. La primera fase de l\u2019intercanvi va tenir lloc al novembre quan nosaltres vam fer d\u2019amfitrions dels companys alemanys i, la segona, es va desenvolupar al desembre quan vam visitar Berl\u00edn per continuar amb el programa cultural i acad\u00e8mic iniciat a Barcelona.<\/span><\/p>\n<p style=\"text-align: justify\"><span style=\"font-weight: 400\">Passat el Nadal, tres companyes de 3r han acollit dues noies i un noi de l\u2019escola <\/span><i><span style=\"font-weight: 400\">Freie Schule Montessori<\/span><\/i><span style=\"font-weight: 400\">, tamb\u00e9 de Berl\u00edn, que han vingut a Lli\u00e7\u00e0 a portar a terme un programa de servei a la comunitat dintre del seu curr\u00edculum acad\u00e8mic. A m\u00e9s a m\u00e9s han dinamitzat grups de conversa al centre, tant en angl\u00e8s com en alemany, que han estat un impuls molt positiu per als nostres alumnes pel que fa a la comunicaci\u00f3 oral. Al juny tindr\u00e0 lloc la segona fase i seran aquestes companyes de 3r qui passaran tres setmanes a Berl\u00edn on podran gaudir d\u2019un programa d\u2019immersi\u00f3 absoluta en aquesta escola.<\/span><\/p>\n<p><a href=\"http:\/\/agora.xtec.cat\/insllicamunt2\/wp-content\/uploads\/usu1100\/2018\/03\/Conversa-1.jpg\"><img loading=\"lazy\" decoding=\"async\" class=\"size-full wp-image-9478 aligncenter\" src=\"http:\/\/agora.xtec.cat\/insllicamunt2\/wp-content\/uploads\/usu1100\/2018\/03\/Conversa-1.jpg\" alt=\"\" width=\"600\" height=\"450\" srcset=\"https:\/\/agora.xtec.cat\/insllicamunt2\/wp-content\/uploads\/usu1100\/2018\/03\/Conversa-1.jpg 600w, https:\/\/agora.xtec.cat\/insllicamunt2\/wp-content\/uploads\/usu1100\/2018\/03\/Conversa-1-300x225.jpg 300w, https:\/\/agora.xtec.cat\/insllicamunt2\/wp-content\/uploads\/usu1100\/2018\/03\/Conversa-1-200x150.jpg 200w\" sizes=\"auto, (max-width: 600px) 100vw, 600px\" \/><\/a> <a href=\"http:\/\/agora.xtec.cat\/insllicamunt2\/wp-content\/uploads\/usu1100\/2018\/03\/Conversa-2.jpg\"><img loading=\"lazy\" decoding=\"async\" class=\"size-large wp-image-9479 aligncenter\" src=\"http:\/\/agora.xtec.cat\/insllicamunt2\/wp-content\/uploads\/usu1100\/2018\/03\/Conversa-2.jpg\" alt=\"\" width=\"600\" height=\"450\" srcset=\"https:\/\/agora.xtec.cat\/insllicamunt2\/wp-content\/uploads\/usu1100\/2018\/03\/Conversa-2.jpg 600w, https:\/\/agora.xtec.cat\/insllicamunt2\/wp-content\/uploads\/usu1100\/2018\/03\/Conversa-2-300x225.jpg 300w, https:\/\/agora.xtec.cat\/insllicamunt2\/wp-content\/uploads\/usu1100\/2018\/03\/Conversa-2-200x150.jpg 200w\" sizes=\"auto, (max-width: 600px) 100vw, 600px\" \/><\/a><\/p>\n<p style=\"text-align: justify\">Per \u00faltim, a l\u2019abril, sis alumnes de 4t faran d\u2019amfitrions durant quatre setmanes de sis alumnes de l\u2019escola <i>MOS Franken <\/i>de N\u00fcremberg que venen a fer pr\u00e0ctiques en empresa. Els nostres alumnes, en canvi, participaran en un programa d\u2019immersi\u00f3 cultural i servei comunitari durant el mes de juliol a N\u00fcremberg.<\/p>\n<p>Pel curs vinent el nostre objectiu \u00e9s mantenir aquest ampli programa, fins i tot ampliar-lo, perqu\u00e8 el major nombre d\u2019alumnes possible pugui gaudir d\u2019aquesta fant\u00e0stica experi\u00e8ncia acad\u00e8mica i personal.<\/p>\n<p><a href=\"http:\/\/agora.xtec.cat\/insllicamunt2\/wp-content\/uploads\/usu1100\/2018\/03\/Programa.jpg\"><img loading=\"lazy\" decoding=\"async\" class=\"wp-image-9482 aligncenter\" src=\"http:\/\/agora.xtec.cat\/insllicamunt2\/wp-content\/uploads\/usu1100\/2018\/03\/Programa-1024x583.jpg\" alt=\"\" width=\"611\" height=\"348\" srcset=\"https:\/\/agora.xtec.cat\/insllicamunt2\/wp-content\/uploads\/usu1100\/2018\/03\/Programa-1024x583.jpg 1024w, https:\/\/agora.xtec.cat\/insllicamunt2\/wp-content\/uploads\/usu1100\/2018\/03\/Programa-300x171.jpg 300w, https:\/\/agora.xtec.cat\/insllicamunt2\/wp-content\/uploads\/usu1100\/2018\/03\/Programa-768x438.jpg 768w, https:\/\/agora.xtec.cat\/insllicamunt2\/wp-content\/uploads\/usu1100\/2018\/03\/Programa.jpg 1055w\" sizes=\"auto, (max-width: 611px) 100vw, 611px\" \/><\/a><\/p>\n","protected":false},"excerpt":{"rendered":"<p>L\u2019institut Hip\u00e0tia consolida el seu programa d\u2019intercanvis\u00a0i aposta fermament pel pluriling\u00fcisme.<br \/>\nAbans del Nadal, 12 alumnes de 3r i 4t d\u2019ESO van participar en una setmana d\u2019intercanvi amb l\u2019escola Deutsch-Skandinavische Gemeinschaftsschule de Berl\u00edn. La primera fase de l\u2019intercanvi va tenir lloc al novembre quan nosaltres&hellip;  <a href=\"https:\/\/agora.xtec.cat\/insllicamunt2\/el-far-dhipatia\/portada\/consolidem-el-nostre-programa-dintercanvis\/\" title=\"Read Consolidem el nostre programa d&#8217;intercanvis\">Llegeix m\u00e9s\u00bb<\/a><\/p>\n","protected":false},"author":244,"featured_media":9478,"comment_status":"open","ping_status":"closed","sticky":false,"template":"","format":"standard","meta":{"_bbp_topic_count":0,"_bbp_reply_count":0,"_bbp_total_topic_count":0,"_bbp_total_reply_count":0,"_bbp_voice_count":0,"_bbp_anonymous_reply_count":0,"_bbp_topic_count_hidden":0,"_bbp_reply_count_hidden":0,"_bbp_forum_subforum_count":0,"footnotes":""},"categories":[94,351,350,99,1040,1677,29,399,95],"tags":[],"class_list":["post-9477","post","type-post","status-publish","format-standard","has-post-thumbnail","hentry","category-activitats-fora-del-centre","category-alemany","category-angles","category-articles","category-el-far-dhipatia","category-intercanvis","category-portada","category-projectes","category-viatges"],"post_mailing_queue_ids":[],"_links":{"self":[{"href":"https:\/\/agora.xtec.cat\/insllicamunt2\/wp-json\/wp\/v2\/posts\/9477","targetHints":{"allow":["GET"]}}],"collection":[{"href":"https:\/\/agora.xtec.cat\/insllicamunt2\/wp-json\/wp\/v2\/posts"}],"about":[{"href":"https:\/\/agora.xtec.cat\/insllicamunt2\/wp-json\/wp\/v2\/types\/post"}],"author":[{"embeddable":true,"href":"https:\/\/agora.xtec.cat\/insllicamunt2\/wp-json\/wp\/v2\/users\/244"}],"replies":[{"embeddable":true,"href":"https:\/\/agora.xtec.cat\/insllicamunt2\/wp-json\/wp\/v2\/comments?post=9477"}],"version-history":[{"count":3,"href":"https:\/\/agora.xtec.cat\/insllicamunt2\/wp-json\/wp\/v2\/posts\/9477\/revisions"}],"predecessor-version":[{"id":9484,"href":"https:\/\/agora.xtec.cat\/insllicamunt2\/wp-json\/wp\/v2\/posts\/9477\/revisions\/9484"}],"wp:featuredmedia":[{"embeddable":true,"href":"https:\/\/agora.xtec.cat\/insllicamunt2\/wp-json\/wp\/v2\/media\/9478"}],"wp:attachment":[{"href":"https:\/\/agora.xtec.cat\/insllicamunt2\/wp-json\/wp\/v2\/media?parent=9477"}],"wp:term":[{"taxonomy":"category","embeddable":true,"href":"https:\/\/agora.xtec.cat\/insllicamunt2\/wp-json\/wp\/v2\/categories?post=9477"},{"taxonomy":"post_tag","embeddable":true,"href":"https:\/\/agora.xtec.cat\/insllicamunt2\/wp-json\/wp\/v2\/tags?post=9477"}],"curies":[{"name":"wp","href":"https:\/\/api.w.org\/{rel}","templated":true}]}}