{"id":9219,"date":"2017-10-12T13:56:20","date_gmt":"2017-10-12T11:56:20","guid":{"rendered":"http:\/\/agora.xtec.cat\/insllicamunt2\/?p=9219"},"modified":"2017-10-13T10:38:17","modified_gmt":"2017-10-13T08:38:17","slug":"descobrint-tarraco","status":"publish","type":"post","link":"https:\/\/agora.xtec.cat\/insllicamunt2\/el-far-dhipatia\/grups\/2n-deso\/descobrint-tarraco\/","title":{"rendered":"Descobrint T\u00e0rraco"},"content":{"rendered":"<p>Els alumnes de 2n d&#8217;ESO han visitat la Tarragona Romana\u00a0 amb l&#8217;objectiu de complementar els coneixements treballats a l&#8217;aula aquest inici de curs, com cada any la visita va anar a c\u00e0rrec dels guies de\u00a0 <a href=\"http:\/\/s614680219.mialojamiento.es\/\">TEA Difusi\u00f3 Cultural<\/a>, arque\u00f2legs de formaci\u00f3 i un grans experts en la civilitzaci\u00f3 romana<a href=\"http:\/\/s614680219.mialojamiento.es\/\">.<\/a><\/p>\n<p>La visita va comen\u00e7ar per l&#8217;aq\u00fceducte de les Ferreres on vam comprovar de primera m\u00e0 les avan\u00e7ades t\u00e8cniques constructives dels romans en obra p\u00fablica i ens vam passejar per sobre l<em>&#8216;specus.<\/em><\/p>\n<figure class=\"figure wp-caption aligncenter\"><a href=\"http:\/\/agora.xtec.cat\/insllicamunt2\/wp-content\/uploads\/usu1100\/2017\/10\/20171011_103813.jpg\"><img loading=\"lazy\" decoding=\"async\" class=\"wp-image-9220 size-large\" src=\"http:\/\/agora.xtec.cat\/insllicamunt2\/wp-content\/uploads\/usu1100\/2017\/10\/20171011_103813-1024x576.jpg\" alt=\"\" width=\"1024\" height=\"576\" srcset=\"https:\/\/agora.xtec.cat\/insllicamunt2\/wp-content\/uploads\/usu1100\/2017\/10\/20171011_103813-1024x576.jpg 1024w, https:\/\/agora.xtec.cat\/insllicamunt2\/wp-content\/uploads\/usu1100\/2017\/10\/20171011_103813-300x169.jpg 300w, https:\/\/agora.xtec.cat\/insllicamunt2\/wp-content\/uploads\/usu1100\/2017\/10\/20171011_103813-768x432.jpg 768w\" sizes=\"auto, (max-width: 1024px) 100vw, 1024px\" \/><\/a><figcaption class=\"wp-caption-text\">Despr\u00e9s d&#8217;esmorzar, l&#8217;autocar ens va deixar a la part alta de la ciutat. Per situar-nos, vam entrar a l&#8217;Antiga Audi\u00e8ncia on hi ha una espectacular maqueta de T\u00e0rraco, ciutat que en la seva \u00e8poca de m\u00e0xima esplendor l&#8217;habitaven m\u00e9s de 40.000 persones.<\/figcaption><\/figure>\n<p>&nbsp;<\/p>\n<p><a href=\"http:\/\/agora.xtec.cat\/insllicamunt2\/wp-content\/uploads\/usu1100\/2017\/10\/20171011_114016.jpg\"><img loading=\"lazy\" decoding=\"async\" class=\"alignnone size-large wp-image-9221\" src=\"http:\/\/agora.xtec.cat\/insllicamunt2\/wp-content\/uploads\/usu1100\/2017\/10\/20171011_114016-1024x576.jpg\" alt=\"\" width=\"1024\" height=\"576\" srcset=\"https:\/\/agora.xtec.cat\/insllicamunt2\/wp-content\/uploads\/usu1100\/2017\/10\/20171011_114016-1024x576.jpg 1024w, https:\/\/agora.xtec.cat\/insllicamunt2\/wp-content\/uploads\/usu1100\/2017\/10\/20171011_114016-300x169.jpg 300w, https:\/\/agora.xtec.cat\/insllicamunt2\/wp-content\/uploads\/usu1100\/2017\/10\/20171011_114016-768x432.jpg 768w\" sizes=\"auto, (max-width: 1024px) 100vw, 1024px\" \/><\/a><\/p>\n<p>Vam iniciar el recorregut urb\u00e0 descobrint els secrets de les muralles que conserven encara les marques del picapedrers que les van construir.<a href=\"http:\/\/agora.xtec.cat\/insllicamunt2\/wp-content\/uploads\/usu1100\/2017\/10\/DL2WcseW0AA-V1V.jpg\"><img loading=\"lazy\" decoding=\"async\" class=\"alignnone size-large wp-image-9222\" src=\"http:\/\/agora.xtec.cat\/insllicamunt2\/wp-content\/uploads\/usu1100\/2017\/10\/DL2WcseW0AA-V1V-1024x576.jpg\" alt=\"\" width=\"1024\" height=\"576\" srcset=\"https:\/\/agora.xtec.cat\/insllicamunt2\/wp-content\/uploads\/usu1100\/2017\/10\/DL2WcseW0AA-V1V-1024x576.jpg 1024w, https:\/\/agora.xtec.cat\/insllicamunt2\/wp-content\/uploads\/usu1100\/2017\/10\/DL2WcseW0AA-V1V-300x169.jpg 300w, https:\/\/agora.xtec.cat\/insllicamunt2\/wp-content\/uploads\/usu1100\/2017\/10\/DL2WcseW0AA-V1V-768x432.jpg 768w, https:\/\/agora.xtec.cat\/insllicamunt2\/wp-content\/uploads\/usu1100\/2017\/10\/DL2WcseW0AA-V1V.jpg 1200w\" sizes=\"auto, (max-width: 1024px) 100vw, 1024px\" \/><\/a><\/p>\n<p>Vam passejar cap a l&#8217;antic\u00a0 f\u00f2rum provincial (avui soterrat per la catedral) i tot seguit ens esperava el <a href=\"http:\/\/www.mnat.cat\/\">Museu Nacional Arqueol\u00f2gic de Tarragona<\/a> on la seva extensa col\u00b7lecci\u00f3 d&#8217;escultures, \u00e0mfores, mosaics i elements diversos ens va ajudar a entendre la vida quotidiana de T\u00e0rraco.<\/p>\n<p><a href=\"http:\/\/agora.xtec.cat\/insllicamunt2\/wp-content\/uploads\/usu1100\/2017\/10\/DL2ln5pXUAAa1mU.jpglarge.jpeg\"><img loading=\"lazy\" decoding=\"async\" class=\"alignnone size-large wp-image-9223\" src=\"http:\/\/agora.xtec.cat\/insllicamunt2\/wp-content\/uploads\/usu1100\/2017\/10\/DL2ln5pXUAAa1mU.jpglarge-1024x576.jpeg\" alt=\"\" width=\"1024\" height=\"576\" srcset=\"https:\/\/agora.xtec.cat\/insllicamunt2\/wp-content\/uploads\/usu1100\/2017\/10\/DL2ln5pXUAAa1mU.jpglarge-1024x576.jpeg 1024w, https:\/\/agora.xtec.cat\/insllicamunt2\/wp-content\/uploads\/usu1100\/2017\/10\/DL2ln5pXUAAa1mU.jpglarge-300x169.jpeg 300w, https:\/\/agora.xtec.cat\/insllicamunt2\/wp-content\/uploads\/usu1100\/2017\/10\/DL2ln5pXUAAa1mU.jpglarge-768x432.jpeg 768w, https:\/\/agora.xtec.cat\/insllicamunt2\/wp-content\/uploads\/usu1100\/2017\/10\/DL2ln5pXUAAa1mU.jpglarge.jpeg 2048w\" sizes=\"auto, (max-width: 1024px) 100vw, 1024px\" \/><\/a><\/p>\n<p>Tot seguit vam entrar al <a href=\"http:\/\/www.tarragona.cat\/patrimoni\/museu-historia\/\">Museu d&#8217;Hist\u00f2ria de Tarragona<\/a> des d&#8217;on vam accedir al circ, l&#8217;espectacle preferit dels habitants de Tarraco que veien competir les quadrigues i admiraven als intr\u00e8pids aurigues, tal com avui fem amb els pilots de F\u00f2rmula 1.<\/p>\n<p><a href=\"http:\/\/agora.xtec.cat\/insllicamunt2\/wp-content\/uploads\/usu1100\/2017\/10\/20171011_134732.jpg\"><img loading=\"lazy\" decoding=\"async\" class=\"alignnone size-large wp-image-9224\" src=\"http:\/\/agora.xtec.cat\/insllicamunt2\/wp-content\/uploads\/usu1100\/2017\/10\/20171011_134732-1024x576.jpg\" alt=\"\" width=\"1024\" height=\"576\" srcset=\"https:\/\/agora.xtec.cat\/insllicamunt2\/wp-content\/uploads\/usu1100\/2017\/10\/20171011_134732-1024x576.jpg 1024w, https:\/\/agora.xtec.cat\/insllicamunt2\/wp-content\/uploads\/usu1100\/2017\/10\/20171011_134732-300x169.jpg 300w, https:\/\/agora.xtec.cat\/insllicamunt2\/wp-content\/uploads\/usu1100\/2017\/10\/20171011_134732-768x432.jpg 768w\" sizes=\"auto, (max-width: 1024px) 100vw, 1024px\" \/><\/a><\/p>\n<p>Despr\u00e9s d&#8217;una merescuda pausa per dinar i agafar forces, ens faltava la \u00faltima part de la visita i potser una de les m\u00e9s espectaculars: l&#8217;amfiteatre.\u00a0 Una construcci\u00f3\u00a0 majestuosa al costat del Mar Mediterrani amb una capacitat per 30.000 espectadors on els antics habitants de T\u00e0rraco assistien a espectacles de gladiadors.<\/p>\n<p><a href=\"http:\/\/agora.xtec.cat\/insllicamunt2\/wp-content\/uploads\/usu1100\/2017\/10\/Captura-de-2017-10-12-13-20-40.png\"><img loading=\"lazy\" decoding=\"async\" class=\"alignnone size-full wp-image-9225\" src=\"http:\/\/agora.xtec.cat\/insllicamunt2\/wp-content\/uploads\/usu1100\/2017\/10\/Captura-de-2017-10-12-13-20-40.png\" alt=\"\" width=\"971\" height=\"596\" srcset=\"https:\/\/agora.xtec.cat\/insllicamunt2\/wp-content\/uploads\/usu1100\/2017\/10\/Captura-de-2017-10-12-13-20-40.png 971w, https:\/\/agora.xtec.cat\/insllicamunt2\/wp-content\/uploads\/usu1100\/2017\/10\/Captura-de-2017-10-12-13-20-40-300x184.png 300w, https:\/\/agora.xtec.cat\/insllicamunt2\/wp-content\/uploads\/usu1100\/2017\/10\/Captura-de-2017-10-12-13-20-40-768x471.png 768w\" sizes=\"auto, (max-width: 971px) 100vw, 971px\" \/><\/a><\/p>\n<p>El dia ens va acompanyar i vam poder corroborar la frase de l&#8217;Emperador Adri\u00e0: &#8220;<i>Tarraco, civitas ubi ver aeternum est<\/i>&#8221; (&#8220;Tarragona, la ciutat on la primavera \u00e9s eterna&#8221;)<\/p>\n","protected":false},"excerpt":{"rendered":"<p>Els alumnes de 2n d&#8217;ESO han visitat la Tarragona Romana\u00a0 amb l&#8217;objectiu de complementar els coneixements treballats a l&#8217;aula aquest inici de curs, com cada any la visita va anar a c\u00e0rrec dels guies de\u00a0 <a href=\"http:\/\/s614680219.mialojamiento.es\/\">TEA Difusi\u00f3 Cultural<\/a>, arque\u00f2legs de formaci\u00f3 i un grans&hellip;  <a href=\"https:\/\/agora.xtec.cat\/insllicamunt2\/el-far-dhipatia\/grups\/2n-deso\/descobrint-tarraco\/\" title=\"Read Descobrint T\u00e0rraco\">Llegeix m\u00e9s\u00bb<\/a><\/p>\n","protected":false},"author":241,"featured_media":9227,"comment_status":"open","ping_status":"closed","sticky":false,"template":"","format":"standard","meta":{"_bbp_topic_count":0,"_bbp_reply_count":0,"_bbp_total_topic_count":0,"_bbp_total_reply_count":0,"_bbp_voice_count":0,"_bbp_anonymous_reply_count":0,"_bbp_topic_count_hidden":0,"_bbp_reply_count_hidden":0,"_bbp_forum_subforum_count":0,"footnotes":""},"categories":[5,101,99,355,1040,29],"tags":[],"class_list":["post-9219","post","type-post","status-publish","format-standard","has-post-thumbnail","hentry","category-2n-deso","category-activitats-de-centre","category-articles","category-ciencies-socials","category-el-far-dhipatia","category-portada"],"post_mailing_queue_ids":[],"_links":{"self":[{"href":"https:\/\/agora.xtec.cat\/insllicamunt2\/wp-json\/wp\/v2\/posts\/9219","targetHints":{"allow":["GET"]}}],"collection":[{"href":"https:\/\/agora.xtec.cat\/insllicamunt2\/wp-json\/wp\/v2\/posts"}],"about":[{"href":"https:\/\/agora.xtec.cat\/insllicamunt2\/wp-json\/wp\/v2\/types\/post"}],"author":[{"embeddable":true,"href":"https:\/\/agora.xtec.cat\/insllicamunt2\/wp-json\/wp\/v2\/users\/241"}],"replies":[{"embeddable":true,"href":"https:\/\/agora.xtec.cat\/insllicamunt2\/wp-json\/wp\/v2\/comments?post=9219"}],"version-history":[{"count":3,"href":"https:\/\/agora.xtec.cat\/insllicamunt2\/wp-json\/wp\/v2\/posts\/9219\/revisions"}],"predecessor-version":[{"id":9230,"href":"https:\/\/agora.xtec.cat\/insllicamunt2\/wp-json\/wp\/v2\/posts\/9219\/revisions\/9230"}],"wp:featuredmedia":[{"embeddable":true,"href":"https:\/\/agora.xtec.cat\/insllicamunt2\/wp-json\/wp\/v2\/media\/9227"}],"wp:attachment":[{"href":"https:\/\/agora.xtec.cat\/insllicamunt2\/wp-json\/wp\/v2\/media?parent=9219"}],"wp:term":[{"taxonomy":"category","embeddable":true,"href":"https:\/\/agora.xtec.cat\/insllicamunt2\/wp-json\/wp\/v2\/categories?post=9219"},{"taxonomy":"post_tag","embeddable":true,"href":"https:\/\/agora.xtec.cat\/insllicamunt2\/wp-json\/wp\/v2\/tags?post=9219"}],"curies":[{"name":"wp","href":"https:\/\/api.w.org\/{rel}","templated":true}]}}