{"id":9160,"date":"2017-10-20T12:03:45","date_gmt":"2017-10-20T10:03:45","guid":{"rendered":"http:\/\/agora.xtec.cat\/insllicamunt2\/?p=9160"},"modified":"2017-10-23T12:26:24","modified_gmt":"2017-10-23T10:26:24","slug":"comencem-una-nova-etapa-a-les-empreses","status":"publish","type":"post","link":"https:\/\/agora.xtec.cat\/insllicamunt2\/el-far-dhipatia\/portada\/comencem-una-nova-etapa-a-les-empreses\/","title":{"rendered":"Comencem una nova etapa a les empreses"},"content":{"rendered":"<p>Dins del projecte Amunt, en la import\u00e0ncia que donem al fet de formar a persones, optem pel petit tast en diferents centres laborals. Creiem que s&#8217;ha de recon\u00e8ixer l&#8217;esfor\u00e7 dels alumnesi en les diferents empreses que han decidit col\u00b7laborar amb nosaltres.<\/p>\n\n\t\t<style type=\"text\/css\">\n\t\t\t#gallery-1 {\n\t\t\t\tmargin: auto;\n\t\t\t}\n\t\t\t#gallery-1 .gallery-item {\n\t\t\t\tfloat: left;\n\t\t\t\tmargin-top: 10px;\n\t\t\t\ttext-align: center;\n\t\t\t\twidth: 33%;\n\t\t\t}\n\t\t\t#gallery-1 img {\n\t\t\t\tborder: 2px solid #cfcfcf;\n\t\t\t}\n\t\t\t#gallery-1 .gallery-caption {\n\t\t\t\tmargin-left: 0;\n\t\t\t}\n\t\t\t\/* see gallery_shortcode() in wp-includes\/media.php *\/\n\t\t<\/style>\n\t\t<div id='gallery-1' class='gallery galleryid-9160 gallery-columns-3 gallery-size-large'><dl class='gallery-item'>\n\t\t\t<dt class='gallery-icon portrait'>\n\t\t\t\t<a href='https:\/\/agora.xtec.cat\/insllicamunt2\/el-far-dhipatia\/portada\/comencem-una-nova-etapa-a-les-empreses\/attachment\/img_2810-compressor\/'><img loading=\"lazy\" decoding=\"async\" width=\"768\" height=\"1024\" src=\"https:\/\/agora.xtec.cat\/insllicamunt2\/wp-content\/uploads\/usu1100\/2017\/10\/IMG_2810-compressor-e1508363321324-768x1024.jpg\" class=\"attachment-large size-large\" alt=\"\" srcset=\"https:\/\/agora.xtec.cat\/insllicamunt2\/wp-content\/uploads\/usu1100\/2017\/10\/IMG_2810-compressor-e1508363321324-768x1024.jpg 768w, https:\/\/agora.xtec.cat\/insllicamunt2\/wp-content\/uploads\/usu1100\/2017\/10\/IMG_2810-compressor-e1508363321324-225x300.jpg 225w\" sizes=\"auto, (max-width: 768px) 100vw, 768px\" \/><\/a>\n\t\t\t<\/dt><\/dl><dl class='gallery-item'>\n\t\t\t<dt class='gallery-icon portrait'>\n\t\t\t\t<a href='https:\/\/agora.xtec.cat\/insllicamunt2\/el-far-dhipatia\/portada\/comencem-una-nova-etapa-a-les-empreses\/attachment\/img_2809-min\/'><img loading=\"lazy\" decoding=\"async\" width=\"768\" height=\"1024\" src=\"https:\/\/agora.xtec.cat\/insllicamunt2\/wp-content\/uploads\/usu1100\/2017\/10\/IMG_2809-min-e1508363464474-768x1024.jpg\" class=\"attachment-large size-large\" alt=\"\" srcset=\"https:\/\/agora.xtec.cat\/insllicamunt2\/wp-content\/uploads\/usu1100\/2017\/10\/IMG_2809-min-e1508363464474-768x1024.jpg 768w, https:\/\/agora.xtec.cat\/insllicamunt2\/wp-content\/uploads\/usu1100\/2017\/10\/IMG_2809-min-e1508363464474-225x300.jpg 225w\" sizes=\"auto, (max-width: 768px) 100vw, 768px\" \/><\/a>\n\t\t\t<\/dt><\/dl><dl class='gallery-item'>\n\t\t\t<dt class='gallery-icon portrait'>\n\t\t\t\t<a href='https:\/\/agora.xtec.cat\/insllicamunt2\/el-far-dhipatia\/portada\/comencem-una-nova-etapa-a-les-empreses\/attachment\/img_2722\/'><img loading=\"lazy\" decoding=\"async\" width=\"768\" height=\"1024\" src=\"https:\/\/agora.xtec.cat\/insllicamunt2\/wp-content\/uploads\/usu1100\/2017\/10\/IMG_2722-e1508362958735-768x1024.jpg\" class=\"attachment-large size-large\" alt=\"\" srcset=\"https:\/\/agora.xtec.cat\/insllicamunt2\/wp-content\/uploads\/usu1100\/2017\/10\/IMG_2722-e1508362958735-768x1024.jpg 768w, https:\/\/agora.xtec.cat\/insllicamunt2\/wp-content\/uploads\/usu1100\/2017\/10\/IMG_2722-e1508362958735-225x300.jpg 225w\" sizes=\"auto, (max-width: 768px) 100vw, 768px\" \/><\/a>\n\t\t\t<\/dt><\/dl><br style=\"clear: both\" \/>\n\t\t<\/div>\n\n<p>Treballem amb entitats de diferents \u00e0mbits professionals perqu\u00e8 els nostres joves col\u00b7laborin\u00a0i aprenguin de forma globalitzada les capacitats que disposen com a persones.<\/p>\n<p>Les diferents empreses\u00a0amb qui col\u00b7laborem s\u00f3n del camp de l\u2019hostaleria, la veterin\u00e0ria, la mec\u00e0nica, la fusteria, fotografia, la jardineria, la perruqueria i l&#8217;administraci\u00f3. Volem agrair, doncs, a aquestes empreses que han volgut col\u00b7laborar de forma altruista amb nosaltres i estem plenament conven\u00e7uts que els nostres alumnes tamb\u00e9 ho agrairan.<\/p>\n\n\t\t<style type=\"text\/css\">\n\t\t\t#gallery-2 {\n\t\t\t\tmargin: auto;\n\t\t\t}\n\t\t\t#gallery-2 .gallery-item {\n\t\t\t\tfloat: left;\n\t\t\t\tmargin-top: 10px;\n\t\t\t\ttext-align: center;\n\t\t\t\twidth: 50%;\n\t\t\t}\n\t\t\t#gallery-2 img {\n\t\t\t\tborder: 2px solid #cfcfcf;\n\t\t\t}\n\t\t\t#gallery-2 .gallery-caption {\n\t\t\t\tmargin-left: 0;\n\t\t\t}\n\t\t\t\/* see gallery_shortcode() in wp-includes\/media.php *\/\n\t\t<\/style>\n\t\t<div id='gallery-2' class='gallery galleryid-9160 gallery-columns-2 gallery-size-large'><dl class='gallery-item'>\n\t\t\t<dt class='gallery-icon portrait'>\n\t\t\t\t<a href='https:\/\/agora.xtec.cat\/insllicamunt2\/el-far-dhipatia\/portada\/comencem-una-nova-etapa-a-les-empreses\/attachment\/img_2807\/'><img loading=\"lazy\" decoding=\"async\" width=\"768\" height=\"1024\" src=\"https:\/\/agora.xtec.cat\/insllicamunt2\/wp-content\/uploads\/usu1100\/2017\/10\/IMG_2807-e1508365254892-768x1024.jpg\" class=\"attachment-large size-large\" alt=\"\" srcset=\"https:\/\/agora.xtec.cat\/insllicamunt2\/wp-content\/uploads\/usu1100\/2017\/10\/IMG_2807-e1508365254892-768x1024.jpg 768w, https:\/\/agora.xtec.cat\/insllicamunt2\/wp-content\/uploads\/usu1100\/2017\/10\/IMG_2807-e1508365254892-225x300.jpg 225w\" sizes=\"auto, (max-width: 768px) 100vw, 768px\" \/><\/a>\n\t\t\t<\/dt><\/dl><dl class='gallery-item'>\n\t\t\t<dt class='gallery-icon portrait'>\n\t\t\t\t<a href='https:\/\/agora.xtec.cat\/insllicamunt2\/el-far-dhipatia\/portada\/comencem-una-nova-etapa-a-les-empreses\/attachment\/img_2812\/'><img loading=\"lazy\" decoding=\"async\" width=\"768\" height=\"1024\" src=\"https:\/\/agora.xtec.cat\/insllicamunt2\/wp-content\/uploads\/usu1100\/2017\/10\/IMG_2812-e1508363098161-768x1024.jpg\" class=\"attachment-large size-large\" alt=\"\" srcset=\"https:\/\/agora.xtec.cat\/insllicamunt2\/wp-content\/uploads\/usu1100\/2017\/10\/IMG_2812-e1508363098161-768x1024.jpg 768w, https:\/\/agora.xtec.cat\/insllicamunt2\/wp-content\/uploads\/usu1100\/2017\/10\/IMG_2812-e1508363098161-225x300.jpg 225w\" sizes=\"auto, (max-width: 768px) 100vw, 768px\" \/><\/a>\n\t\t\t<\/dt><\/dl><br style=\"clear: both\" \/>\n\t\t<\/div>\n\n<p>Ja que aquesta funci\u00f3 t\u00e9 un pes important dins del curr\u00edculum de l&#8217;Amunt, volem donar un \u00e8mfasi a les diferents tasques que han de realitzar els alumnes en cada entitat col\u00b7laboradora. Realitzem un seguiment del projecte colze a colze amb els centres col\u00b7laboradors. Aquesta forma de treballar genera una valoraci\u00f3 positiva en els nostres joves i els proporciona un cam\u00ed de realitzaci\u00f3 personal i d&#8217;aprenentatge.<\/p>\n<p>Tant la tutora, la Tatiana Boladeras, i com el coordinador d&#8217;empreses, en Quico Roig, volem transmetre encoratjar els nostres alumnes en aquest comen\u00e7ament d&#8217;etapa.<\/p>\n\n\t\t<style type=\"text\/css\">\n\t\t\t#gallery-3 {\n\t\t\t\tmargin: auto;\n\t\t\t}\n\t\t\t#gallery-3 .gallery-item {\n\t\t\t\tfloat: left;\n\t\t\t\tmargin-top: 10px;\n\t\t\t\ttext-align: center;\n\t\t\t\twidth: 33%;\n\t\t\t}\n\t\t\t#gallery-3 img {\n\t\t\t\tborder: 2px solid #cfcfcf;\n\t\t\t}\n\t\t\t#gallery-3 .gallery-caption {\n\t\t\t\tmargin-left: 0;\n\t\t\t}\n\t\t\t\/* see gallery_shortcode() in wp-includes\/media.php *\/\n\t\t<\/style>\n\t\t<div id='gallery-3' class='gallery galleryid-9160 gallery-columns-3 gallery-size-large'><dl class='gallery-item'>\n\t\t\t<dt class='gallery-icon portrait'>\n\t\t\t\t<a href='https:\/\/agora.xtec.cat\/insllicamunt2\/el-far-dhipatia\/portada\/comencem-una-nova-etapa-a-les-empreses\/attachment\/img_2808-compressor\/'><img loading=\"lazy\" decoding=\"async\" width=\"768\" height=\"1024\" src=\"https:\/\/agora.xtec.cat\/insllicamunt2\/wp-content\/uploads\/usu1100\/2017\/10\/IMG_2808-compressor-e1508363281136-768x1024.jpg\" class=\"attachment-large size-large\" alt=\"\" srcset=\"https:\/\/agora.xtec.cat\/insllicamunt2\/wp-content\/uploads\/usu1100\/2017\/10\/IMG_2808-compressor-e1508363281136-768x1024.jpg 768w, https:\/\/agora.xtec.cat\/insllicamunt2\/wp-content\/uploads\/usu1100\/2017\/10\/IMG_2808-compressor-e1508363281136-225x300.jpg 225w\" sizes=\"auto, (max-width: 768px) 100vw, 768px\" \/><\/a>\n\t\t\t<\/dt><\/dl><dl class='gallery-item'>\n\t\t\t<dt class='gallery-icon portrait'>\n\t\t\t\t<a href='https:\/\/agora.xtec.cat\/insllicamunt2\/el-far-dhipatia\/portada\/comencem-una-nova-etapa-a-les-empreses\/attachment\/img_2719-compressor\/'><img loading=\"lazy\" decoding=\"async\" width=\"768\" height=\"1024\" src=\"https:\/\/agora.xtec.cat\/insllicamunt2\/wp-content\/uploads\/usu1100\/2017\/10\/IMG_2719-compressor-e1508363149424-768x1024.jpg\" class=\"attachment-large size-large\" alt=\"\" srcset=\"https:\/\/agora.xtec.cat\/insllicamunt2\/wp-content\/uploads\/usu1100\/2017\/10\/IMG_2719-compressor-e1508363149424-768x1024.jpg 768w, https:\/\/agora.xtec.cat\/insllicamunt2\/wp-content\/uploads\/usu1100\/2017\/10\/IMG_2719-compressor-e1508363149424-225x300.jpg 225w\" sizes=\"auto, (max-width: 768px) 100vw, 768px\" \/><\/a>\n\t\t\t<\/dt><\/dl><dl class='gallery-item'>\n\t\t\t<dt class='gallery-icon portrait'>\n\t\t\t\t<a href='https:\/\/agora.xtec.cat\/insllicamunt2\/el-far-dhipatia\/portada\/comencem-una-nova-etapa-a-les-empreses\/attachment\/img_2720-compressor\/'><img loading=\"lazy\" decoding=\"async\" width=\"768\" height=\"1024\" src=\"https:\/\/agora.xtec.cat\/insllicamunt2\/wp-content\/uploads\/usu1100\/2017\/10\/IMG_2720-compressor-e1508363209635-768x1024.jpg\" class=\"attachment-large size-large\" alt=\"\" srcset=\"https:\/\/agora.xtec.cat\/insllicamunt2\/wp-content\/uploads\/usu1100\/2017\/10\/IMG_2720-compressor-e1508363209635-768x1024.jpg 768w, https:\/\/agora.xtec.cat\/insllicamunt2\/wp-content\/uploads\/usu1100\/2017\/10\/IMG_2720-compressor-e1508363209635-225x300.jpg 225w\" sizes=\"auto, (max-width: 768px) 100vw, 768px\" \/><\/a>\n\t\t\t<\/dt><\/dl><br style=\"clear: both\" \/>\n\t\t<\/div>\n\n","protected":false},"excerpt":{"rendered":"<p>El nois i noies del projecte amunt realitzen la seva estada en empreses&hellip;  <a href=\"https:\/\/agora.xtec.cat\/insllicamunt2\/el-far-dhipatia\/portada\/comencem-una-nova-etapa-a-les-empreses\/\" title=\"Read Comencem una nova etapa a les empreses\">Llegeix m\u00e9s\u00bb<\/a><\/p>\n","protected":false},"author":313,"featured_media":9244,"comment_status":"open","ping_status":"closed","sticky":false,"template":"","format":"standard","meta":{"_bbp_topic_count":0,"_bbp_reply_count":0,"_bbp_total_topic_count":0,"_bbp_total_reply_count":0,"_bbp_voice_count":0,"_bbp_anonymous_reply_count":0,"_bbp_topic_count_hidden":0,"_bbp_reply_count_hidden":0,"_bbp_forum_subforum_count":0,"footnotes":""},"categories":[520,1040,29,399],"tags":[],"class_list":["post-9160","post","type-post","status-publish","format-standard","has-post-thumbnail","hentry","category-amunt","category-el-far-dhipatia","category-portada","category-projectes"],"post_mailing_queue_ids":[],"_links":{"self":[{"href":"https:\/\/agora.xtec.cat\/insllicamunt2\/wp-json\/wp\/v2\/posts\/9160","targetHints":{"allow":["GET"]}}],"collection":[{"href":"https:\/\/agora.xtec.cat\/insllicamunt2\/wp-json\/wp\/v2\/posts"}],"about":[{"href":"https:\/\/agora.xtec.cat\/insllicamunt2\/wp-json\/wp\/v2\/types\/post"}],"author":[{"embeddable":true,"href":"https:\/\/agora.xtec.cat\/insllicamunt2\/wp-json\/wp\/v2\/users\/313"}],"replies":[{"embeddable":true,"href":"https:\/\/agora.xtec.cat\/insllicamunt2\/wp-json\/wp\/v2\/comments?post=9160"}],"version-history":[{"count":3,"href":"https:\/\/agora.xtec.cat\/insllicamunt2\/wp-json\/wp\/v2\/posts\/9160\/revisions"}],"predecessor-version":[{"id":9245,"href":"https:\/\/agora.xtec.cat\/insllicamunt2\/wp-json\/wp\/v2\/posts\/9160\/revisions\/9245"}],"wp:featuredmedia":[{"embeddable":true,"href":"https:\/\/agora.xtec.cat\/insllicamunt2\/wp-json\/wp\/v2\/media\/9244"}],"wp:attachment":[{"href":"https:\/\/agora.xtec.cat\/insllicamunt2\/wp-json\/wp\/v2\/media?parent=9160"}],"wp:term":[{"taxonomy":"category","embeddable":true,"href":"https:\/\/agora.xtec.cat\/insllicamunt2\/wp-json\/wp\/v2\/categories?post=9160"},{"taxonomy":"post_tag","embeddable":true,"href":"https:\/\/agora.xtec.cat\/insllicamunt2\/wp-json\/wp\/v2\/tags?post=9160"}],"curies":[{"name":"wp","href":"https:\/\/api.w.org\/{rel}","templated":true}]}}