{"id":6336,"date":"2017-06-29T13:05:18","date_gmt":"2017-06-29T11:05:18","guid":{"rendered":"http:\/\/agora.xtec.cat\/insllicamunt2\/?p=6336"},"modified":"2017-06-29T13:05:18","modified_gmt":"2017-06-29T11:05:18","slug":"gracies-patinodrom","status":"publish","type":"post","link":"https:\/\/agora.xtec.cat\/insllicamunt2\/el-far-dhipatia\/grups\/gracies-patinodrom\/","title":{"rendered":"Gr\u00e0cies, patin\u00f2drom!"},"content":{"rendered":"<p style=\"text-align: justify\">Durant el mes de maig, dins la unitat did\u00e0ctica d\u2019esport de lliscament, hem descobert un nou esport; el Patinatge de velocitat, on 1r i 2n ESO.<\/p>\n<p style=\"text-align: justify\">Gr\u00e0cies a la col.laboraci\u00f3 del club Pati Lli\u00e7\u00e0 d\u2019Amunt i l\u2019Ajuntament de Lli\u00e7\u00e0 d\u2019Amunt hem pogut gaudir d\u2019unes sessions pr\u00e0ctiques al Patin\u00f2drom del nostre municipi. El patin\u00f2drom del Parc Torrent Merdan\u00e7 \u00e9s l\u2019\u00fanica pista oficial de patins de velocitat que hi ha a Catalunya i a mitjans de maig s\u2019hi va celebrar el Campionat d&#8217;Espanya Juvenil, Infantil i la Copa Alev\u00ed.<\/p>\n<p style=\"text-align: justify\">Moltes gr\u00e0cies alumnes, club i Ajuntament per fer possibles aquestes jornades.<\/p>\n<p style=\"text-align: center\"><a href=\"http:\/\/agora.xtec.cat\/insllicamunt2\/wp-content\/uploads\/usu1100\/2017\/06\/IMG-20170529-WA0008.jpg\"><img loading=\"lazy\" decoding=\"async\" class=\"alignnone size-full wp-image-6339\" src=\"http:\/\/agora.xtec.cat\/insllicamunt2\/wp-content\/uploads\/usu1100\/2017\/06\/IMG-20170529-WA0008.jpg\" alt=\"IMG-20170529-WA0008\" width=\"600\" height=\"402\" srcset=\"https:\/\/agora.xtec.cat\/insllicamunt2\/wp-content\/uploads\/usu1100\/2017\/06\/IMG-20170529-WA0008.jpg 600w, https:\/\/agora.xtec.cat\/insllicamunt2\/wp-content\/uploads\/usu1100\/2017\/06\/IMG-20170529-WA0008-300x201.jpg 300w\" sizes=\"auto, (max-width: 600px) 100vw, 600px\" \/><\/a><\/p>\n<p style=\"text-align: justify\">Els que vulgueu entrenar-vos en aquest esport aquest juliol, apropeu-vos a les pistes i contacteu amb el club pat\u00ed Lli\u00e7\u00e0 d&#8217;Amunt.<\/p>\n","protected":false},"excerpt":{"rendered":"<p>Durant el mes de maig, dins la unitat did\u00e0ctica d\u2019esport de lliscament, hem descobert un nou esport; el Patinatge de velocitat, on 1r i 2n ESO.<br \/>\nGr\u00e0cies a la col.laboraci\u00f3 del club Pati Lli\u00e7\u00e0 d\u2019Amunt i l\u2019Ajuntament de Lli\u00e7\u00e0 d\u2019Amunt hem pogut gaudir d\u2019unes sessions pr\u00e0ctiques&hellip;  <a href=\"https:\/\/agora.xtec.cat\/insllicamunt2\/el-far-dhipatia\/grups\/gracies-patinodrom\/\" title=\"Read Gr\u00e0cies, patin\u00f2drom!\">Llegeix m\u00e9s\u00bb<\/a><\/p>\n","protected":false},"author":258,"featured_media":6339,"comment_status":"open","ping_status":"closed","sticky":false,"template":"","format":"standard","meta":{"_bbp_topic_count":0,"_bbp_reply_count":0,"_bbp_total_topic_count":0,"_bbp_total_reply_count":0,"_bbp_voice_count":0,"_bbp_anonymous_reply_count":0,"_bbp_topic_count_hidden":0,"_bbp_reply_count_hidden":0,"_bbp_forum_subforum_count":0,"footnotes":""},"categories":[4,5,6,7,94,99,352,1040,3,346,98,29],"tags":[545,1665,578,1666,1664],"class_list":["post-6336","post","type-post","status-publish","format-standard","has-post-thumbnail","hentry","category-1r-deso","category-2n-deso","category-3r-deso","category-4t-deso","category-activitats-fora-del-centre","category-articles","category-educacio-fisica","category-el-far-dhipatia","category-grups","category-materies","category-noticies-breus","category-portada","tag-ajuntament","tag-club-pati-llica-damunt","tag-educacio-fisica","tag-patinatge-de-velocitat","tag-patinodrom"],"post_mailing_queue_ids":[],"_links":{"self":[{"href":"https:\/\/agora.xtec.cat\/insllicamunt2\/wp-json\/wp\/v2\/posts\/6336","targetHints":{"allow":["GET"]}}],"collection":[{"href":"https:\/\/agora.xtec.cat\/insllicamunt2\/wp-json\/wp\/v2\/posts"}],"about":[{"href":"https:\/\/agora.xtec.cat\/insllicamunt2\/wp-json\/wp\/v2\/types\/post"}],"author":[{"embeddable":true,"href":"https:\/\/agora.xtec.cat\/insllicamunt2\/wp-json\/wp\/v2\/users\/258"}],"replies":[{"embeddable":true,"href":"https:\/\/agora.xtec.cat\/insllicamunt2\/wp-json\/wp\/v2\/comments?post=6336"}],"version-history":[{"count":3,"href":"https:\/\/agora.xtec.cat\/insllicamunt2\/wp-json\/wp\/v2\/posts\/6336\/revisions"}],"predecessor-version":[{"id":6340,"href":"https:\/\/agora.xtec.cat\/insllicamunt2\/wp-json\/wp\/v2\/posts\/6336\/revisions\/6340"}],"wp:featuredmedia":[{"embeddable":true,"href":"https:\/\/agora.xtec.cat\/insllicamunt2\/wp-json\/wp\/v2\/media\/6339"}],"wp:attachment":[{"href":"https:\/\/agora.xtec.cat\/insllicamunt2\/wp-json\/wp\/v2\/media?parent=6336"}],"wp:term":[{"taxonomy":"category","embeddable":true,"href":"https:\/\/agora.xtec.cat\/insllicamunt2\/wp-json\/wp\/v2\/categories?post=6336"},{"taxonomy":"post_tag","embeddable":true,"href":"https:\/\/agora.xtec.cat\/insllicamunt2\/wp-json\/wp\/v2\/tags?post=6336"}],"curies":[{"name":"wp","href":"https:\/\/api.w.org\/{rel}","templated":true}]}}