{"id":6114,"date":"2017-06-02T00:12:16","date_gmt":"2017-06-01T22:12:16","guid":{"rendered":"http:\/\/agora.xtec.cat\/insllicamunt2\/?p=6114"},"modified":"2017-06-05T08:29:48","modified_gmt":"2017-06-05T06:29:48","slug":"el-projecte-anem-al-tenes-mou-tot-el-centre","status":"publish","type":"post","link":"https:\/\/agora.xtec.cat\/insllicamunt2\/el-far-dhipatia\/grups\/el-projecte-anem-al-tenes-mou-tot-el-centre\/","title":{"rendered":"El projecte &#8220;Anem al Tenes&#8221; mou tot el centre"},"content":{"rendered":"<p style=\"text-align: justify;\">Efectivament, l&#8217;<em>Anem al Tenes<\/em> ha mogut a tot l&#8217;alumnat del centre en diverses activitats. L&#8217;objectiu principal era facilitar que l&#8217;alumnat es vincul\u00e9s emocionalment al seu entorn tot fent servir el coneixement i les experi\u00e8ncies que van poder viure com una font de riquesa i aprenentatge.<\/p>\n<p style=\"text-align: justify;\">A la vegada, ha volgut ser el punt de trobada de diferents projectes de centre: Apadrinem el riu Tenes, l&#8217;empremta com a centre ILEC (Impuls lector de centre), la participaci\u00f3 al Projecte Rius de l&#8217;Associaci\u00f3 H\u00e0bitats un any m\u00e9s, les activitats entorn educaci\u00f3 vi\u00e0ria al projecte d&#8217;acci\u00f3 tutorial de 1r i 3r i el programa TEI (Tutoria entre iguals).<\/p>\n<p style=\"text-align: justify;\">El projecte va comen\u00e7ar el dia 18 de maig tot i que a l&#8217;\u00e0rea d&#8217;Educaci\u00f3 F\u00edsica ja havien preparat pr\u00e8viament la bicicletada que vam fer el divendres 19. Vam ser 130 alumnes i 9 adults que vam remuntar riu Tenes amunt des de l&#8217;institut fins a Bigues i Riells.<\/p>\n<p><a href=\"http:\/\/agora.xtec.cat\/insllicamunt2\/wp-content\/uploads\/usu1100\/2017\/06\/B1.jpg\"><img loading=\"lazy\" decoding=\"async\" class=\"size-full wp-image-6115 aligncenter\" src=\"http:\/\/agora.xtec.cat\/insllicamunt2\/wp-content\/uploads\/usu1100\/2017\/06\/B1.jpg\" alt=\"B1\" width=\"640\" height=\"360\" srcset=\"https:\/\/agora.xtec.cat\/insllicamunt2\/wp-content\/uploads\/usu1100\/2017\/06\/B1.jpg 640w, https:\/\/agora.xtec.cat\/insllicamunt2\/wp-content\/uploads\/usu1100\/2017\/06\/B1-300x169.jpg 300w\" sizes=\"auto, (max-width: 640px) 100vw, 640px\" \/><\/a><\/p>\n<p><a href=\"http:\/\/agora.xtec.cat\/insllicamunt2\/wp-content\/uploads\/usu1100\/2017\/06\/B2.jpg\"><img loading=\"lazy\" decoding=\"async\" class=\"size-full wp-image-6116 aligncenter\" src=\"http:\/\/agora.xtec.cat\/insllicamunt2\/wp-content\/uploads\/usu1100\/2017\/06\/B2.jpg\" alt=\"B2\" width=\"360\" height=\"640\" srcset=\"https:\/\/agora.xtec.cat\/insllicamunt2\/wp-content\/uploads\/usu1100\/2017\/06\/B2.jpg 360w, https:\/\/agora.xtec.cat\/insllicamunt2\/wp-content\/uploads\/usu1100\/2017\/06\/B2-169x300.jpg 169w\" sizes=\"auto, (max-width: 360px) 100vw, 360px\" \/><\/a><\/p>\n<p style=\"text-align: justify;\">Ens van ajudar les policies locals de Lli\u00e7\u00e0 d&#8217;Amunt, Protecci\u00f3 Civil (sempre molt atents) i tamb\u00e9 agents de la policia local de Santa Eul\u00e0lia de Ron\u00e7ana i Bigues i Riells perqu\u00e8 vam combinar trams en que per q\u00fcestions de seguretat, eren necessaris. Moltes gr\u00e0cies per la vostra col\u00b7laboraci\u00f3 i per facilitar-nos aquesta il\u00b7lusi\u00f3!!<\/p>\n<p><a href=\"http:\/\/agora.xtec.cat\/insllicamunt2\/wp-content\/uploads\/usu1100\/2017\/06\/B3.jpg\"><img loading=\"lazy\" decoding=\"async\" class=\"size-full wp-image-6117 aligncenter\" src=\"http:\/\/agora.xtec.cat\/insllicamunt2\/wp-content\/uploads\/usu1100\/2017\/06\/B3.jpg\" alt=\"B3\" width=\"640\" height=\"480\" srcset=\"https:\/\/agora.xtec.cat\/insllicamunt2\/wp-content\/uploads\/usu1100\/2017\/06\/B3.jpg 640w, https:\/\/agora.xtec.cat\/insllicamunt2\/wp-content\/uploads\/usu1100\/2017\/06\/B3-300x225.jpg 300w, https:\/\/agora.xtec.cat\/insllicamunt2\/wp-content\/uploads\/usu1100\/2017\/06\/B3-200x150.jpg 200w\" sizes=\"auto, (max-width: 640px) 100vw, 640px\" \/><\/a><\/p>\n<p style=\"text-align: justify;\">Les activitats al llarg del projecte van ser diferents segons el curs i algunes d&#8217;elles es poden seguir al twitter de l&#8217;institut @inshipatia. A 1r van fer la descoberta del riu Tenes a partir de la recerca a l&#8217;aula i al tram apadrinat del riu. A 2n, el projecte es va canalitzar per treballar l&#8217;aigua des de la vessant m\u00e9s reflexiva sobre l&#8217;\u00fas i l&#8217;ab\u00fas d&#8217;aigua al m\u00f3n i el c\u00e0lcul del cabal del Tenes i la qualitat de l&#8217;aigua del riu al seu pas per Lli\u00e7\u00e0 d&#8217;Amunt. La participaci\u00f3 al concurs de fotografia &#8220;Esquitxos&#8221; tamb\u00e9 va ser comuna, aix\u00ed com la manera de treballar el proc\u00e9s reflexiu de l&#8217;alumnat al llarg del seu aprenentatge tal i com es veu reflectit en la fotografia de la web que s&#8217;ha dissenyat per a recollir tot el projecte i que encap\u00e7ala aquesta not\u00edcia.<\/p>\n<p><a href=\"http:\/\/agora.xtec.cat\/insllicamunt2\/wp-content\/uploads\/usu1100\/2017\/06\/Riu-3.jpg\"><img loading=\"lazy\" decoding=\"async\" class=\"size-full wp-image-6118 aligncenter\" src=\"http:\/\/agora.xtec.cat\/insllicamunt2\/wp-content\/uploads\/usu1100\/2017\/06\/Riu-3.jpg\" alt=\"Riu 3\" width=\"640\" height=\"480\" srcset=\"https:\/\/agora.xtec.cat\/insllicamunt2\/wp-content\/uploads\/usu1100\/2017\/06\/Riu-3.jpg 640w, https:\/\/agora.xtec.cat\/insllicamunt2\/wp-content\/uploads\/usu1100\/2017\/06\/Riu-3-300x225.jpg 300w, https:\/\/agora.xtec.cat\/insllicamunt2\/wp-content\/uploads\/usu1100\/2017\/06\/Riu-3-200x150.jpg 200w\" sizes=\"auto, (max-width: 640px) 100vw, 640px\" \/><\/a><\/p>\n<p><a href=\"http:\/\/agora.xtec.cat\/insllicamunt2\/wp-content\/uploads\/usu1100\/2017\/06\/riu-4.jpg\"><img loading=\"lazy\" decoding=\"async\" class=\"size-full wp-image-6119 aligncenter\" src=\"http:\/\/agora.xtec.cat\/insllicamunt2\/wp-content\/uploads\/usu1100\/2017\/06\/riu-4.jpg\" alt=\"riu 4\" width=\"640\" height=\"480\" srcset=\"https:\/\/agora.xtec.cat\/insllicamunt2\/wp-content\/uploads\/usu1100\/2017\/06\/riu-4.jpg 640w, https:\/\/agora.xtec.cat\/insllicamunt2\/wp-content\/uploads\/usu1100\/2017\/06\/riu-4-300x225.jpg 300w, https:\/\/agora.xtec.cat\/insllicamunt2\/wp-content\/uploads\/usu1100\/2017\/06\/riu-4-200x150.jpg 200w\" sizes=\"auto, (max-width: 640px) 100vw, 640px\" \/><\/a><\/p>\n<p style=\"text-align: justify;\">A 3r, l&#8217;objecte d&#8217;estudi va ser la interacci\u00f3 de l&#8217;\u00e9sser hum\u00e0 amb el medi i investigar la conviv\u00e8ncia, no sempre f\u00e0cil, del municipi amb el riu.<\/p>\n<p><a href=\"http:\/\/agora.xtec.cat\/insllicamunt2\/wp-content\/uploads\/usu1100\/2017\/06\/riu2.jpg\"><img loading=\"lazy\" decoding=\"async\" class=\"size-full wp-image-6120 aligncenter\" src=\"http:\/\/agora.xtec.cat\/insllicamunt2\/wp-content\/uploads\/usu1100\/2017\/06\/riu2.jpg\" alt=\"riu2\" width=\"640\" height=\"480\" srcset=\"https:\/\/agora.xtec.cat\/insllicamunt2\/wp-content\/uploads\/usu1100\/2017\/06\/riu2.jpg 640w, https:\/\/agora.xtec.cat\/insllicamunt2\/wp-content\/uploads\/usu1100\/2017\/06\/riu2-300x225.jpg 300w, https:\/\/agora.xtec.cat\/insllicamunt2\/wp-content\/uploads\/usu1100\/2017\/06\/riu2-200x150.jpg 200w\" sizes=\"auto, (max-width: 640px) 100vw, 640px\" \/><\/a><\/p>\n<p>Durant el disseny i l&#8217;elaboraci\u00f3 del projecte, vam rebre el suport del t\u00e8cnic de Medi Ambient de l&#8217;Ajuntament, en Xavier Junqueras, que sempre ha col\u00b7laborat en l&#8217;Apadrinament que fem al riu i una vegada m\u00e9s va respondre amb entusiasme al projecte.<\/p>\n<p><a href=\"http:\/\/agora.xtec.cat\/insllicamunt2\/wp-content\/uploads\/usu1100\/2017\/06\/junqueras.jpg\"><img loading=\"lazy\" decoding=\"async\" class=\"size-full wp-image-6128 aligncenter\" src=\"http:\/\/agora.xtec.cat\/insllicamunt2\/wp-content\/uploads\/usu1100\/2017\/06\/junqueras.jpg\" alt=\"junqueras\" width=\"640\" height=\"480\" srcset=\"https:\/\/agora.xtec.cat\/insllicamunt2\/wp-content\/uploads\/usu1100\/2017\/06\/junqueras.jpg 640w, https:\/\/agora.xtec.cat\/insllicamunt2\/wp-content\/uploads\/usu1100\/2017\/06\/junqueras-300x225.jpg 300w, https:\/\/agora.xtec.cat\/insllicamunt2\/wp-content\/uploads\/usu1100\/2017\/06\/junqueras-200x150.jpg 200w\" sizes=\"auto, (max-width: 640px) 100vw, 640px\" \/><\/a><\/p>\n<p style=\"text-align: justify;\">La setmana va culminar amb la segona edici\u00f3 del RECITEM AL TENES en qu\u00e8 alumnes de 2n i 4t van llegir en veu alta un seguit de poemes que havien treballat durant dues setmanes a l&#8217;hora del PLEC.<\/p>\n<p><a href=\"http:\/\/agora.xtec.cat\/insllicamunt2\/wp-content\/uploads\/usu1100\/2017\/06\/REcitem-2.jpg\"><img loading=\"lazy\" decoding=\"async\" class=\"size-full wp-image-6122 aligncenter\" src=\"http:\/\/agora.xtec.cat\/insllicamunt2\/wp-content\/uploads\/usu1100\/2017\/06\/REcitem-2.jpg\" alt=\"REcitem 2\" width=\"640\" height=\"480\" srcset=\"https:\/\/agora.xtec.cat\/insllicamunt2\/wp-content\/uploads\/usu1100\/2017\/06\/REcitem-2.jpg 640w, https:\/\/agora.xtec.cat\/insllicamunt2\/wp-content\/uploads\/usu1100\/2017\/06\/REcitem-2-300x225.jpg 300w, https:\/\/agora.xtec.cat\/insllicamunt2\/wp-content\/uploads\/usu1100\/2017\/06\/REcitem-2-200x150.jpg 200w\" sizes=\"auto, (max-width: 640px) 100vw, 640px\" \/><\/a><\/p>\n<p style=\"text-align: justify;\">Per separat, els alumnes de 2n i de 4t van estar llegint, escoltant i comentant el que els despertaven la selecci\u00f3 de poemes que havien fet un grup de professors. Per facilitar el modelatge, la majoria de poemes els van sentir tamb\u00e9 recitats per rapsodes experts o b\u00e9 musicats.<\/p>\n<p style=\"text-align: justify;\">L&#8217;objectiu, com el curs passat, era vincular l&#8217;alumnat de dos cursos diferents en una activitat internivells i aquest curs, de consolidaci\u00f3 del TEI al centre, es va voler fer aquesta activitat fent servir les parelles de Tutors entre iguals de 1r i 3r del curs passat (amb alguns canvis).<\/p>\n<p><a href=\"http:\/\/agora.xtec.cat\/insllicamunt2\/wp-content\/uploads\/usu1100\/2017\/06\/recitem-4.jpg\"><img loading=\"lazy\" decoding=\"async\" class=\"size-full wp-image-6129 aligncenter\" src=\"http:\/\/agora.xtec.cat\/insllicamunt2\/wp-content\/uploads\/usu1100\/2017\/06\/recitem-4.jpg\" alt=\"recitem 4\" width=\"640\" height=\"480\" srcset=\"https:\/\/agora.xtec.cat\/insllicamunt2\/wp-content\/uploads\/usu1100\/2017\/06\/recitem-4.jpg 640w, https:\/\/agora.xtec.cat\/insllicamunt2\/wp-content\/uploads\/usu1100\/2017\/06\/recitem-4-300x225.jpg 300w, https:\/\/agora.xtec.cat\/insllicamunt2\/wp-content\/uploads\/usu1100\/2017\/06\/recitem-4-200x150.jpg 200w\" sizes=\"auto, (max-width: 640px) 100vw, 640px\" \/><\/a><\/p>\n<p>Un cop retrobats a les aules i distribu\u00efts entre les 4 aules de 2n i 4t, van escollir un poema i les parelles volunt\u00e0ries que van voler, van sortir a recitar.<\/p>\n<p><a href=\"http:\/\/agora.xtec.cat\/insllicamunt2\/wp-content\/uploads\/usu1100\/2017\/06\/REcitem1.jpg\"><img loading=\"lazy\" decoding=\"async\" class=\"size-full wp-image-6123 aligncenter\" src=\"http:\/\/agora.xtec.cat\/insllicamunt2\/wp-content\/uploads\/usu1100\/2017\/06\/REcitem1.jpg\" alt=\"REcitem1\" width=\"640\" height=\"360\" srcset=\"https:\/\/agora.xtec.cat\/insllicamunt2\/wp-content\/uploads\/usu1100\/2017\/06\/REcitem1.jpg 640w, https:\/\/agora.xtec.cat\/insllicamunt2\/wp-content\/uploads\/usu1100\/2017\/06\/REcitem1-300x169.jpg 300w\" sizes=\"auto, (max-width: 640px) 100vw, 640px\" \/><\/a><\/p>\n<p><a href=\"http:\/\/agora.xtec.cat\/insllicamunt2\/wp-content\/uploads\/usu1100\/2017\/06\/recitem-3.jpg\"><img loading=\"lazy\" decoding=\"async\" class=\"size-full wp-image-6124 aligncenter\" src=\"http:\/\/agora.xtec.cat\/insllicamunt2\/wp-content\/uploads\/usu1100\/2017\/06\/recitem-3.jpg\" alt=\"recitem 3\" width=\"640\" height=\"480\" srcset=\"https:\/\/agora.xtec.cat\/insllicamunt2\/wp-content\/uploads\/usu1100\/2017\/06\/recitem-3.jpg 640w, https:\/\/agora.xtec.cat\/insllicamunt2\/wp-content\/uploads\/usu1100\/2017\/06\/recitem-3-300x225.jpg 300w, https:\/\/agora.xtec.cat\/insllicamunt2\/wp-content\/uploads\/usu1100\/2017\/06\/recitem-3-200x150.jpg 200w\" sizes=\"auto, (max-width: 640px) 100vw, 640px\" \/><\/a><\/p>\n<p style=\"text-align: justify;\">L&#8217;acte tamb\u00e9 va servir perqu\u00e8 els alumnes de 4t deixin la seva empremta amb la plantaci\u00f3 d&#8217;un freixe de fulla petita. \u00c9s el senyal del seu pas pel centre i la col\u00b7laboraci\u00f3 en la recuperaci\u00f3 i manteniment de la llera del Tenes.<\/p>\n<p style=\"text-align: justify;\">Han estat dies intensos, i m\u00e9s tenint en compte que estem a final de curs, per\u00f2 aquest projecte s&#8217;havia de fer en el marc de la campanya de prospecci\u00f3 de primavera per seguir amb el comprom\u00eds del centre amb el Projecte Rius.\u00a0 L&#8217;esfor\u00e7 de tots plegats ha valgut la pena perqu\u00e8 veiem que l&#8217;objectiu inicial, s&#8217;ha complert.<\/p>\n","protected":false},"excerpt":{"rendered":"<p>Efectivament, l&#8217;Anem al Tenes ha mogut a tot l&#8217;alumnat del centre en diverses activitats. L&#8217;objectiu principal era facilitar que l&#8217;alumnat es vincul\u00e9s emocionalment al seu entorn tot fent servir el coneixement i les experi\u00e8ncies que van poder viure com una font de riquesa i aprenentatge.<br \/>\nA&hellip;  <a href=\"https:\/\/agora.xtec.cat\/insllicamunt2\/el-far-dhipatia\/grups\/el-projecte-anem-al-tenes-mou-tot-el-centre\/\" title=\"Read El projecte &#8220;Anem al Tenes&#8221; mou tot el centre\">Llegeix m\u00e9s\u00bb<\/a><\/p>\n","protected":false},"author":246,"featured_media":6125,"comment_status":"open","ping_status":"closed","sticky":false,"template":"","format":"standard","meta":{"_bbp_topic_count":0,"_bbp_reply_count":0,"_bbp_total_topic_count":0,"_bbp_total_reply_count":0,"_bbp_voice_count":0,"_bbp_anonymous_reply_count":0,"_bbp_topic_count_hidden":0,"_bbp_reply_count_hidden":0,"_bbp_forum_subforum_count":0,"footnotes":""},"categories":[4,5,6,7,93,101,94,408,800,401,593,1040,3,98,29,399,1173],"tags":[793,1636,193,1635,1546,1637,523,1638,108,1175,107],"class_list":["post-6114","post","type-post","status-publish","format-standard","has-post-thumbnail","hentry","category-1r-deso","category-2n-deso","category-3r-deso","category-4t-deso","category-activitats-daula","category-activitats-de-centre","category-activitats-fora-del-centre","category-al-voltant-de-la-lectura","category-apadrinem-el-riu-tenes","category-la-biblioteca-dalexandria","category-comunitat-educativa","category-el-far-dhipatia","category-grups","category-noticies-breus","category-portada","category-projectes","category-tutoria-entre-iguals","tag-apadrinem-el-riu-tenes","tag-arrelament","tag-bicicletada","tag-entorn","tag-llica","tag-municipi","tag-projectes","tag-recital","tag-riu","tag-tei","tag-tenes"],"post_mailing_queue_ids":[],"_links":{"self":[{"href":"https:\/\/agora.xtec.cat\/insllicamunt2\/wp-json\/wp\/v2\/posts\/6114","targetHints":{"allow":["GET"]}}],"collection":[{"href":"https:\/\/agora.xtec.cat\/insllicamunt2\/wp-json\/wp\/v2\/posts"}],"about":[{"href":"https:\/\/agora.xtec.cat\/insllicamunt2\/wp-json\/wp\/v2\/types\/post"}],"author":[{"embeddable":true,"href":"https:\/\/agora.xtec.cat\/insllicamunt2\/wp-json\/wp\/v2\/users\/246"}],"replies":[{"embeddable":true,"href":"https:\/\/agora.xtec.cat\/insllicamunt2\/wp-json\/wp\/v2\/comments?post=6114"}],"version-history":[{"count":3,"href":"https:\/\/agora.xtec.cat\/insllicamunt2\/wp-json\/wp\/v2\/posts\/6114\/revisions"}],"predecessor-version":[{"id":6133,"href":"https:\/\/agora.xtec.cat\/insllicamunt2\/wp-json\/wp\/v2\/posts\/6114\/revisions\/6133"}],"wp:featuredmedia":[{"embeddable":true,"href":"https:\/\/agora.xtec.cat\/insllicamunt2\/wp-json\/wp\/v2\/media\/6125"}],"wp:attachment":[{"href":"https:\/\/agora.xtec.cat\/insllicamunt2\/wp-json\/wp\/v2\/media?parent=6114"}],"wp:term":[{"taxonomy":"category","embeddable":true,"href":"https:\/\/agora.xtec.cat\/insllicamunt2\/wp-json\/wp\/v2\/categories?post=6114"},{"taxonomy":"post_tag","embeddable":true,"href":"https:\/\/agora.xtec.cat\/insllicamunt2\/wp-json\/wp\/v2\/tags?post=6114"}],"curies":[{"name":"wp","href":"https:\/\/api.w.org\/{rel}","templated":true}]}}