{"id":6106,"date":"2017-04-07T20:03:56","date_gmt":"2017-04-07T18:03:56","guid":{"rendered":"http:\/\/agora.xtec.cat\/insllicamunt2\/?p=6106"},"modified":"2017-06-02T10:45:17","modified_gmt":"2017-06-02T08:45:17","slug":"tornem-a-llegir-a-la-garriga","status":"publish","type":"post","link":"https:\/\/agora.xtec.cat\/insllicamunt2\/el-far-dhipatia\/grups\/tornem-a-llegir-a-la-garriga\/","title":{"rendered":"Tornem a llegir a la Garriga"},"content":{"rendered":"<p style=\"text-align: justify;\">El passat dia 4 d&#8217;abril l&#8217;alumnat seleccionat per llegir als quarts de final del XIII Certamen de Lectura en veu alta i uns quants acompanyants vam anar a llegir i a escoltar les lectures dels quarts de final que es feien al teatre El Patronat de La Garriga.<\/p>\n<p style=\"text-align: center;\"><a href=\"http:\/\/agora.xtec.cat\/insllicamunt2\/wp-content\/uploads\/usu1100\/2017\/06\/P1070631def.jpg\"><img loading=\"lazy\" decoding=\"async\" class=\"aligncenter size-full wp-image-6109\" src=\"http:\/\/agora.xtec.cat\/insllicamunt2\/wp-content\/uploads\/usu1100\/2017\/06\/P1070631def.jpg\" alt=\"P1070631def\" width=\"600\" height=\"450\" srcset=\"https:\/\/agora.xtec.cat\/insllicamunt2\/wp-content\/uploads\/usu1100\/2017\/06\/P1070631def.jpg 600w, https:\/\/agora.xtec.cat\/insllicamunt2\/wp-content\/uploads\/usu1100\/2017\/06\/P1070631def-300x225.jpg 300w, https:\/\/agora.xtec.cat\/insllicamunt2\/wp-content\/uploads\/usu1100\/2017\/06\/P1070631def-200x150.jpg 200w\" sizes=\"auto, (max-width: 600px) 100vw, 600px\" \/><\/a><\/p>\n<p style=\"text-align: justify;\">A la categoria dels corsaris hi ten\u00edem a la Paola Cases de 2n i a la tropa de corsaris, l&#8217;Anna Rodr\u00edguez, l&#8217;Eva Guerrero i la Judith Blanco de 3r.<\/p>\n<p style=\"text-align: center;\"><a href=\"http:\/\/agora.xtec.cat\/insllicamunt2\/wp-content\/uploads\/usu1100\/2017\/06\/P1070680def.jpg\"><img loading=\"lazy\" decoding=\"async\" class=\"aligncenter size-full wp-image-6110\" src=\"http:\/\/agora.xtec.cat\/insllicamunt2\/wp-content\/uploads\/usu1100\/2017\/06\/P1070680def.jpg\" alt=\"P1070680def\" width=\"600\" height=\"450\" srcset=\"https:\/\/agora.xtec.cat\/insllicamunt2\/wp-content\/uploads\/usu1100\/2017\/06\/P1070680def.jpg 600w, https:\/\/agora.xtec.cat\/insllicamunt2\/wp-content\/uploads\/usu1100\/2017\/06\/P1070680def-300x225.jpg 300w, https:\/\/agora.xtec.cat\/insllicamunt2\/wp-content\/uploads\/usu1100\/2017\/06\/P1070680def-200x150.jpg 200w\" sizes=\"auto, (max-width: 600px) 100vw, 600px\" \/><\/a><\/p>\n<p style=\"text-align: justify;\">Podeu veure els v\u00eddeos tot seguit:<\/p>\n<p style=\"text-align: center;\"><iframe loading=\"lazy\" src=\"\/\/www.youtube.com\/embed\/OwZypJ4Utvc\" width=\"640\" height=\"360\" frameborder=\"0\" allowfullscreen=\"allowfullscreen\"><\/iframe><\/p>\n<p style=\"text-align: center;\"><iframe loading=\"lazy\" src=\"\/\/www.youtube.com\/embed\/WvpQkSLr5wk\" width=\"640\" height=\"360\" frameborder=\"0\" allowfullscreen=\"allowfullscreen\"><\/iframe><\/p>\n<p style=\"text-align: justify;\">Tot i que no vam poder passar a la semifinal, les alumnes lectores van sentir-se molt b\u00e9 dalt de l&#8217;escenari i els acompanyants van gaudir molt de l&#8217;experi\u00e8ncia.<\/p>\n<p style=\"text-align: center;\"><a href=\"http:\/\/agora.xtec.cat\/insllicamunt2\/wp-content\/uploads\/usu1100\/2017\/06\/IMG_3368.jpg\"><img loading=\"lazy\" decoding=\"async\" class=\"aligncenter size-full wp-image-6108\" src=\"http:\/\/agora.xtec.cat\/insllicamunt2\/wp-content\/uploads\/usu1100\/2017\/06\/IMG_3368.jpg\" alt=\"IMG_3368\" width=\"600\" height=\"450\" srcset=\"https:\/\/agora.xtec.cat\/insllicamunt2\/wp-content\/uploads\/usu1100\/2017\/06\/IMG_3368.jpg 600w, https:\/\/agora.xtec.cat\/insllicamunt2\/wp-content\/uploads\/usu1100\/2017\/06\/IMG_3368-300x225.jpg 300w, https:\/\/agora.xtec.cat\/insllicamunt2\/wp-content\/uploads\/usu1100\/2017\/06\/IMG_3368-200x150.jpg 200w\" sizes=\"auto, (max-width: 600px) 100vw, 600px\" \/><\/a><\/p>\n<p style=\"text-align: center;\">Aquesta \u00faltima imatge \u00e9s feta per la Laura Clap\u00e9 de 3r A. Gr\u00e0cies!<\/p>\n","protected":false},"excerpt":{"rendered":"<p>El passat dia 4 d&#8217;abril l&#8217;alumnat seleccionat per llegir als quarts de final del XIII Certamen de Lectura en veu alta i uns quants acompanyants vam anar a llegir i a escoltar les lectures dels quarts de final que es feien al teatre El Patronat&hellip;  <a href=\"https:\/\/agora.xtec.cat\/insllicamunt2\/el-far-dhipatia\/grups\/tornem-a-llegir-a-la-garriga\/\" title=\"Read Tornem a llegir a la Garriga\">Llegeix m\u00e9s\u00bb<\/a><\/p>\n","protected":false},"author":242,"featured_media":6108,"comment_status":"open","ping_status":"closed","sticky":false,"template":"","format":"standard","meta":{"_bbp_topic_count":0,"_bbp_reply_count":0,"_bbp_total_topic_count":0,"_bbp_total_reply_count":0,"_bbp_voice_count":0,"_bbp_anonymous_reply_count":0,"_bbp_topic_count_hidden":0,"_bbp_reply_count_hidden":0,"_bbp_forum_subforum_count":0,"footnotes":""},"categories":[5,6,7,101,94,408,99,401,349,1040,3,98,29,97,361],"tags":[284,854,279,1246,965,115,1634,516,61,114,469,1633],"class_list":["post-6106","post","type-post","status-publish","format-standard","has-post-thumbnail","hentry","category-2n-deso","category-3r-deso","category-4t-deso","category-activitats-de-centre","category-activitats-fora-del-centre","category-al-voltant-de-la-lectura","category-articles","category-la-biblioteca-dalexandria","category-catala","category-el-far-dhipatia","category-grups","category-noticies-breus","category-portada","category-premis-i-concursos","category-tutoria","tag-2n-deso","tag-3r-deso","tag-4t-deso","tag-activitats-fora-del-centre","tag-biblioteca-dalexandria","tag-certamen","tag-corsaris","tag-ilec","tag-lectura","tag-lectura-en-veu-alta","tag-llengua-catalana","tag-tropa-de-corsaris"],"post_mailing_queue_ids":[],"_links":{"self":[{"href":"https:\/\/agora.xtec.cat\/insllicamunt2\/wp-json\/wp\/v2\/posts\/6106","targetHints":{"allow":["GET"]}}],"collection":[{"href":"https:\/\/agora.xtec.cat\/insllicamunt2\/wp-json\/wp\/v2\/posts"}],"about":[{"href":"https:\/\/agora.xtec.cat\/insllicamunt2\/wp-json\/wp\/v2\/types\/post"}],"author":[{"embeddable":true,"href":"https:\/\/agora.xtec.cat\/insllicamunt2\/wp-json\/wp\/v2\/users\/242"}],"replies":[{"embeddable":true,"href":"https:\/\/agora.xtec.cat\/insllicamunt2\/wp-json\/wp\/v2\/comments?post=6106"}],"version-history":[{"count":3,"href":"https:\/\/agora.xtec.cat\/insllicamunt2\/wp-json\/wp\/v2\/posts\/6106\/revisions"}],"predecessor-version":[{"id":6132,"href":"https:\/\/agora.xtec.cat\/insllicamunt2\/wp-json\/wp\/v2\/posts\/6106\/revisions\/6132"}],"wp:featuredmedia":[{"embeddable":true,"href":"https:\/\/agora.xtec.cat\/insllicamunt2\/wp-json\/wp\/v2\/media\/6108"}],"wp:attachment":[{"href":"https:\/\/agora.xtec.cat\/insllicamunt2\/wp-json\/wp\/v2\/media?parent=6106"}],"wp:term":[{"taxonomy":"category","embeddable":true,"href":"https:\/\/agora.xtec.cat\/insllicamunt2\/wp-json\/wp\/v2\/categories?post=6106"},{"taxonomy":"post_tag","embeddable":true,"href":"https:\/\/agora.xtec.cat\/insllicamunt2\/wp-json\/wp\/v2\/tags?post=6106"}],"curies":[{"name":"wp","href":"https:\/\/api.w.org\/{rel}","templated":true}]}}