{"id":6075,"date":"2017-05-30T10:38:39","date_gmt":"2017-05-30T08:38:39","guid":{"rendered":"http:\/\/agora.xtec.cat\/insllicamunt2\/?p=6075"},"modified":"2017-05-30T10:39:55","modified_gmt":"2017-05-30T08:39:55","slug":"marina","status":"publish","type":"post","link":"https:\/\/agora.xtec.cat\/insllicamunt2\/el-far-dhipatia\/grups\/marina\/","title":{"rendered":"Marina"},"content":{"rendered":"<p style=\"text-align: justify;\">Fa un temps que a l&#8217;hora del plec em vaig comen\u00e7ar a llegir el llibre de Carlos Ruiz Zaf\u00f3n, Marina.<\/p>\n<p style=\"text-align: justify;\">La novel\u00b7la est\u00e0 molt b\u00e9, perqu\u00e8 et fa sentir com si tu estiguessis visquent la hist\u00f2ria i la vida dels personatges principals, la Marina i l&#8217;Oscar. La novel\u00b7la t\u00e9 de tot, misteri, drama, amor i amistat. La recomano bastant.<\/p>\n","protected":false},"excerpt":{"rendered":"<p>Fa un temps que a l&#8217;hora del plec em vaig comen\u00e7ar a llegir el llibre de Carlos Ruiz Zaf\u00f3n, Marina.<br \/>\nLa novel\u00b7la est\u00e0 molt b\u00e9, perqu\u00e8 et fa sentir com si tu estiguessis visquent la hist\u00f2ria i la vida dels personatges principals, la Marina i l&#8217;Oscar.&hellip;  <a href=\"https:\/\/agora.xtec.cat\/insllicamunt2\/el-far-dhipatia\/grups\/marina\/\" title=\"Read Marina\">Llegeix m\u00e9s\u00bb<\/a><\/p>\n","protected":false},"author":291,"featured_media":6076,"comment_status":"open","ping_status":"closed","sticky":false,"template":"","format":"standard","meta":{"_bbp_topic_count":0,"_bbp_reply_count":0,"_bbp_total_topic_count":0,"_bbp_total_reply_count":0,"_bbp_voice_count":0,"_bbp_anonymous_reply_count":0,"_bbp_topic_count_hidden":0,"_bbp_reply_count_hidden":0,"_bbp_forum_subforum_count":0,"footnotes":""},"categories":[6,93,99,401,96,1040,3,409,98,29],"tags":[1245,1339,427,1629,59],"class_list":["post-6075","post","type-post","status-publish","format-standard","has-post-thumbnail","hentry","category-3r-deso","category-activitats-daula","category-articles","category-la-biblioteca-dalexandria","category-editorial-i-opinio","category-el-far-dhipatia","category-grups","category-lectura-recomanada","category-noticies-breus","category-portada","tag-carlos-ruiz-zafon","tag-lectura-recomanada","tag-llibre","tag-marina","tag-plec"],"post_mailing_queue_ids":[],"_links":{"self":[{"href":"https:\/\/agora.xtec.cat\/insllicamunt2\/wp-json\/wp\/v2\/posts\/6075","targetHints":{"allow":["GET"]}}],"collection":[{"href":"https:\/\/agora.xtec.cat\/insllicamunt2\/wp-json\/wp\/v2\/posts"}],"about":[{"href":"https:\/\/agora.xtec.cat\/insllicamunt2\/wp-json\/wp\/v2\/types\/post"}],"author":[{"embeddable":true,"href":"https:\/\/agora.xtec.cat\/insllicamunt2\/wp-json\/wp\/v2\/users\/291"}],"replies":[{"embeddable":true,"href":"https:\/\/agora.xtec.cat\/insllicamunt2\/wp-json\/wp\/v2\/comments?post=6075"}],"version-history":[{"count":1,"href":"https:\/\/agora.xtec.cat\/insllicamunt2\/wp-json\/wp\/v2\/posts\/6075\/revisions"}],"predecessor-version":[{"id":6077,"href":"https:\/\/agora.xtec.cat\/insllicamunt2\/wp-json\/wp\/v2\/posts\/6075\/revisions\/6077"}],"wp:featuredmedia":[{"embeddable":true,"href":"https:\/\/agora.xtec.cat\/insllicamunt2\/wp-json\/wp\/v2\/media\/6076"}],"wp:attachment":[{"href":"https:\/\/agora.xtec.cat\/insllicamunt2\/wp-json\/wp\/v2\/media?parent=6075"}],"wp:term":[{"taxonomy":"category","embeddable":true,"href":"https:\/\/agora.xtec.cat\/insllicamunt2\/wp-json\/wp\/v2\/categories?post=6075"},{"taxonomy":"post_tag","embeddable":true,"href":"https:\/\/agora.xtec.cat\/insllicamunt2\/wp-json\/wp\/v2\/tags?post=6075"}],"curies":[{"name":"wp","href":"https:\/\/api.w.org\/{rel}","templated":true}]}}