{"id":6027,"date":"2017-05-26T08:40:11","date_gmt":"2017-05-26T06:40:11","guid":{"rendered":"http:\/\/agora.xtec.cat\/insllicamunt2\/?p=6027"},"modified":"2017-05-26T08:41:41","modified_gmt":"2017-05-26T06:41:41","slug":"after","status":"publish","type":"post","link":"https:\/\/agora.xtec.cat\/insllicamunt2\/el-far-dhipatia\/grups\/after\/","title":{"rendered":"After"},"content":{"rendered":"<p style=\"text-align: justify;\">El llibre tracta d&#8217;una noia anomenada Tessa que comen\u00e7a el seu primer any a l&#8217;universitat. Coneix a un noi, Hardin, que \u00e9s molt diferent a ella. Acaben enamorant-se.<\/p>\n<p style=\"text-align: center;\"><img loading=\"lazy\" decoding=\"async\" class=\"aligncenter size-full wp-image-6029\" src=\"http:\/\/agora.xtec.cat\/insllicamunt2\/wp-content\/uploads\/usu1100\/2017\/05\/Watermarked2017-05-26-0839.jpg\" alt=\"Watermarked(2017-05-26-0839)\" width=\"450\" height=\"600\" srcset=\"https:\/\/agora.xtec.cat\/insllicamunt2\/wp-content\/uploads\/usu1100\/2017\/05\/Watermarked2017-05-26-0839.jpg 450w, https:\/\/agora.xtec.cat\/insllicamunt2\/wp-content\/uploads\/usu1100\/2017\/05\/Watermarked2017-05-26-0839-225x300.jpg 225w\" sizes=\"auto, (max-width: 450px) 100vw, 450px\" \/><\/p>\n<p style=\"text-align: justify;\">A mi em sembla un llibre f\u00e0cil de llegir en poc temps perqu\u00e8 et mant\u00e9 amb l&#8217;intriga de qu\u00e8 pasar\u00e0. Aquest llibre el recomano per adolescents i als que els hi agradi els llibres d&#8217;amor.<\/p>\n","protected":false},"excerpt":{"rendered":"<p>El llibre tracta d&#8217;una noia anomenada Tessa que comen\u00e7a el seu primer any a l&#8217;universitat. Coneix a un noi, Hardin, que \u00e9s molt diferent a ella. Acaben enamorant-se.<\/p>\n<p>A mi em sembla un llibre f\u00e0cil de llegir en poc temps perqu\u00e8 et mant\u00e9 amb l&#8217;intriga de&hellip;  <a href=\"https:\/\/agora.xtec.cat\/insllicamunt2\/el-far-dhipatia\/grups\/after\/\" title=\"Read After\">Llegeix m\u00e9s\u00bb<\/a><\/p>\n","protected":false},"author":235,"featured_media":6029,"comment_status":"open","ping_status":"closed","sticky":false,"template":"","format":"standard","meta":{"_bbp_topic_count":0,"_bbp_reply_count":0,"_bbp_total_topic_count":0,"_bbp_total_reply_count":0,"_bbp_voice_count":0,"_bbp_anonymous_reply_count":0,"_bbp_topic_count_hidden":0,"_bbp_reply_count_hidden":0,"_bbp_forum_subforum_count":0,"footnotes":""},"categories":[6,93,99,401,1040,3,409,98,29],"tags":[1627,1339,427,59],"class_list":["post-6027","post","type-post","status-publish","format-standard","has-post-thumbnail","hentry","category-3r-deso","category-activitats-daula","category-articles","category-la-biblioteca-dalexandria","category-el-far-dhipatia","category-grups","category-lectura-recomanada","category-noticies-breus","category-portada","tag-after","tag-lectura-recomanada","tag-llibre","tag-plec"],"post_mailing_queue_ids":[],"_links":{"self":[{"href":"https:\/\/agora.xtec.cat\/insllicamunt2\/wp-json\/wp\/v2\/posts\/6027","targetHints":{"allow":["GET"]}}],"collection":[{"href":"https:\/\/agora.xtec.cat\/insllicamunt2\/wp-json\/wp\/v2\/posts"}],"about":[{"href":"https:\/\/agora.xtec.cat\/insllicamunt2\/wp-json\/wp\/v2\/types\/post"}],"author":[{"embeddable":true,"href":"https:\/\/agora.xtec.cat\/insllicamunt2\/wp-json\/wp\/v2\/users\/235"}],"replies":[{"embeddable":true,"href":"https:\/\/agora.xtec.cat\/insllicamunt2\/wp-json\/wp\/v2\/comments?post=6027"}],"version-history":[{"count":2,"href":"https:\/\/agora.xtec.cat\/insllicamunt2\/wp-json\/wp\/v2\/posts\/6027\/revisions"}],"predecessor-version":[{"id":6030,"href":"https:\/\/agora.xtec.cat\/insllicamunt2\/wp-json\/wp\/v2\/posts\/6027\/revisions\/6030"}],"wp:featuredmedia":[{"embeddable":true,"href":"https:\/\/agora.xtec.cat\/insllicamunt2\/wp-json\/wp\/v2\/media\/6029"}],"wp:attachment":[{"href":"https:\/\/agora.xtec.cat\/insllicamunt2\/wp-json\/wp\/v2\/media?parent=6027"}],"wp:term":[{"taxonomy":"category","embeddable":true,"href":"https:\/\/agora.xtec.cat\/insllicamunt2\/wp-json\/wp\/v2\/categories?post=6027"},{"taxonomy":"post_tag","embeddable":true,"href":"https:\/\/agora.xtec.cat\/insllicamunt2\/wp-json\/wp\/v2\/tags?post=6027"}],"curies":[{"name":"wp","href":"https:\/\/api.w.org\/{rel}","templated":true}]}}