{"id":6019,"date":"2017-06-02T14:03:21","date_gmt":"2017-06-02T12:03:21","guid":{"rendered":"http:\/\/agora.xtec.cat\/insllicamunt2\/?p=6019"},"modified":"2017-06-11T19:48:12","modified_gmt":"2017-06-11T17:48:12","slug":"llegim-i-donem-premi","status":"publish","type":"post","link":"https:\/\/agora.xtec.cat\/insllicamunt2\/el-far-dhipatia\/grups\/llegim-i-donem-premi\/","title":{"rendered":"Llegim i donem premi!"},"content":{"rendered":"<p style=\"text-align: justify;\">Per segon any consecutiu hem participal al Premi de Literatura Juvenil Protagonista Jove en la seva 21 edici\u00f3 organitzat pel Consell Catal\u00e0 del Llibre infantil i juvenil.<\/p>\n<p style=\"text-align: justify;\">Durant el PLEC alguns alumnes voluntaris de 2n van participar fent la lectura dels 4 llibres proposats a la categoria de 13-14 anys: <em>L&#8217;artilleria de Mr Smith<\/em> de Francesc Puigpelat, <em>Adam i Thomas<\/em> d&#8217;Aharon Appelfeld, <em>Un monstre em ve a veure<\/em> de Patrick Ness i <em>Magnus Chase i els D\u00e9us d&#8217;Asgard 1: l&#8217;espasa de l&#8217;estiu&#8230;<\/em> de Rick Riordan i alguns alumnes de 3r i 4t van fer la lectura de les obres de la categoria de 15-16 anys: <em>Les pereres fan la flor blanca<\/em> de Gerbrand Bakker, <em>L&#8217;efecte Calders<\/em> de Santi Bar\u00f3, <em>La venjan\u00e7a dels Panteres Negre<\/em> de Gemma Lienas i <em>Connexions<\/em> d&#8217;Elisabeth Stewarrt.<\/p>\n<p>Les votacions van quedar de la seg\u00fcent manera:<\/p>\n<p style=\"text-align: center;\"><a href=\"http:\/\/agora.xtec.cat\/insllicamunt2\/wp-content\/uploads\/usu1100\/2017\/05\/P1090712def.jpg\"><img loading=\"lazy\" decoding=\"async\" class=\"aligncenter size-full wp-image-6242\" src=\"http:\/\/agora.xtec.cat\/insllicamunt2\/wp-content\/uploads\/usu1100\/2017\/05\/P1090712def.jpg\" alt=\"P1090712def\" width=\"600\" height=\"450\" srcset=\"https:\/\/agora.xtec.cat\/insllicamunt2\/wp-content\/uploads\/usu1100\/2017\/05\/P1090712def.jpg 600w, https:\/\/agora.xtec.cat\/insllicamunt2\/wp-content\/uploads\/usu1100\/2017\/05\/P1090712def-300x225.jpg 300w, https:\/\/agora.xtec.cat\/insllicamunt2\/wp-content\/uploads\/usu1100\/2017\/05\/P1090712def-200x150.jpg 200w\" sizes=\"auto, (max-width: 600px) 100vw, 600px\" \/><\/a><\/p>\n<p style=\"text-align: center;\"><a href=\"http:\/\/agora.xtec.cat\/insllicamunt2\/wp-content\/uploads\/usu1100\/2017\/05\/P1090713def.jpg\"><img loading=\"lazy\" decoding=\"async\" class=\"aligncenter size-full wp-image-6243\" src=\"http:\/\/agora.xtec.cat\/insllicamunt2\/wp-content\/uploads\/usu1100\/2017\/05\/P1090713def.jpg\" alt=\"P1090713def\" width=\"600\" height=\"450\" srcset=\"https:\/\/agora.xtec.cat\/insllicamunt2\/wp-content\/uploads\/usu1100\/2017\/05\/P1090713def.jpg 600w, https:\/\/agora.xtec.cat\/insllicamunt2\/wp-content\/uploads\/usu1100\/2017\/05\/P1090713def-300x225.jpg 300w, https:\/\/agora.xtec.cat\/insllicamunt2\/wp-content\/uploads\/usu1100\/2017\/05\/P1090713def-200x150.jpg 200w\" sizes=\"auto, (max-width: 600px) 100vw, 600px\" \/><\/a><\/p>\n<p style=\"text-align: justify;\">Despr\u00e9s i durant la votaci\u00f3 l&#8217;alumnat va fer un petit debat i va donar l&#8217;opini\u00f3 dels diferents llibres. En podem veure un petit fragment tot seguit:<\/p>\n<p style=\"text-align: center;\"><iframe loading=\"lazy\" src=\"\/\/www.youtube.com\/embed\/U-ZusJpPBsA\" width=\"640\" height=\"360\" frameborder=\"0\" allowfullscreen=\"allowfullscreen\"><\/iframe><\/p>\n<p style=\"text-align: justify;\">I ja tenim guanyadors! Els llibres m\u00e9s votats pels lectors de tot Catalunya han estat <em>Un monstre em ve a veure<\/em> i <em>Les pereres fan la flor blanca<\/em>!<\/p>\n<p style=\"text-align: justify;\">Finalment, ens han fet arribar el model per als diplomes als lectors i lectores, que hem repartit avui, divendres, 2 de juny a la mateixa hora del PLEC.<\/p>\n<p style=\"text-align: justify;\">\n<p><a href=\"http:\/\/agora.xtec.cat\/insllicamunt2\/wp-content\/uploads\/usu1100\/2017\/06\/P1100835def1.jpg\"><img loading=\"lazy\" decoding=\"async\" class=\"size-full wp-image-6246 alignleft\" src=\"http:\/\/agora.xtec.cat\/insllicamunt2\/wp-content\/uploads\/usu1100\/2017\/06\/P1100835def1.jpg\" alt=\"P1100835def1\" width=\"300\" height=\"225\" srcset=\"https:\/\/agora.xtec.cat\/insllicamunt2\/wp-content\/uploads\/usu1100\/2017\/06\/P1100835def1.jpg 300w, https:\/\/agora.xtec.cat\/insllicamunt2\/wp-content\/uploads\/usu1100\/2017\/06\/P1100835def1-200x150.jpg 200w\" sizes=\"auto, (max-width: 300px) 100vw, 300px\" \/><\/a><a href=\"http:\/\/agora.xtec.cat\/insllicamunt2\/wp-content\/uploads\/usu1100\/2017\/06\/P1100836def1.jpg\"><img loading=\"lazy\" decoding=\"async\" class=\"size-full wp-image-6245 alignright\" src=\"http:\/\/agora.xtec.cat\/insllicamunt2\/wp-content\/uploads\/usu1100\/2017\/06\/P1100836def1.jpg\" alt=\"P1100836def1\" width=\"300\" height=\"225\" srcset=\"https:\/\/agora.xtec.cat\/insllicamunt2\/wp-content\/uploads\/usu1100\/2017\/06\/P1100836def1.jpg 300w, https:\/\/agora.xtec.cat\/insllicamunt2\/wp-content\/uploads\/usu1100\/2017\/06\/P1100836def1-200x150.jpg 200w\" sizes=\"auto, (max-width: 300px) 100vw, 300px\" \/><\/a><\/p>\n","protected":false},"excerpt":{"rendered":"<p>Per segon any consecutiu hem participal al Premi de Literatura Juvenil Protagonista Jove en la seva 21 edici\u00f3 organitzat pel Consell Catal\u00e0 del Llibre infantil i juvenil.<br \/>\nDurant el PLEC alguns alumnes voluntaris de 2n van participar fent la lectura dels 4 llibres proposats a la&hellip;  <a href=\"https:\/\/agora.xtec.cat\/insllicamunt2\/el-far-dhipatia\/grups\/llegim-i-donem-premi\/\" title=\"Read Llegim i donem premi!\">Llegeix m\u00e9s\u00bb<\/a><\/p>\n","protected":false},"author":242,"featured_media":6248,"comment_status":"open","ping_status":"closed","sticky":false,"template":"","format":"standard","meta":{"_bbp_topic_count":0,"_bbp_reply_count":0,"_bbp_total_topic_count":0,"_bbp_total_reply_count":0,"_bbp_voice_count":0,"_bbp_anonymous_reply_count":0,"_bbp_topic_count_hidden":0,"_bbp_reply_count_hidden":0,"_bbp_forum_subforum_count":0,"footnotes":""},"categories":[5,6,7,93,408,99,401,349,1040,3,409,98,29,97],"tags":[284,854,279,913,730,965,429,516,517,1339,1457],"class_list":["post-6019","post","type-post","status-publish","format-standard","has-post-thumbnail","hentry","category-2n-deso","category-3r-deso","category-4t-deso","category-activitats-daula","category-al-voltant-de-la-lectura","category-articles","category-la-biblioteca-dalexandria","category-catala","category-el-far-dhipatia","category-grups","category-lectura-recomanada","category-noticies-breus","category-portada","category-premis-i-concursos","tag-2n-deso","tag-3r-deso","tag-4t-deso","tag-al-voltant-de-la-lectura","tag-biblioteca-ca-loliveres","tag-biblioteca-dalexandria","tag-catala","tag-ilec","tag-impuls-a-la-lectura","tag-lectura-recomanada","tag-premi-protagonista-jove"],"post_mailing_queue_ids":[],"_links":{"self":[{"href":"https:\/\/agora.xtec.cat\/insllicamunt2\/wp-json\/wp\/v2\/posts\/6019","targetHints":{"allow":["GET"]}}],"collection":[{"href":"https:\/\/agora.xtec.cat\/insllicamunt2\/wp-json\/wp\/v2\/posts"}],"about":[{"href":"https:\/\/agora.xtec.cat\/insllicamunt2\/wp-json\/wp\/v2\/types\/post"}],"author":[{"embeddable":true,"href":"https:\/\/agora.xtec.cat\/insllicamunt2\/wp-json\/wp\/v2\/users\/242"}],"replies":[{"embeddable":true,"href":"https:\/\/agora.xtec.cat\/insllicamunt2\/wp-json\/wp\/v2\/comments?post=6019"}],"version-history":[{"count":3,"href":"https:\/\/agora.xtec.cat\/insllicamunt2\/wp-json\/wp\/v2\/posts\/6019\/revisions"}],"predecessor-version":[{"id":6250,"href":"https:\/\/agora.xtec.cat\/insllicamunt2\/wp-json\/wp\/v2\/posts\/6019\/revisions\/6250"}],"wp:featuredmedia":[{"embeddable":true,"href":"https:\/\/agora.xtec.cat\/insllicamunt2\/wp-json\/wp\/v2\/media\/6248"}],"wp:attachment":[{"href":"https:\/\/agora.xtec.cat\/insllicamunt2\/wp-json\/wp\/v2\/media?parent=6019"}],"wp:term":[{"taxonomy":"category","embeddable":true,"href":"https:\/\/agora.xtec.cat\/insllicamunt2\/wp-json\/wp\/v2\/categories?post=6019"},{"taxonomy":"post_tag","embeddable":true,"href":"https:\/\/agora.xtec.cat\/insllicamunt2\/wp-json\/wp\/v2\/tags?post=6019"}],"curies":[{"name":"wp","href":"https:\/\/api.w.org\/{rel}","templated":true}]}}